{"id":123668,"date":"2017-11-08T11:58:35","date_gmt":"2017-11-08T13:58:35","guid":{"rendered":"http:\/\/aconteceunovale.com.br\/portal\/?p=123668"},"modified":"2017-11-08T11:58:35","modified_gmt":"2017-11-08T13:58:35","slug":"tres-agencias-dos-correios-sao-alvos-de-bandidos-no-norte-de-minas","status":"publish","type":"post","link":"https:\/\/aconteceunovale.com.br\/portal\/?p=123668","title":{"rendered":"Tr\u00eas ag\u00eancias dos Correios s\u00e3o alvos de bandidos no Norte de Minas"},"content":{"rendered":"<p>Bandidos explodiram uma ag\u00eancia dos Correios na madrugada desta quarta-feira (08\/11\/2017), em Padre Carvalho, na regi\u00e3o Norte de Minas Gerais. Ainda n\u00e3o se sabe se os bandidos conseguiram levar algum valor, mas a ag\u00eancia ficou danificada com a explos\u00e3o. De acordo com informa\u00e7\u00f5es da Pol\u00edcia Militar (PM), os envolvidos estavam em tr\u00eas carros e fugiram em dire\u00e7\u00e3o \u00e0 rodovia BR-251. A ocorr\u00eancia est\u00e1 em andamento e os policiais fazem o cerco-bloqueio para localizar os autores.<\/p>\n<p>A explos\u00e3o aconteceu por volta das 3h. Houve disparos de arma de fogo, mas ningu\u00e9m ficou ferido. No local, os militares apreenderam sete explosivos. O Batalh\u00e3o de Opera\u00e7\u00f5es Especiais da Pol\u00edcia Militar de Belo Horizonte foi acionado para desarmar os artefatos.<\/p>\n<p><img decoding=\"async\" src=\"http:\/\/aconteceunovale.com.br\/portal\/wp-content\/uploads\/2017\/11\/correios_pc_1.jpg\" alt=\"\" \/><em>Ag\u00eancia de Padre Carvalho foi alvo de bandidos (Foto: Pol\u00edcia Militar\/Divulga\u00e7\u00e3o)<\/em><br \/>\n<\/br><\/p>\n<p><img decoding=\"async\" src=\"http:\/\/aconteceunovale.com.br\/portal\/wp-content\/uploads\/2017\/11\/correios_pc_2.jpg\" alt=\"\" \/><em>Militares apreenderam explosivos no local (Foto: Pol\u00edcia Militar\/Divulga\u00e7\u00e3o)<\/em><br \/>\n<\/br><\/p>\n<h4>Em Manga<\/h4>\n<p>Em Manga, nessa ter\u00e7a-feira (7), dois homens roubaram uma ag\u00eancia dos Correios, no centro da cidade. De acordo com a Pol\u00edcia Militar, uma funcion\u00e1ria disse que um dos autores estava armado. O valor levado do estabelecimento n\u00e3o foi informado.<\/p>\n<p>Os dois homens estavam em uma motocicleta e fugiram sentido Avenida Montalv\u00e2nia. C\u00e2meras de seguran\u00e7a poder\u00e3o ajudar nas investiga\u00e7\u00f5es. A pol\u00edcia j\u00e1 tem pistas de um suspeito.<\/p>\n<h4>Em Varzel\u00e2ndia<\/h4>\n<p>Tamb\u00e9m nessa ter\u00e7a (7), na Rua S\u00e3o Paulo, no Centro de Varzel\u00e2ndia, uma ag\u00eancia dos Correios foi roubada por dois criminosos; a quantia levada n\u00e3o foi divulgada. De acordo com a Pol\u00edcia Militar, clientes que aguardavam pelo atendimento tamb\u00e9m foram roubados; de um rapaz de 24 anos foram levados aproximadamente mil reais.<\/p>\n<p>A Pol\u00edcia Federal investigar\u00e1 os tr\u00eas crimes.<\/p>\n<p><strong>VER PRIMEIRO<\/strong><\/p>\n<p>Receba as not\u00edcias do Aconteceu no Vale em primeira m\u00e3o. Clique em curtir no endere\u00e7o <a href=\"https:\/\/www.facebook.com\/aconteceunovale\" target=\"_blank\"><font color=\"red\">www.facebook.com\/aconteceunovale<\/font><\/a> ou no box abaixo:<\/p>\n<div class=\"fb-like\" data-href=\"https:\/\/www.facebook.com\/aconteceunovale\" data-width=\"120\" data-layout=\"standard\" data-action=\"like\" data-size=\"small\" data-show-faces=\"true\" data-share=\"true\"><\/div>\n<p><\/br><\/p>\n<p><em>(Fonte: G1 Grande Minas)<\/em><\/p>\n","protected":false},"excerpt":{"rendered":"<p>Bandidos explodiram uma ag\u00eancia dos Correios na madrugada desta quarta-feira (08\/11\/2017), em Padre Carvalho, na regi\u00e3o Norte de Minas Gerais. Ainda n\u00e3o se sabe se os bandidos conseguiram levar algum valor, mas a ag\u00eancia ficou danificada com a explos\u00e3o. De acordo com informa\u00e7\u00f5es da Pol\u00edcia Militar (PM), os envolvidos estavam em tr\u00eas carros e fugiram [&hellip;]<\/p>\n","protected":false},"author":1,"featured_media":123669,"comment_status":"open","ping_status":"closed","sticky":false,"template":"","format":"standard","meta":{"amp_status":"","footnotes":""},"categories":[1236],"tags":[163625,163623,163628,49380,163622,147378,1356,877,163626,163624,163627,49381,163255,147379,163629,1713],"class_list":["post-123668","post","type-post","status-publish","format-standard","has-post-thumbnail","hentry","category-norte_de_minas","tag-assalto-correios-manga","tag-assalto-correios-padre-carvalho","tag-assalto-correios-varzelandia","tag-assalto-manga","tag-assalto-padre-carvalho","tag-assalto-varzelandia","tag-manga","tag-padre-carvalho","tag-roubo-correios-manga","tag-roubo-correios-padre-carvalho","tag-roubo-correios-varzelandia","tag-roubo-manga","tag-roubo-padre-carvalho","tag-roubo-varzelandia","tag-tres-agencias-dos-correios-sao-alvos-de-bandidos-no-norte-de-minas","tag-varzelandia"],"_links":{"self":[{"href":"https:\/\/aconteceunovale.com.br\/portal\/index.php?rest_route=\/wp\/v2\/posts\/123668","targetHints":{"allow":["GET"]}}],"collection":[{"href":"https:\/\/aconteceunovale.com.br\/portal\/index.php?rest_route=\/wp\/v2\/posts"}],"about":[{"href":"https:\/\/aconteceunovale.com.br\/portal\/index.php?rest_route=\/wp\/v2\/types\/post"}],"author":[{"embeddable":true,"href":"https:\/\/aconteceunovale.com.br\/portal\/index.php?rest_route=\/wp\/v2\/users\/1"}],"replies":[{"embeddable":true,"href":"https:\/\/aconteceunovale.com.br\/portal\/index.php?rest_route=%2Fwp%2Fv2%2Fcomments&post=123668"}],"version-history":[{"count":0,"href":"https:\/\/aconteceunovale.com.br\/portal\/index.php?rest_route=\/wp\/v2\/posts\/123668\/revisions"}],"wp:featuredmedia":[{"embeddable":true,"href":"https:\/\/aconteceunovale.com.br\/portal\/index.php?rest_route=\/wp\/v2\/media\/123669"}],"wp:attachment":[{"href":"https:\/\/aconteceunovale.com.br\/portal\/index.php?rest_route=%2Fwp%2Fv2%2Fmedia&parent=123668"}],"wp:term":[{"taxonomy":"category","embeddable":true,"href":"https:\/\/aconteceunovale.com.br\/portal\/index.php?rest_route=%2Fwp%2Fv2%2Fcategories&post=123668"},{"taxonomy":"post_tag","embeddable":true,"href":"https:\/\/aconteceunovale.com.br\/portal\/index.php?rest_route=%2Fwp%2Fv2%2Ftags&post=123668"}],"curies":[{"name":"wp","href":"https:\/\/api.w.org\/{rel}","templated":true}]}}