{"id":123663,"date":"2017-11-08T11:42:08","date_gmt":"2017-11-08T13:42:08","guid":{"rendered":"http:\/\/aconteceunovale.com.br\/portal\/?p=123663"},"modified":"2017-11-08T11:42:08","modified_gmt":"2017-11-08T13:42:08","slug":"diario-oficial-publica-lei-que-institui-o-dezembro-vermelho","status":"publish","type":"post","link":"https:\/\/aconteceunovale.com.br\/portal\/?p=123663","title":{"rendered":"Di\u00e1rio Oficial publica lei que institui o Dezembro Vermelho"},"content":{"rendered":"<p>A lei que institui a campanha nacional de preven\u00e7\u00e3o ao HIV\/aids e outras infec\u00e7\u00f5es sexualmente transmiss\u00edveis, denominada Dezembro Vermelho, est\u00e1 publicada no Di\u00e1rio Oficial da Uni\u00e3o desta quarta-feira (8).<\/p>\n<p>De acordo com a lei, sancionada pelo presidente Michel Temer, a campanha ter\u00e1 foco na preven\u00e7\u00e3o, assist\u00eancia, prote\u00e7\u00e3o e promo\u00e7\u00e3o dos direitos humanos das pessoas que vivem com HIV\/aids e ser\u00e1 constitu\u00edda de um conjunto de atividades e mobiliza\u00e7\u00f5es relacionadas ao enfrentamento da doen\u00e7a.<\/p>\n<p>As atividades e mobiliza\u00e7\u00f5es da campanha ser\u00e3o desenvolvidas de acordo com os princ\u00edpios do Sistema \u00danico de Sa\u00fade(SUS), de modo integrado em toda a administra\u00e7\u00e3o p\u00fablica, com entidades da sociedade civil organizada e organismos internacionais.<\/p>\n<p>Entre outras a\u00e7\u00f5es, est\u00e3o previstas a ilumina\u00e7\u00e3o de pr\u00e9dios p\u00fablicos com luzes de cor vermelha, promo\u00e7\u00e3o de palestras e atividades educativas, realiza\u00e7\u00e3o de eventos que tratem do tema e veicula\u00e7\u00e3o de campanhas na m\u00eddia.<\/p>\n<p><strong>VER PRIMEIRO<\/strong><\/p>\n<p>Receba as not\u00edcias do Aconteceu no Vale em primeira m\u00e3o. Clique em curtir no endere\u00e7o <a href=\"https:\/\/www.facebook.com\/aconteceunovale\" target=\"_blank\"><font color=\"red\">www.facebook.com\/aconteceunovale<\/font><\/a> ou no box abaixo:<\/p>\n<div class=\"fb-like\" data-href=\"https:\/\/www.facebook.com\/aconteceunovale\" data-width=\"120\" data-layout=\"standard\" data-action=\"like\" data-size=\"small\" data-show-faces=\"true\" data-share=\"true\"><\/div>\n<p><\/br><\/p>\n<p><em>(Fonte: Ag\u00eancia Brasil)<\/em><\/p>\n","protected":false},"excerpt":{"rendered":"<p>A lei que institui a campanha nacional de preven\u00e7\u00e3o ao HIV\/aids e outras infec\u00e7\u00f5es sexualmente transmiss\u00edveis, denominada Dezembro Vermelho, est\u00e1 publicada no Di\u00e1rio Oficial da Uni\u00e3o desta quarta-feira (8). De acordo com a lei, sancionada pelo presidente Michel Temer, a campanha ter\u00e1 foco na preven\u00e7\u00e3o, assist\u00eancia, prote\u00e7\u00e3o e promo\u00e7\u00e3o dos direitos humanos das pessoas que [&hellip;]<\/p>\n","protected":false},"author":1,"featured_media":123664,"comment_status":"open","ping_status":"closed","sticky":false,"template":"","format":"standard","meta":{"amp_status":"","footnotes":""},"categories":[6,40242],"tags":[15623,163613,163614,24625,25866],"class_list":["post-123663","post","type-post","status-publish","format-standard","has-post-thumbnail","hentry","category-br","category-saude-2","tag-campanha","tag-dezembro-vermelho","tag-diario-oficial-publica-lei-que-institui-o-dezembro-vermelho","tag-hivaids","tag-prevencao"],"_links":{"self":[{"href":"https:\/\/aconteceunovale.com.br\/portal\/index.php?rest_route=\/wp\/v2\/posts\/123663","targetHints":{"allow":["GET"]}}],"collection":[{"href":"https:\/\/aconteceunovale.com.br\/portal\/index.php?rest_route=\/wp\/v2\/posts"}],"about":[{"href":"https:\/\/aconteceunovale.com.br\/portal\/index.php?rest_route=\/wp\/v2\/types\/post"}],"author":[{"embeddable":true,"href":"https:\/\/aconteceunovale.com.br\/portal\/index.php?rest_route=\/wp\/v2\/users\/1"}],"replies":[{"embeddable":true,"href":"https:\/\/aconteceunovale.com.br\/portal\/index.php?rest_route=%2Fwp%2Fv2%2Fcomments&post=123663"}],"version-history":[{"count":0,"href":"https:\/\/aconteceunovale.com.br\/portal\/index.php?rest_route=\/wp\/v2\/posts\/123663\/revisions"}],"wp:featuredmedia":[{"embeddable":true,"href":"https:\/\/aconteceunovale.com.br\/portal\/index.php?rest_route=\/wp\/v2\/media\/123664"}],"wp:attachment":[{"href":"https:\/\/aconteceunovale.com.br\/portal\/index.php?rest_route=%2Fwp%2Fv2%2Fmedia&parent=123663"}],"wp:term":[{"taxonomy":"category","embeddable":true,"href":"https:\/\/aconteceunovale.com.br\/portal\/index.php?rest_route=%2Fwp%2Fv2%2Fcategories&post=123663"},{"taxonomy":"post_tag","embeddable":true,"href":"https:\/\/aconteceunovale.com.br\/portal\/index.php?rest_route=%2Fwp%2Fv2%2Ftags&post=123663"}],"curies":[{"name":"wp","href":"https:\/\/api.w.org\/{rel}","templated":true}]}}