{"id":123656,"date":"2017-11-08T00:06:59","date_gmt":"2017-11-08T02:06:59","guid":{"rendered":"http:\/\/aconteceunovale.com.br\/portal\/?p=123656"},"modified":"2017-11-08T00:06:59","modified_gmt":"2017-11-08T02:06:59","slug":"cpf-podera-ser-adotado-como-identificacao-nacional-do-cidadao","status":"publish","type":"post","link":"https:\/\/aconteceunovale.com.br\/portal\/?p=123656","title":{"rendered":"CPF poder\u00e1 ser adotado como identifica\u00e7\u00e3o nacional do cidad\u00e3o"},"content":{"rendered":"<p>A apresenta\u00e7\u00e3o de um \u00fanico documento para diferentes servi\u00e7os pode ser uma realidade para os brasileiros.\u00a0 Nessa segunda-feira (6), o\u00a0Comit\u00ea Gestor da Identifica\u00e7\u00e3o Civil Nacional (ICN) publicou uma\u00a0<span style=\"text-decoration: underline;\"><span style=\"color: #ff0000;\"><a title=\"\" href=\"http:\/\/www.tse.jus.br\/servicos-judiciais\/publicacoes-oficiais\/diario-da-justica-eletronico\/diario-da-justica-eletronico-1\" target=\"_self\"><span style=\"color: #ff0000; text-decoration: underline;\">resolu\u00e7\u00e3o<\/span><\/a><\/span><\/span>\u00a0que recomenda o CPF como documento nacional do cidad\u00e3o.<\/p>\n<p>Cada n\u00famero de CPF estar\u00e1 vinculado aos dados biom\u00e9tricos de cada pessoa, garantindo a unicidade dos registros e a seguran\u00e7a da identifica\u00e7\u00e3o. A medida ser\u00e1 poss\u00edvel a partir de integra\u00e7\u00e3o entre os registros que comp\u00f5em a base do Cadastro de Pessoa F\u00edsica, gerida pela Secretaria da Receita Federal, com os registros da base de dados da ICN, gerida pelo Tribunal Superior Eleitoral (TSE).<\/p>\n<p>A decis\u00e3o apresenta menor custo para os cidad\u00e3os, empresas e \u00f3rg\u00e3os p\u00fablicos,\u00a0e vai propiciar a simplifica\u00e7\u00e3o e a\u00a0amplia\u00e7\u00e3o no acesso a diversos servi\u00e7os.<\/p>\n<h4><strong>Identifica\u00e7\u00e3o Civil Nacional<\/strong><\/h4>\n<p>O Comit\u00ea Gestor da Identifica\u00e7\u00e3o Civil Nacional (ICN) foi criado pela Lei n\u00ba 13.444\/2017 e \u00e9\u00a0formado por representantes do TSE, dos\u00a0Poderes Executivo e Legislativo\u00a0e do Conselho Nacional de Justi\u00e7a.<\/p>\n<p>O comit\u00ea deu in\u00edcio ao debate com \u00f3rg\u00e3os estaduais de identifica\u00e7\u00e3o civil para defini\u00e7\u00e3o dos padr\u00f5es t\u00e9cnicos para opera\u00e7\u00e3o da base biom\u00e9trica e gera\u00e7\u00e3o do CPF na emiss\u00e3o dos documentos de identidade.<\/p>\n<p><strong>VER PRIMEIRO<\/strong><\/p>\n<p>Receba as not\u00edcias do Aconteceu no Vale em primeira m\u00e3o. Clique em curtir no endere\u00e7o <a href=\"https:\/\/www.facebook.com\/aconteceunovale\" target=\"_blank\"><font color=\"red\">www.facebook.com\/aconteceunovale<\/font><\/a> ou no box abaixo:<\/p>\n<div class=\"fb-like\" data-href=\"https:\/\/www.facebook.com\/aconteceunovale\" data-width=\"120\" data-layout=\"standard\" data-action=\"like\" data-size=\"small\" data-show-faces=\"true\" data-share=\"true\"><\/div>\n<p><\/br><\/p>\n<p><em>(Fonte: Governo do Brasil)<\/em><\/p>\n","protected":false},"excerpt":{"rendered":"<p>A apresenta\u00e7\u00e3o de um \u00fanico documento para diferentes servi\u00e7os pode ser uma realidade para os brasileiros.\u00a0 Nessa segunda-feira (6), o\u00a0Comit\u00ea Gestor da Identifica\u00e7\u00e3o Civil Nacional (ICN) publicou uma\u00a0resolu\u00e7\u00e3o\u00a0que recomenda o CPF como documento nacional do cidad\u00e3o. Cada n\u00famero de CPF estar\u00e1 vinculado aos dados biom\u00e9tricos de cada pessoa, garantindo a unicidade dos registros e a [&hellip;]<\/p>\n","protected":false},"author":1,"featured_media":63405,"comment_status":"open","ping_status":"closed","sticky":false,"template":"","format":"standard","meta":{"amp_status":"","footnotes":""},"categories":[6],"tags":[163605,27752,163608,163606,163603,163607,163602,163604],"class_list":["post-123656","post","type-post","status-publish","format-standard","has-post-thumbnail","hentry","category-br","tag-comite-gestor-da-identificacao-civil-nacional","tag-cpf","tag-cpf-podera-ser-adotado-como-identificacao-nacional-do-cidadao","tag-icn","tag-identidade-nacional-cpf","tag-lei-no-13-4442017","tag-recomenda-o-cpf-como-documento-nacional-do-cidadao","tag-uso-do-cpf"],"_links":{"self":[{"href":"https:\/\/aconteceunovale.com.br\/portal\/index.php?rest_route=\/wp\/v2\/posts\/123656","targetHints":{"allow":["GET"]}}],"collection":[{"href":"https:\/\/aconteceunovale.com.br\/portal\/index.php?rest_route=\/wp\/v2\/posts"}],"about":[{"href":"https:\/\/aconteceunovale.com.br\/portal\/index.php?rest_route=\/wp\/v2\/types\/post"}],"author":[{"embeddable":true,"href":"https:\/\/aconteceunovale.com.br\/portal\/index.php?rest_route=\/wp\/v2\/users\/1"}],"replies":[{"embeddable":true,"href":"https:\/\/aconteceunovale.com.br\/portal\/index.php?rest_route=%2Fwp%2Fv2%2Fcomments&post=123656"}],"version-history":[{"count":0,"href":"https:\/\/aconteceunovale.com.br\/portal\/index.php?rest_route=\/wp\/v2\/posts\/123656\/revisions"}],"wp:featuredmedia":[{"embeddable":true,"href":"https:\/\/aconteceunovale.com.br\/portal\/index.php?rest_route=\/wp\/v2\/media\/63405"}],"wp:attachment":[{"href":"https:\/\/aconteceunovale.com.br\/portal\/index.php?rest_route=%2Fwp%2Fv2%2Fmedia&parent=123656"}],"wp:term":[{"taxonomy":"category","embeddable":true,"href":"https:\/\/aconteceunovale.com.br\/portal\/index.php?rest_route=%2Fwp%2Fv2%2Fcategories&post=123656"},{"taxonomy":"post_tag","embeddable":true,"href":"https:\/\/aconteceunovale.com.br\/portal\/index.php?rest_route=%2Fwp%2Fv2%2Ftags&post=123656"}],"curies":[{"name":"wp","href":"https:\/\/api.w.org\/{rel}","templated":true}]}}