{"id":123651,"date":"2017-11-07T23:50:27","date_gmt":"2017-11-08T01:50:27","guid":{"rendered":"http:\/\/aconteceunovale.com.br\/portal\/?p=123651"},"modified":"2017-11-07T23:50:27","modified_gmt":"2017-11-08T01:50:27","slug":"em-video-michel-temer-pede-apoio-da-populacao-para-reforma-da-previdencia","status":"publish","type":"post","link":"https:\/\/aconteceunovale.com.br\/portal\/?p=123651","title":{"rendered":"Em v\u00eddeo, Michel Temer pede apoio da popula\u00e7\u00e3o para reforma da Previd\u00eancia"},"content":{"rendered":"<p>Em v\u00eddeo divulgado no Twitter, o presidente Michel Temer pediu na noite de hoje (7\/11\/2017) apoio aos cidad\u00e3os do pa\u00eds para aprovar a reforma da Previd\u00eancia, em tramita\u00e7\u00e3o no Congresso Nacional. Depois de reuni\u00f5es com l\u00edderes da C\u00e2mara dos Deputados, ontem, e do Senado, hoje, o governo j\u00e1 admite mudan\u00e7as no texto da reforma para que, pelo menos, parte dela seja aprovada ainda este ano. Como se trata de emenda Constitucional, para aprovar a reforma na C\u00e2mara ser\u00e3o necess\u00e1rios, pelo menos, 308 votos favor\u00e1veis.<\/p>\n<p>\u201cVoc\u00ea, meu amigo que est\u00e1 me ouvindo, quando possa, converse com seu amigo, no seu trabalho, na sua atividade, na sua casa, converse onde estiver, mostrando a todos que a reforma previdenci\u00e1ria \u00e9 fundamental para o nosso pa\u00eds, para que ele continue a desenvolver-se, como vem desenvolvendo at\u00e9 o presente momento\u201d, disse Temer.<\/p>\n<p>No v\u00eddeo, Temer ressalta a import\u00e2ncia da reforma, mas diz que o governo \u201ccumpriu seu dever\u201d ao enviar o texto ao Parlamente, em uma sinaliza\u00e7\u00e3o de que a responsabilidade, agora, \u00e9 de deputados e senadores.<\/p>\n<p>\u201cN\u00f3s fizemos reformas importante para o Estado brasileiro e n\u00e3o \u00e9 sem raz\u00e3o que o Estado brasileiro come\u00e7ou a crescer, os pre\u00e7os baixaram, o emprego est\u00e1 voltando, os juros ca\u00edram e o Brasil est\u00e1 no caminho certo. O governo cumpriu o seu dever, remeteu ao Congresso Nacional a reforma da Previd\u00eancia. Tenho conversado muito sobre isso\u201d, disse o presidente no v\u00eddeo.<\/p>\n<p>Na rede social, Temer disse ainda que, nas reuni\u00f5es com os l\u00edderes da C\u00e2mara e do Senado, percebeu a disposi\u00e7\u00e3o deles em aprovar a reforma previdenci\u00e1ria e que \u201ctoda a sua energia\u201d ser\u00e1 voltada para isso.<\/p>\n<p>\u201cUma reforma que d\u00ea oportunidades iguais para todos, ou seja, uma Previd\u00eancia igual para todos os brasileiros, cortando privil\u00e9gios, e tamb\u00e9m estamos fazendo um esfor\u00e7o para que hoje e no futuro os aposentados possam receber suas pens\u00f5es, aqueles que vieram aposentar tamb\u00e9m possam receber. E tenho absoluta convic\u00e7\u00e3o. Quero transmitir a ideia de que toda a minha energia est\u00e1 voltada para concluir a reforma da Previd\u00eancia\u201d, disse Temer.<\/p>\n<blockquote class=\"twitter-video\" data-lang=\"pt\">\n<p lang=\"pt\" dir=\"ltr\">Toda minha energia est\u00e1 voltada p\/ concluir a reforma da Previd\u00eancia. Queremos garantir oportunidades iguais p\/ todos e cortar privil\u00e9gios. <a href=\"https:\/\/t.co\/SoIiuKpILs\">pic.twitter.com\/SoIiuKpILs<\/a><\/p>\n<p>&mdash; Michel Temer (@MichelTemer) <a href=\"https:\/\/twitter.com\/MichelTemer\/status\/928023211530481666?ref_src=twsrc%5Etfw\">7 de novembro de 2017<\/a><\/p><\/blockquote>\n<p><script async src=\"https:\/\/platform.twitter.com\/widgets.js\" charset=\"utf-8\"><\/script><br \/>\n<\/br><\/p>\n<p><strong>VER PRIMEIRO<\/strong><\/p>\n<p>Receba as not\u00edcias do Aconteceu no Vale em primeira m\u00e3o. Clique em curtir no endere\u00e7o <a href=\"https:\/\/www.facebook.com\/aconteceunovale\" target=\"_blank\"><font color=\"red\">www.facebook.com\/aconteceunovale<\/font><\/a> ou no box abaixo:<\/p>\n<div class=\"fb-like\" data-href=\"https:\/\/www.facebook.com\/aconteceunovale\" data-width=\"120\" data-layout=\"standard\" data-action=\"like\" data-size=\"small\" data-show-faces=\"true\" data-share=\"true\"><\/div>\n<p><\/br><\/p>\n<p><em>(Fonte: Ag\u00eancia Brasil)<\/em><\/p>\n","protected":false},"excerpt":{"rendered":"<p>Em v\u00eddeo divulgado no Twitter, o presidente Michel Temer pediu na noite de hoje (7\/11\/2017) apoio aos cidad\u00e3os do pa\u00eds para aprovar a reforma da Previd\u00eancia, em tramita\u00e7\u00e3o no Congresso Nacional. Depois de reuni\u00f5es com l\u00edderes da C\u00e2mara dos Deputados, ontem, e do Senado, hoje, o governo j\u00e1 admite mudan\u00e7as no texto da reforma para [&hellip;]<\/p>\n","protected":false},"author":1,"featured_media":123652,"comment_status":"open","ping_status":"closed","sticky":false,"template":"","format":"standard","meta":{"amp_status":"","footnotes":""},"categories":[6],"tags":[163595,163592,163594,20181,163596,110209,163593,13748],"class_list":["post-123651","post","type-post","status-publish","format-standard","has-post-thumbnail","hentry","category-br","tag-apoio-reforma-da-previdencia","tag-em-video","tag-mensagem-por-video","tag-michel-temer","tag-michel-temer-pede-apoio-da-populacao-para-reforma-da-previdencia","tag-reforma-da-previdencia","tag-temer-pede-apoio-da-populacao-para-reforma-da-previdencia","tag-twitter"],"_links":{"self":[{"href":"https:\/\/aconteceunovale.com.br\/portal\/index.php?rest_route=\/wp\/v2\/posts\/123651","targetHints":{"allow":["GET"]}}],"collection":[{"href":"https:\/\/aconteceunovale.com.br\/portal\/index.php?rest_route=\/wp\/v2\/posts"}],"about":[{"href":"https:\/\/aconteceunovale.com.br\/portal\/index.php?rest_route=\/wp\/v2\/types\/post"}],"author":[{"embeddable":true,"href":"https:\/\/aconteceunovale.com.br\/portal\/index.php?rest_route=\/wp\/v2\/users\/1"}],"replies":[{"embeddable":true,"href":"https:\/\/aconteceunovale.com.br\/portal\/index.php?rest_route=%2Fwp%2Fv2%2Fcomments&post=123651"}],"version-history":[{"count":0,"href":"https:\/\/aconteceunovale.com.br\/portal\/index.php?rest_route=\/wp\/v2\/posts\/123651\/revisions"}],"wp:featuredmedia":[{"embeddable":true,"href":"https:\/\/aconteceunovale.com.br\/portal\/index.php?rest_route=\/wp\/v2\/media\/123652"}],"wp:attachment":[{"href":"https:\/\/aconteceunovale.com.br\/portal\/index.php?rest_route=%2Fwp%2Fv2%2Fmedia&parent=123651"}],"wp:term":[{"taxonomy":"category","embeddable":true,"href":"https:\/\/aconteceunovale.com.br\/portal\/index.php?rest_route=%2Fwp%2Fv2%2Fcategories&post=123651"},{"taxonomy":"post_tag","embeddable":true,"href":"https:\/\/aconteceunovale.com.br\/portal\/index.php?rest_route=%2Fwp%2Fv2%2Ftags&post=123651"}],"curies":[{"name":"wp","href":"https:\/\/api.w.org\/{rel}","templated":true}]}}