{"id":123614,"date":"2017-11-07T20:31:02","date_gmt":"2017-11-07T22:31:02","guid":{"rendered":"http:\/\/aconteceunovale.com.br\/portal\/?p=123614"},"modified":"2017-11-07T20:31:02","modified_gmt":"2017-11-07T22:31:02","slug":"agua-do-rio-doce-esta-impropria-para-consumo-dois-anos-apos-tragedia-de-mariana","status":"publish","type":"post","link":"https:\/\/aconteceunovale.com.br\/portal\/?p=123614","title":{"rendered":"\u00c1gua do Rio Doce est\u00e1 impr\u00f3pria para consumo dois anos ap\u00f3s trag\u00e9dia de Mariana"},"content":{"rendered":"<p>As \u00e1guas da bacia do Rio Doce est\u00e3o impr\u00f3prias para consumo humano e pesca, irriga\u00e7\u00e3o e produ\u00e7\u00e3o de alimentos em todos os pontos analisados pela Funda\u00e7\u00e3o SOS Mata Atl\u00e2ntica, ao longo de 733 quil\u00f4metros, por onde correu o rastro de lama, resultado da maior trag\u00e9dia ambiental do pa\u00eds, ocorrida h\u00e1 dois anos, no munic\u00edpio mineiro de Mariana. Al\u00e9m disso, a qualidade da \u00e1gua dos rios que comp\u00f5em a bacia do Rio Doce est\u00e1 ruim ou p\u00e9ssima em 88,9% dos pontos de coleta analisados e regular em 11,1%.<\/p>\n<p>A bacia do Rio Doce foi contaminada pelo rompimento da barragem de Fund\u00e3o, pertencente \u00e0 mineradora Samarco, em 5 de novembro de 2015. O incidente devastou a vegeta\u00e7\u00e3o nativa e poluiu toda a bacia, atingindo outros munic\u00edpios de Minas Gerais e do Esp\u00edrito Santo. Dezenove pessoas morreram e diversas comunidades foram destru\u00eddas.<\/p>\n<p>Expedi\u00e7\u00e3o realizada pela Funda\u00e7\u00e3o SOS Mata Atl\u00e2ntica, entre os dias 11 e 20 de outubro, percorreu o rastro da lama ao longo do rio Doce, desde os seus formadores \u2013 os rios Gualaxo do Norte, Piranga e Carmo \u2013 at\u00e9 uma centena de afluentes que formam a bacia e banham 29 munic\u00edpios e distritos dos estados de Minas Gerais e Esp\u00edrito Santo. Em nenhum local a \u00e1gua foi considerada boa ou \u00f3tima, na escala de avalia\u00e7\u00e3o da entidade.<\/p>\n<p><strong>Piora nos \u00edndices<\/strong><\/p>\n<p>Em 2017, houve piora na qualidade da \u00e1gua em rela\u00e7\u00e3o ao ano anterior. No ano passado, a \u00e1gua foi considerada ruim ou p\u00e9ssima em 53% dos pontos de coleta, regular em 41,1% e \u00f3tima em 5,9%. O \u00edndice revelado neste ano se assemelha \u00e0 coleta feita logo ap\u00f3s a trag\u00e9dia, em novembro de 2015, quando 88,9% das \u00e1guas estavam em p\u00e9ssima qualidade e 11,1 dos pontos estavam regulares.<\/p>\n<p>Somente tr\u00eas pontos apresentaram conformidade com o padr\u00e3o definido na legisla\u00e7\u00e3o brasileira para turbidez, que \u00e9 um dos indicadores diretamente associados ao impacto da lama de rejeito de min\u00e9rios.<\/p>\n<p>A pesquisa constatou ainda aus\u00eancia de vida aqu\u00e1tica, como girinos, sapos e peixes, em sete dos 16 pontos que apresentam qualidade de \u00e1gua p\u00e9ssima ou ruim. \u201cNesses locais, o espelho d\u2019\u00e1gua estava repleto de insetos e pernilongos, vetor de graves problemas de sa\u00fade p\u00fablica, como a dengue, zika, chikungunya e febre amarela\u201d, disse Malu Ribeiro, especialista em \u00e1gua da SOS Mata Atl\u00e2ntica e respons\u00e1vel pela expedi\u00e7\u00e3o.<\/p>\n<p>Segundo Malu, o sedimento de rejeito de min\u00e9rio est\u00e1 presente em todo o leito do rio, apesar de visualmente a \u00e1gua estar mais clara, e, por ser muito fino, qualquer movimento das \u00e1guas faz com que ele fique em suspens\u00e3o, aumentando novamente a turbidez para \u00edndices considerados impr\u00f3prios. Ela alerta ainda que \u201ca seca extrema e o baixo volume das \u00e1guas causaram uma concentra\u00e7\u00e3o dos poluentes, o que fez com que a polui\u00e7\u00e3o, apesar de impercept\u00edvel a olho nu, esteja em concentra\u00e7\u00e3o bem maior do que no ano passado\u201d.<\/p>\n<p><img decoding=\"async\" src=\"http:\/\/aconteceunovale.com.br\/portal\/wp-content\/uploads\/2017\/11\/agua_rio_doce.jpg\" alt=\"\" \/><em>Trecho do Rio Doce em Colatina (Foto: Fred Loureiro\/Secom ES)<\/em><br \/>\n<\/br><\/p>\n<p><strong>Metais pesados<\/strong><\/p>\n<p>A \u00e1gua do rio Doce continua fora dos padr\u00f5es legais, segundo a SOS Mata Atl\u00e2ntica, e apresenta concentra\u00e7\u00f5es elevadas de s\u00f3lidos em suspens\u00e3o e metais pesados, como mangan\u00eas, cobre, alum\u00ednio e ferro, em diferentes trechos monitorados. Apenas dois pontos de coleta, localizados em Perp\u00e9tuo Socorro e Governador Valadares, ambos no rio Doce, n\u00e3o apresentam \u00edndices de cobre na \u00e1gua.<\/p>\n<p>No restante da expedi\u00e7\u00e3o, a concentra\u00e7\u00e3o do cobre est\u00e1 acima do permitido. \u201cO consumo de pequenas quantidades desse elemento pode provocar n\u00e1useas e v\u00f4mitos. Quando ingerido em grandes quantidades, pode afetar os rins, inibir a produ\u00e7\u00e3o de urina e causar anemia devido \u00e0 destrui\u00e7\u00e3o de gl\u00f3bulos vermelhos\u201d, alertou a entidade.<\/p>\n<p>Em cinco dos pontos analisados, a concentra\u00e7\u00e3o de mangan\u00eas tamb\u00e9m estava acima dos \u00edndices permitidos. De acordo com a SOS Mata Atl\u00e2ntica, a ingest\u00e3o do metal pode trazer rigidez muscular, tremores das m\u00e3os e fraqueza. \u201cPesquisas realizadas em animais apontam que o excesso desse componente no organismo provoca altera\u00e7\u00f5es no sistema nervoso central e pode levar \u00e0 impot\u00eancia\u201d, acrescentou.<\/p>\n<p><strong>Sinais de vida<\/strong><\/p>\n<p>Nove pontos de coleta apresentaram sinais de vida aqu\u00e1tica, apesar de estarem ainda longe do cen\u00e1rio ideal. Eles est\u00e3o localizados justamente onde existem fragmentos de mata nativa ou que t\u00eam \u00e1reas de preserva\u00e7\u00e3o permanente. \u201cEsses locais foram menos afetados com o impacto da lama. Mesmo com tamanha trag\u00e9dia, \u00e9 poss\u00edvel notar alevinos, conchas, girinos e poucos peixes, sobretudo nos pontos pr\u00f3ximos a afluentes de maior volume\u201d, disse Malu Ribeiro.<\/p>\n<p>Diversos fatores t\u00eam contribu\u00eddo para reduzir o \u00edndice de oxig\u00eanio na \u00e1gua, como a elevada turbidez, o baixo volume dos rios, o excesso de nutrientes em decomposi\u00e7\u00e3o lan\u00e7ados pelo esgoto sem tratamento e as altas temperaturas, o que dificulta a vida aqu\u00e1tica. \u201cPara a recupera\u00e7\u00e3o da qualidade da \u00e1gua, e essencial que sejam adotadas medidas efetivas de restaura\u00e7\u00e3o florestal com esp\u00e9cies nativas, de revitaliza\u00e7\u00e3o da bacia e a amplia\u00e7\u00e3o dos servi\u00e7os de saneamento b\u00e1sico e ambiental nos munic\u00edpios afetados\u201d, avaliou a especialista.<\/p>\n<p><strong>VER PRIMEIRO<\/strong><\/p>\n<p>Receba as not\u00edcias do Aconteceu no Vale em primeira m\u00e3o. Clique em curtir no endere\u00e7o <a href=\"https:\/\/www.facebook.com\/aconteceunovale\" target=\"_blank\"><font color=\"red\">www.facebook.com\/aconteceunovale<\/font><\/a> ou no box abaixo:<\/p>\n<div class=\"fb-like\" data-href=\"https:\/\/www.facebook.com\/aconteceunovale\" data-width=\"120\" data-layout=\"standard\" data-action=\"like\" data-size=\"small\" data-show-faces=\"true\" data-share=\"true\"><\/div>\n<p><\/br><\/p>\n<p><em>(Fonte: Ag\u00eancia Brasil)<\/em><\/p>\n","protected":false},"excerpt":{"rendered":"<p>As \u00e1guas da bacia do Rio Doce est\u00e3o impr\u00f3prias para consumo humano e pesca, irriga\u00e7\u00e3o e produ\u00e7\u00e3o de alimentos em todos os pontos analisados pela Funda\u00e7\u00e3o SOS Mata Atl\u00e2ntica, ao longo de 733 quil\u00f4metros, por onde correu o rastro de lama, resultado da maior trag\u00e9dia ambiental do pa\u00eds, ocorrida h\u00e1 dois anos, no munic\u00edpio mineiro [&hellip;]<\/p>\n","protected":false},"author":1,"featured_media":123615,"comment_status":"open","ping_status":"closed","sticky":false,"template":"","format":"standard","meta":{"amp_status":"","footnotes":""},"categories":[6,121,123],"tags":[71177,163542,163541,163537,163538,65265,25376,163539,65555,1018,27109,247,7363,86500,1774,66993,32642,163540,48509,65508,65291],"class_list":["post-123614","post","type-post","status-publish","format-standard","has-post-thumbnail","hentry","category-br","category-leste","category-gerais","tag-agua-do-rio-doce","tag-agua-do-rio-doce-esta-impropria-para-consumo-dois-anos-apos-tragedia-de-mariana","tag-aguas-improprias","tag-as-aguas-da-bacia-do-rio-doce-estao-improprias-para-consumo-humano-e-pesca","tag-bacia-rio-doce","tag-barragem-de-fundao","tag-colatina","tag-contaminacao-da-rio-doce","tag-contaminacao-do-rio-doce","tag-destaque","tag-fundacao-sos-mata-atlantica","tag-governador-valadares","tag-mariana","tag-metais-pesados-no-rio-doce","tag-rio-doce","tag-rompimento-da-barragem-de-fundao","tag-samarco","tag-situacao-da-bacia-do-rio-doce","tag-sos-mata-atlantica","tag-tragedia-de-mariana","tag-tragedia-mariana"],"_links":{"self":[{"href":"https:\/\/aconteceunovale.com.br\/portal\/index.php?rest_route=\/wp\/v2\/posts\/123614","targetHints":{"allow":["GET"]}}],"collection":[{"href":"https:\/\/aconteceunovale.com.br\/portal\/index.php?rest_route=\/wp\/v2\/posts"}],"about":[{"href":"https:\/\/aconteceunovale.com.br\/portal\/index.php?rest_route=\/wp\/v2\/types\/post"}],"author":[{"embeddable":true,"href":"https:\/\/aconteceunovale.com.br\/portal\/index.php?rest_route=\/wp\/v2\/users\/1"}],"replies":[{"embeddable":true,"href":"https:\/\/aconteceunovale.com.br\/portal\/index.php?rest_route=%2Fwp%2Fv2%2Fcomments&post=123614"}],"version-history":[{"count":0,"href":"https:\/\/aconteceunovale.com.br\/portal\/index.php?rest_route=\/wp\/v2\/posts\/123614\/revisions"}],"wp:featuredmedia":[{"embeddable":true,"href":"https:\/\/aconteceunovale.com.br\/portal\/index.php?rest_route=\/wp\/v2\/media\/123615"}],"wp:attachment":[{"href":"https:\/\/aconteceunovale.com.br\/portal\/index.php?rest_route=%2Fwp%2Fv2%2Fmedia&parent=123614"}],"wp:term":[{"taxonomy":"category","embeddable":true,"href":"https:\/\/aconteceunovale.com.br\/portal\/index.php?rest_route=%2Fwp%2Fv2%2Fcategories&post=123614"},{"taxonomy":"post_tag","embeddable":true,"href":"https:\/\/aconteceunovale.com.br\/portal\/index.php?rest_route=%2Fwp%2Fv2%2Ftags&post=123614"}],"curies":[{"name":"wp","href":"https:\/\/api.w.org\/{rel}","templated":true}]}}