{"id":123608,"date":"2017-11-07T19:56:02","date_gmt":"2017-11-07T21:56:02","guid":{"rendered":"http:\/\/aconteceunovale.com.br\/portal\/?p=123608"},"modified":"2017-11-07T19:56:02","modified_gmt":"2017-11-07T21:56:02","slug":"crise-hidrica-em-guanhaes-leva-mpmg-a-expedir-recomendacao-a-prefeitura-e-a-concessionaria-de-agua-do-municipio","status":"publish","type":"post","link":"https:\/\/aconteceunovale.com.br\/portal\/?p=123608","title":{"rendered":"Crise h\u00eddrica em Guanh\u00e3es leva MPMG a expedir Recomenda\u00e7\u00e3o \u00e0 prefeitura e \u00e0 concession\u00e1ria de \u00e1gua do munic\u00edpio"},"content":{"rendered":"<p>Diante da crise h\u00eddrica em Guanh\u00e3es, cidade do Vale do Rio Doce, o Minist\u00e9rio P\u00fablico de Minas Gerais (MPMG) expediu Recomenda\u00e7\u00e3o ao munic\u00edpio e ao Servi\u00e7o Aut\u00f4nomo de \u00c1gua e Esgoto (SAAE) para a ado\u00e7\u00e3o de medidas emergenciais e de longo prazo que ampliem a capta\u00e7\u00e3o e a distribui\u00e7\u00e3o de \u00e1gua na regi\u00e3o.<\/p>\n<p>Segundo o promotor de Justi\u00e7a Thiago de Oliveira, a Recomenda\u00e7\u00e3o busca tratar a crise h\u00eddrica de forma a se priorizar o uso da \u00e1gua ao consumo humano e animal, pois o munic\u00edpio \u201cenfrenta esse tipo de problema h\u00e1 muito tempo, porque a regi\u00e3o cresceu e o sistema de capta\u00e7\u00e3o de \u00e1gua n\u00e3o atende a necessidade da popula\u00e7\u00e3o\u201d.<\/p>\n<p>Ainda de acordo com o promotor de Justi\u00e7a, o documento visa n\u00e3o apenas ao enfrentamento do problema no per\u00edodo de estiagem mas tamb\u00e9m a alertar para a necessidade de amplia\u00e7\u00e3o do sistema de capta\u00e7\u00e3o, a fim de resolver definitivamente a quest\u00e3o da falta d\u2019\u00e1gua na regi\u00e3o.<\/p>\n<p>O documento deixa claro aos gestores p\u00fablicos de Guanh\u00e3es que a Lei Federal n\u00ba 11.445\/2007 estabelece diretrizes nacionais para o saneamento b\u00e1sico, impondo ao Poder P\u00fablico o dever de elaborar e executar o Plano Municipal de Saneamento B\u00e1sico para todo seu territ\u00f3rio.<\/p>\n<p>\u201cO plano municipal deve contemplar o planejamento do servi\u00e7o p\u00fablico de abastecimento de \u00e1gua, contendo a\u00e7\u00f5es emerg\u00eancias e procedimentos para evitar o desabastecimento da popula\u00e7\u00e3o\u201d, afirma o promotor de Justi\u00e7a. Na Recomenda\u00e7\u00e3o, ele solicita ao Poder P\u00fablico a apresenta\u00e7\u00e3o do plano de a\u00e7\u00e3o para as hip\u00f3teses de seca e estiagem prolongada.<\/p>\n<p>Ainda conforme a Recomenda\u00e7\u00e3o, o munic\u00edpio tem vivido uma estiagem prolongada, e o colapso no abastecimento h\u00eddrico tem levado a popula\u00e7\u00e3o a recorrer a fontes de \u00e1gua alternativas, expondo os indiv\u00edduos \u00e0 contamina\u00e7\u00e3o. No documento, o MPMG recomenda que os gestores p\u00fablicos apresentem \u00e0 sociedade laudos que comprovem a qualidade da \u00e1gua a ser distribu\u00edda pelo Saae em per\u00edodo de seca.<\/p>\n<p>\u201cA interrup\u00e7\u00e3o do abastecimento de \u00e1gua pot\u00e1vel \u00e9 situa\u00e7\u00e3o grave, que causa impactos ambientais, sociais, econ\u00f4micos, e coloca em risco condi\u00e7\u00f5es de higiene e sa\u00fade p\u00fablica dos moradores de Guanh\u00e3es\u201d, afirma trecho da Recomenda\u00e7\u00e3o. Diante disso, o promotor de Justi\u00e7a cobra a apresenta\u00e7\u00e3o das etapas, dos custos, dos insumos e do pessoal para a solu\u00e7\u00e3o do caso.<\/p>\n<p><strong>VER PRIMEIRO<\/strong><\/p>\n<p>Receba as not\u00edcias do Aconteceu no Vale em primeira m\u00e3o. Clique em curtir no endere\u00e7o <a href=\"https:\/\/www.facebook.com\/aconteceunovale\" target=\"_blank\"><font color=\"red\">www.facebook.com\/aconteceunovale<\/font><\/a> ou no box abaixo:<\/p>\n<div class=\"fb-like\" data-href=\"https:\/\/www.facebook.com\/aconteceunovale\" data-width=\"120\" data-layout=\"standard\" data-action=\"like\" data-size=\"small\" data-show-faces=\"true\" data-share=\"true\"><\/div>\n<p><\/br><\/p>\n<p><em>(Fonte: MPMG)<\/em><\/p>\n","protected":false},"excerpt":{"rendered":"<p>Diante da crise h\u00eddrica em Guanh\u00e3es, cidade do Vale do Rio Doce, o Minist\u00e9rio P\u00fablico de Minas Gerais (MPMG) expediu Recomenda\u00e7\u00e3o ao munic\u00edpio e ao Servi\u00e7o Aut\u00f4nomo de \u00c1gua e Esgoto (SAAE) para a ado\u00e7\u00e3o de medidas emergenciais e de longo prazo que ampliem a capta\u00e7\u00e3o e a distribui\u00e7\u00e3o de \u00e1gua na regi\u00e3o. Segundo o [&hellip;]<\/p>\n","protected":false},"author":1,"featured_media":123275,"comment_status":"open","ping_status":"closed","sticky":false,"template":"","format":"standard","meta":{"amp_status":"","footnotes":""},"categories":[121],"tags":[61845,163524,61847,155,162969,19674,19675,1180,162970,163528,162968,61844,20753,163525,163526,162967,162966,163527],"class_list":["post-123608","post","type-post","status-publish","format-standard","has-post-thumbnail","hentry","category-leste","tag-crise-hidrica-em-guanhaes","tag-crise-hidrica-em-guanhaes-leva-mpmg-a-expedir-recomendacao-a-prefeitura-e-a-concessionaria-de-agua-do-municipio","tag-estiagem-em-guanhaes","tag-guanhaes","tag-jose-domingos-de-souza","tag-ministerio-publico-de-minas-gerais","tag-mpmg","tag-prefeitura-de-guanhaes","tag-prefeitura-de-guanhaes-decreta-estado-de-emergencia-e-calamidade-publica-por-causa-da-estiagem","tag-promotor-thiago-de-oliveira","tag-rio-graipu","tag-saae-guanhaes","tag-seca-em-guanhaes","tag-servico-autonomo-de-agua-e-esgoto","tag-servico-autonomo-de-agua-e-esgoto-de-guanhaes","tag-situacao-de-emergencia-e-calamidade-em-guanhaes","tag-situacao-de-emergencia-em-guanhaes","tag-thiago-de-oliveira"],"_links":{"self":[{"href":"https:\/\/aconteceunovale.com.br\/portal\/index.php?rest_route=\/wp\/v2\/posts\/123608","targetHints":{"allow":["GET"]}}],"collection":[{"href":"https:\/\/aconteceunovale.com.br\/portal\/index.php?rest_route=\/wp\/v2\/posts"}],"about":[{"href":"https:\/\/aconteceunovale.com.br\/portal\/index.php?rest_route=\/wp\/v2\/types\/post"}],"author":[{"embeddable":true,"href":"https:\/\/aconteceunovale.com.br\/portal\/index.php?rest_route=\/wp\/v2\/users\/1"}],"replies":[{"embeddable":true,"href":"https:\/\/aconteceunovale.com.br\/portal\/index.php?rest_route=%2Fwp%2Fv2%2Fcomments&post=123608"}],"version-history":[{"count":0,"href":"https:\/\/aconteceunovale.com.br\/portal\/index.php?rest_route=\/wp\/v2\/posts\/123608\/revisions"}],"wp:featuredmedia":[{"embeddable":true,"href":"https:\/\/aconteceunovale.com.br\/portal\/index.php?rest_route=\/wp\/v2\/media\/123275"}],"wp:attachment":[{"href":"https:\/\/aconteceunovale.com.br\/portal\/index.php?rest_route=%2Fwp%2Fv2%2Fmedia&parent=123608"}],"wp:term":[{"taxonomy":"category","embeddable":true,"href":"https:\/\/aconteceunovale.com.br\/portal\/index.php?rest_route=%2Fwp%2Fv2%2Fcategories&post=123608"},{"taxonomy":"post_tag","embeddable":true,"href":"https:\/\/aconteceunovale.com.br\/portal\/index.php?rest_route=%2Fwp%2Fv2%2Ftags&post=123608"}],"curies":[{"name":"wp","href":"https:\/\/api.w.org\/{rel}","templated":true}]}}