{"id":123605,"date":"2017-11-07T19:50:14","date_gmt":"2017-11-07T21:50:14","guid":{"rendered":"http:\/\/aconteceunovale.com.br\/portal\/?p=123605"},"modified":"2017-11-07T19:50:14","modified_gmt":"2017-11-07T21:50:14","slug":"mpf-em-ipatinga-vai-a-justica-para-obrigar-dnit-a-instalar-tres-radares-na-br-381","status":"publish","type":"post","link":"https:\/\/aconteceunovale.com.br\/portal\/?p=123605","title":{"rendered":"MPF em Ipatinga vai \u00e0 Justi\u00e7a para obrigar Dnit a instalar tr\u00eas radares na BR-381"},"content":{"rendered":"<p>O Minist\u00e9rio P\u00fablico Federal (MPF) em Ipatinga (MG) ingressou com a\u00e7\u00e3o civil p\u00fablica para que a Justi\u00e7a Federal obrigue o Departamento Nacional de Infraestrutura de Transportes (Dnit) a instalar tr\u00eas radares na BR-381. Os equipamentos dever\u00e3o ser instalados nos quil\u00f4metros 345,5 (decrescente), 349,6 (crescente) e 363 (pr\u00f3ximo \u00e0 placa de marco quilom\u00e9trico) da rodovia.<\/p>\n<p>Segundo dados da Pol\u00edcia Rodovi\u00e1ria Federal (PRF), esses trechos caracterizam-se por alto n\u00famero de acidentes de tr\u00e2nsito. Em 2016, foram 51 ocorr\u00eancias, com duas v\u00edtimas fatais. Nos \u00faltimos tr\u00eas anos, entre mar\u00e7o de 2014 e mar\u00e7o de 2017, no mesmo trecho, verificou-se um total de 514 acidentes, que resultaram em 436 v\u00edtimas com les\u00f5es leves e\/ou graves e 23 mortes. No m\u00eas de junho, mais uma pessoa morreu.<\/p>\n<p>Ainda com base nas informa\u00e7\u00f5es enviadas pela PRF, os trechos possuem curvas sinuosas, de pouca visibilidade, criando situa\u00e7\u00e3o prop\u00edcia para a ocorr\u00eancia de acidentes, que \u00e9 agravada na \u00e9poca das chuvas.<\/p>\n<p>Diante dos fatos, no in\u00edcio deste ano, o MPF recomendou ao Dnit a instala\u00e7\u00e3o de redutores eletr\u00f4nicos de velocidade nos quil\u00f4metros apontados, mas o \u00f3rg\u00e3o se limitou a prestar informa\u00e7\u00f5es sobre o encerramento dos contratos firmados no \u00e2mbito do Programa Nacional de Controle Eletr\u00f4nico de Velocidade, assim como a suspens\u00e3o judicial da licita\u00e7\u00e3o regida pelo Edital n\u00ba 168\/2016, que prev\u00ea novas contrata\u00e7\u00f5es para dar seguimento ao programa.<\/p>\n<p>Esse edital pretende contratar os servi\u00e7os de instala\u00e7\u00e3o de novos equipamentos eletr\u00f4nicos de controle de tr\u00e1fego nas rodovias federais, entre os quais o Lote 23, no qual est\u00e3o abrangidos os Km&#8217;s 344,700; 349,900 e 361,980 da BR 381, pontos muito pr\u00f3ximos \u00e0queles indicados pela Pol\u00edcia Rodovi\u00e1ria Federal.<\/p>\n<p>&#8220;Na verdade, o que se pode concluir \u00e9 que n\u00e3o existe previs\u00e3o para a instala\u00e7\u00e3o dos redutores de velocidade, pois o Dnit ter\u00e1 de aguardar decis\u00e3o sobre os recursos interpostos pelos licitantes. E mesmo ap\u00f3s tal decis\u00e3o, ainda se ter\u00e1 de aguardar a formaliza\u00e7\u00e3o das respectivas contrata\u00e7\u00f5es e a realiza\u00e7\u00e3o de estudo t\u00e9cnico de engenharia, quando s\u00f3 ent\u00e3o as contratadas dever\u00e3o promover a instala\u00e7\u00e3o dos novos equipamentos&#8221;, explica o procurador da Rep\u00fablica Marcelo Freire Lage, autor da a\u00e7\u00e3o.<\/p>\n<p>Ressaltando que \u00e9 &#8220;invi\u00e1vel aguardar tempo indeterminado quando se tem vidas em jogo&#8221;, o procurador da Rep\u00fablica conclui que &#8220;a situa\u00e7\u00e3o se encontra indefinida, acarretando s\u00e9rio risco \u00e0 vida e \u00e0 incolumidade das pessoas que trafegam nos trechos mencionados da BR-381, n\u00e3o restando outra alternativa sen\u00e3o recorrermos ao Poder Judici\u00e1rio para se por fim \u00e0 in\u00e9rcia do \u00f3rg\u00e3o estatal&#8221;.<\/p>\n<p><strong>Pedidos &#8211;<\/strong>\u00a0A a\u00e7\u00e3o pediu que a Justi\u00e7a Federal determine que o Dnit, no prazo m\u00e1ximo de 30 dias, instale redutores de velocidade nos quil\u00f4metros indicados, seja por meio de contrata\u00e7\u00e3o direta ou at\u00e9 mesmo por remanejamento de radares instalados em pontos de menor risco.<\/p>\n<p>A instala\u00e7\u00e3o dos radares como medida eficaz para o aumento da seguran\u00e7a vi\u00e1ria \u00e9 defendida pelo pr\u00f3prio Dnit em seu Manual de Equipamentos Redutores de Velocidade, ao constatar que a maior uniformidade na velocidade diminui a necessidade de ultrapassagens e evita ve\u00edculos muito pr\u00f3ximos entre si, sendo o emprego de redutores a medida mais adequada em termos de preven\u00e7\u00e3o de acidentes com mortes e feridos graves.<\/p>\n<p>Outro pedido da a\u00e7\u00e3o diz respeito \u00e0 elabora\u00e7\u00e3o do estudo t\u00e9cnico de engenharia no trecho compreendido entre o km 345,5 e o km 363, que dever\u00e1 ser conclu\u00eddo em at\u00e9 90 dias.<br \/>\nA\u00e7\u00e3o civil p\u00fablica: 1000494-85.2017.4.01.3814<br \/>\n<span style=\"text-decoration: underline; color: #ff0000;\"><a title=\"\" href=\"http:\/\/www.mpf.mp.br\/mg\/sala-de-imprensa\/docs\/acp-redutor-eletronico_br381.pdf\" target=\"_self\"><span style=\"color: #ff0000; text-decoration: underline;\">Acesse a \u00edntegra da a\u00e7\u00e3o<\/span><\/a><\/span>.<\/p>\n<p><strong>VER PRIMEIRO<\/strong><\/p>\n<p>Receba as not\u00edcias do Aconteceu no Vale em primeira m\u00e3o. Clique em curtir no endere\u00e7o <a href=\"https:\/\/www.facebook.com\/aconteceunovale\" target=\"_blank\"><font color=\"red\">www.facebook.com\/aconteceunovale<\/font><\/a> ou no box abaixo:<\/p>\n<div class=\"fb-like\" data-href=\"https:\/\/www.facebook.com\/aconteceunovale\" data-width=\"120\" data-layout=\"standard\" data-action=\"like\" data-size=\"small\" data-show-faces=\"true\" data-share=\"true\"><\/div>\n<p><\/br><\/p>\n<p><em>(Fonte: MPF\/MG)<\/em><\/p>\n","protected":false},"excerpt":{"rendered":"<p>O Minist\u00e9rio P\u00fablico Federal (MPF) em Ipatinga (MG) ingressou com a\u00e7\u00e3o civil p\u00fablica para que a Justi\u00e7a Federal obrigue o Departamento Nacional de Infraestrutura de Transportes (Dnit) a instalar tr\u00eas radares na BR-381. Os equipamentos dever\u00e3o ser instalados nos quil\u00f4metros 345,5 (decrescente), 349,6 (crescente) e 363 (pr\u00f3ximo \u00e0 placa de marco quilom\u00e9trico) da rodovia. Segundo [&hellip;]<\/p>\n","protected":false},"author":1,"featured_media":123606,"comment_status":"open","ping_status":"closed","sticky":false,"template":"","format":"standard","meta":{"amp_status":"","footnotes":""},"categories":[121],"tags":[1397,27370,163520,163521,201,5667,163518,163519,163523,239,163522],"class_list":["post-123605","post","type-post","status-publish","format-standard","has-post-thumbnail","hentry","category-leste","tag-br-381","tag-dnit","tag-instalacao-de-radares-na-br-381","tag-instalacao-de-radares-na-br-381-em-ipatinga","tag-ipatinga","tag-ministerio-publico-federal","tag-ministerio-publico-federal-em-ipatinga","tag-mpf-em-ipatinga","tag-mpf-em-ipatinga-vai-a-justica-para-obrigar-dnit-a-instalar-tres-radares-na-br-381","tag-prf","tag-radares-na-br-381"],"_links":{"self":[{"href":"https:\/\/aconteceunovale.com.br\/portal\/index.php?rest_route=\/wp\/v2\/posts\/123605","targetHints":{"allow":["GET"]}}],"collection":[{"href":"https:\/\/aconteceunovale.com.br\/portal\/index.php?rest_route=\/wp\/v2\/posts"}],"about":[{"href":"https:\/\/aconteceunovale.com.br\/portal\/index.php?rest_route=\/wp\/v2\/types\/post"}],"author":[{"embeddable":true,"href":"https:\/\/aconteceunovale.com.br\/portal\/index.php?rest_route=\/wp\/v2\/users\/1"}],"replies":[{"embeddable":true,"href":"https:\/\/aconteceunovale.com.br\/portal\/index.php?rest_route=%2Fwp%2Fv2%2Fcomments&post=123605"}],"version-history":[{"count":0,"href":"https:\/\/aconteceunovale.com.br\/portal\/index.php?rest_route=\/wp\/v2\/posts\/123605\/revisions"}],"wp:featuredmedia":[{"embeddable":true,"href":"https:\/\/aconteceunovale.com.br\/portal\/index.php?rest_route=\/wp\/v2\/media\/123606"}],"wp:attachment":[{"href":"https:\/\/aconteceunovale.com.br\/portal\/index.php?rest_route=%2Fwp%2Fv2%2Fmedia&parent=123605"}],"wp:term":[{"taxonomy":"category","embeddable":true,"href":"https:\/\/aconteceunovale.com.br\/portal\/index.php?rest_route=%2Fwp%2Fv2%2Fcategories&post=123605"},{"taxonomy":"post_tag","embeddable":true,"href":"https:\/\/aconteceunovale.com.br\/portal\/index.php?rest_route=%2Fwp%2Fv2%2Ftags&post=123605"}],"curies":[{"name":"wp","href":"https:\/\/api.w.org\/{rel}","templated":true}]}}