{"id":123444,"date":"2017-11-02T22:54:27","date_gmt":"2017-11-03T00:54:27","guid":{"rendered":"http:\/\/aconteceunovale.com.br\/portal\/?p=123444"},"modified":"2017-11-02T22:54:27","modified_gmt":"2017-11-03T00:54:27","slug":"colisao-entre-caminhoes-deixa-duas-pessoas-feridas-no-municipio-de-janauba","status":"publish","type":"post","link":"https:\/\/aconteceunovale.com.br\/portal\/?p=123444","title":{"rendered":"Colis\u00e3o entre caminh\u00f5es deixa duas pessoas feridas no munic\u00edpio de Jana\u00faba"},"content":{"rendered":"<p>Dois homens ficaram feridos em uma colis\u00e3o frontal entre dois caminh\u00f5es na altura do km 170 da MGC-122, em Jana\u00faba, na madrugada dessa quarta-feira (1\u00ba de novembro de 2017). De acordo com as informa\u00e7\u00f5es da Pol\u00edcia Militar Rodovi\u00e1ria, um dos condutores seguia no sentido Capit\u00e3o En\u00e9as\/Jana\u00faba, quando perdeu o controle da dire\u00e7\u00e3o do ve\u00edculo, invadiu a contram\u00e3o e bateu contra no caminh\u00e3o que seguia no sentido contr\u00e1rio. <\/p>\n<p>O Corpo de Bombeiros esteve no local e retirou uma das v\u00edtimas das ferragens. De acordo com o Samu, os motoristas dos dois ve\u00edculos, de 27 e 59 anos, foram socorridos e levados ao hospital da cidade. Um passageiro de um dos caminh\u00f5es, de 25 anos, n\u00e3o ficou ferido e recusou atendimento m\u00e9dico.<\/p>\n<p>Os caminh\u00f5es, que estavam carregados de toras de eucaliptos e verduras, ficaram danificados.  As causas do acidente n\u00e3o foram informadas.<\/p>\n<p><img decoding=\"async\" src=\"http:\/\/aconteceunovale.com.br\/portal\/wp-content\/uploads\/2017\/11\/acidente_caminhoes_janauba.jpg\" alt=\"\" \/><em>Acidente aconteceu no km 170 da MGC-122 (Foto: Corpo de Bombeiros\/Divulga\u00e7\u00e3o)<\/em><br \/>\n<\/br><\/p>\n<h4>Outro acidente na MGC-122<\/h4>\n<p>Duas pessoas ficaram feridas em um capotamento na MGC-122, na manh\u00e3 de ter\u00e7a-feira (31\/10), em Capit\u00e3o En\u00e9as. De acordo com o Samu, o condutor, de 52 anos, teve luxa\u00e7\u00e3o no ombro e poss\u00edvel fratura na clav\u00edcula. Uma mulher, de 60, teve escoria\u00e7\u00f5es pelo corpo. As v\u00edtimas foram levadas para o hospital da cidade.<\/p>\n<p>A Pol\u00edcia Militar Rodovi\u00e1ria informou que uma viatura foi ao local para apurar as circunst\u00e2ncias do acidente e registrar um boletim de ocorr\u00eancia. Um dos ocupantes do ve\u00edculo, que ainda estava no local, informou que o motorista passou por uma depress\u00e3o na pista e perdeu o controle da dire\u00e7\u00e3o.<\/p>\n<p><img decoding=\"async\" src=\"http:\/\/aconteceunovale.com.br\/portal\/wp-content\/uploads\/2017\/11\/acidente_cpeneas.jpg\" alt=\"\" \/><em>Duas pessoas ficaram feridas em um capotamento na MGC-122 (Foto: Samu\/Divulga\u00e7\u00e3o)<\/em><br \/>\n<\/br><\/p>\n<p><strong>VER PRIMEIRO<\/strong><\/p>\n<p>Receba as not\u00edcias do Aconteceu no Vale em primeira m\u00e3o. Clique em curtir no endere\u00e7o <a href=\"https:\/\/www.facebook.com\/aconteceunovale\" target=\"_blank\"><font color=\"red\">www.facebook.com\/aconteceunovale<\/font><\/a> ou no box abaixo:<\/p>\n<div class=\"fb-like\" data-href=\"https:\/\/www.facebook.com\/aconteceunovale\" data-width=\"120\" data-layout=\"standard\" data-action=\"like\" data-size=\"small\" data-show-faces=\"true\" data-share=\"true\"><\/div>\n<p><\/br><\/p>\n<p><em>(Fonte: G1 Grande Minas)<\/em><\/p>\n","protected":false},"excerpt":{"rendered":"<p>Dois homens ficaram feridos em uma colis\u00e3o frontal entre dois caminh\u00f5es na altura do km 170 da MGC-122, em Jana\u00faba, na madrugada dessa quarta-feira (1\u00ba de novembro de 2017). De acordo com as informa\u00e7\u00f5es da Pol\u00edcia Militar Rodovi\u00e1ria, um dos condutores seguia no sentido Capit\u00e3o En\u00e9as\/Jana\u00faba, quando perdeu o controle da dire\u00e7\u00e3o do ve\u00edculo, invadiu [&hellip;]<\/p>\n","protected":false},"author":1,"featured_media":123446,"comment_status":"closed","ping_status":"closed","sticky":false,"template":"","format":"standard","meta":{"amp_status":"","footnotes":""},"categories":[1236],"tags":[163252,163253,112606,147259,163251,204,47325],"class_list":["post-123444","post","type-post","status-publish","format-standard","has-post-thumbnail","hentry","category-norte_de_minas","tag-acidente-com-caminhoes-em-janauba","tag-acidente-com-caminhoes-na-mgc-122","tag-acidente-janauba","tag-acidente-mgc-122","tag-colisao-entre-caminhoes-deixa-duas-pessoas-feridas-no-municipio-de-janauba","tag-janauba","tag-mgc-122"],"_links":{"self":[{"href":"https:\/\/aconteceunovale.com.br\/portal\/index.php?rest_route=\/wp\/v2\/posts\/123444","targetHints":{"allow":["GET"]}}],"collection":[{"href":"https:\/\/aconteceunovale.com.br\/portal\/index.php?rest_route=\/wp\/v2\/posts"}],"about":[{"href":"https:\/\/aconteceunovale.com.br\/portal\/index.php?rest_route=\/wp\/v2\/types\/post"}],"author":[{"embeddable":true,"href":"https:\/\/aconteceunovale.com.br\/portal\/index.php?rest_route=\/wp\/v2\/users\/1"}],"replies":[{"embeddable":true,"href":"https:\/\/aconteceunovale.com.br\/portal\/index.php?rest_route=%2Fwp%2Fv2%2Fcomments&post=123444"}],"version-history":[{"count":0,"href":"https:\/\/aconteceunovale.com.br\/portal\/index.php?rest_route=\/wp\/v2\/posts\/123444\/revisions"}],"wp:featuredmedia":[{"embeddable":true,"href":"https:\/\/aconteceunovale.com.br\/portal\/index.php?rest_route=\/wp\/v2\/media\/123446"}],"wp:attachment":[{"href":"https:\/\/aconteceunovale.com.br\/portal\/index.php?rest_route=%2Fwp%2Fv2%2Fmedia&parent=123444"}],"wp:term":[{"taxonomy":"category","embeddable":true,"href":"https:\/\/aconteceunovale.com.br\/portal\/index.php?rest_route=%2Fwp%2Fv2%2Fcategories&post=123444"},{"taxonomy":"post_tag","embeddable":true,"href":"https:\/\/aconteceunovale.com.br\/portal\/index.php?rest_route=%2Fwp%2Fv2%2Ftags&post=123444"}],"curies":[{"name":"wp","href":"https:\/\/api.w.org\/{rel}","templated":true}]}}