{"id":123384,"date":"2017-11-02T00:05:12","date_gmt":"2017-11-02T02:05:12","guid":{"rendered":"http:\/\/aconteceunovale.com.br\/portal\/?p=123384"},"modified":"2017-11-02T00:05:12","modified_gmt":"2017-11-02T02:05:12","slug":"seripa-investiga-ocorrencia-com-aviao-em-minas","status":"publish","type":"post","link":"https:\/\/aconteceunovale.com.br\/portal\/?p=123384","title":{"rendered":"Seripa investiga ocorr\u00eancia com avi\u00e3o em Minas"},"content":{"rendered":"<p>T\u00e9cnicos do Terceiro Servi\u00e7o Regional de Investiga\u00e7\u00e3o e Preven\u00e7\u00e3o de Acidentes Aeron\u00e1uticos (SERIPA III) j\u00e1 est\u00e3o em Juiz de Fora, na Regi\u00e3o da Zona da Mata, para investigar o incidente com uma aeronave executiva no Aeroporto Francisco de Assis, conhecido como Aeroporto da Serrinha. Nessa ter\u00e7a-feira, um avi\u00e3o derrapou na pista, saiu da pista e parou na beira de um barranco. Ningu\u00e9m se feriu. <\/p>\n<p>De acordo com o Centro de Investiga\u00e7\u00e3o e Preven\u00e7\u00e3o de Acidentes Aeron\u00e1uticos (CENIPA), os investigadores j\u00e1 iniciaram os primeiros levantamentos. \u201cA A\u00e7\u00e3o Inicial \u00e9 o come\u00e7o do processo de investiga\u00e7\u00e3o e possui o objetivo de fotografar cenas, retirar partes da aeronave para an\u00e1lise, ouvir relatos de testemunhas e reunir documentos\u201d, informou o \u00f3rg\u00e3o por meio de nota.<\/p>\n<p>No avi\u00e3o, que seria um modelo Embraer Phenom 100, estavam duas pessoas que n\u00e3o necessitaram de atendimento m\u00e9dico. De acordo com o Corpo de Bombeiros, a aeronave estava pousando quando na cabeceira da pista derrapou, foi em dire\u00e7\u00e3o a uma \u00e1rea sem pavimenta\u00e7\u00e3o e subiu numa ribanceira. O mau tempo, com chuva e vento forte, al\u00e9m da pista escorregadia, pode ter causado o incidente, segundo as autoridades que atenderam a ocorr\u00eancia. <\/p>\n<p>A investiga\u00e7\u00e3o do Cenipa tem como objetivo prevenir novos acidentes com as caracter\u00edsticas desta ocorr\u00eancia. \u201cA necessidade de descobrir todos os fatores contribuintes garante a liberdade de tempo para a investiga\u00e7\u00e3o. A conclus\u00e3o de qualquer investiga\u00e7\u00e3o conduzida pelo CENIPA ter\u00e1 o menor prazo poss\u00edvel, dependendo sempre da complexidade do acidente\u201d, completou o \u00f3rg\u00e3o. <\/p>\n<p><img decoding=\"async\" src=\"http:\/\/aconteceunovale.com.br\/portal\/wp-content\/uploads\/2017\/11\/aviao_jf_1.jpg\" alt=\"\" \/><em>Aeronave derrapou na pista do Aeroporto da Serrinha (Foto: Capit\u00e3o Martins\/PMMG)<\/em><br \/>\n<\/br><\/p>\n<p><img decoding=\"async\" src=\"http:\/\/aconteceunovale.com.br\/portal\/wp-content\/uploads\/2017\/11\/aviao_jf_2.jpg\" alt=\"\" \/><em>Aeronave derrapou na pista do Aeroporto da Serrinha (Foto: Reprodu\u00e7\u00e3o\/WhatsApp)<\/em><br \/>\n<\/br><\/p>\n<p><strong>VER PRIMEIRO<\/strong><\/p>\n<p>Receba as not\u00edcias do Aconteceu no Vale em primeira m\u00e3o. Clique em curtir no endere\u00e7o <a href=\"https:\/\/www.facebook.com\/aconteceunovale\" target=\"_blank\"><font color=\"red\">www.facebook.com\/aconteceunovale<\/font><\/a> ou no box abaixo:<\/p>\n<div class=\"fb-like\" data-href=\"https:\/\/www.facebook.com\/aconteceunovale\" data-width=\"120\" data-layout=\"standard\" data-action=\"like\" data-size=\"small\" data-show-faces=\"true\" data-share=\"true\"><\/div>\n<p><\/br><\/p>\n<p><em>(Fonte: Estado de Minas)<\/em><\/p>\n","protected":false},"excerpt":{"rendered":"<p>T\u00e9cnicos do Terceiro Servi\u00e7o Regional de Investiga\u00e7\u00e3o e Preven\u00e7\u00e3o de Acidentes Aeron\u00e1uticos (SERIPA III) j\u00e1 est\u00e3o em Juiz de Fora, na Regi\u00e3o da Zona da Mata, para investigar o incidente com uma aeronave executiva no Aeroporto Francisco de Assis, conhecido como Aeroporto da Serrinha. Nessa ter\u00e7a-feira, um avi\u00e3o derrapou na pista, saiu da pista e [&hellip;]<\/p>\n","protected":false},"author":1,"featured_media":123385,"comment_status":"open","ping_status":"closed","sticky":false,"template":"","format":"standard","meta":{"amp_status":"","footnotes":""},"categories":[123],"tags":[163171,163173,163178,163176,163172,163180,163181,163177,163175,163174,163179,206,22515,163170,163169],"class_list":["post-123384","post","type-post","status-publish","format-standard","has-post-thumbnail","hentry","category-gerais","tag-acidente-aereo-em-juiz-de-fora","tag-acidente-aeronautico-em-juiz-de-fora","tag-acidente-aeroporto-da-serrinha","tag-acidente-aeroporto-francisco-de-assis","tag-acidente-com-aviao-em-juiz-de-fora","tag-acidente-embraer-phenom-100","tag-aeronave-derrapou-na-pista-do-aeroporto-da-serrinha","tag-aeroporto-da-serrinha","tag-aeroporto-francisco-de-assis","tag-aviao-sai-da-pista-em-aeroporto-de-juiz-de-fora","tag-embraer-phenom-100","tag-juiz-de-fora","tag-seripa-iii","tag-seripa-investiga-ocorrencia-com-aviao-em-juiz-de-fora","tag-seripa-investiga-ocorrencia-com-aviao-em-minas"],"_links":{"self":[{"href":"https:\/\/aconteceunovale.com.br\/portal\/index.php?rest_route=\/wp\/v2\/posts\/123384","targetHints":{"allow":["GET"]}}],"collection":[{"href":"https:\/\/aconteceunovale.com.br\/portal\/index.php?rest_route=\/wp\/v2\/posts"}],"about":[{"href":"https:\/\/aconteceunovale.com.br\/portal\/index.php?rest_route=\/wp\/v2\/types\/post"}],"author":[{"embeddable":true,"href":"https:\/\/aconteceunovale.com.br\/portal\/index.php?rest_route=\/wp\/v2\/users\/1"}],"replies":[{"embeddable":true,"href":"https:\/\/aconteceunovale.com.br\/portal\/index.php?rest_route=%2Fwp%2Fv2%2Fcomments&post=123384"}],"version-history":[{"count":0,"href":"https:\/\/aconteceunovale.com.br\/portal\/index.php?rest_route=\/wp\/v2\/posts\/123384\/revisions"}],"wp:featuredmedia":[{"embeddable":true,"href":"https:\/\/aconteceunovale.com.br\/portal\/index.php?rest_route=\/wp\/v2\/media\/123385"}],"wp:attachment":[{"href":"https:\/\/aconteceunovale.com.br\/portal\/index.php?rest_route=%2Fwp%2Fv2%2Fmedia&parent=123384"}],"wp:term":[{"taxonomy":"category","embeddable":true,"href":"https:\/\/aconteceunovale.com.br\/portal\/index.php?rest_route=%2Fwp%2Fv2%2Fcategories&post=123384"},{"taxonomy":"post_tag","embeddable":true,"href":"https:\/\/aconteceunovale.com.br\/portal\/index.php?rest_route=%2Fwp%2Fv2%2Ftags&post=123384"}],"curies":[{"name":"wp","href":"https:\/\/api.w.org\/{rel}","templated":true}]}}