{"id":123379,"date":"2017-11-01T23:53:32","date_gmt":"2017-11-02T01:53:32","guid":{"rendered":"http:\/\/aconteceunovale.com.br\/portal\/?p=123379"},"modified":"2017-11-02T00:19:12","modified_gmt":"2017-11-02T02:19:12","slug":"cinco-pessoas-morrem-em-acidente-com-carro-de-prefeitura-do-leste-de-minas","status":"publish","type":"post","link":"https:\/\/aconteceunovale.com.br\/portal\/?p=123379","title":{"rendered":"Cinco pessoas morrem em acidente com carro de Prefeitura do Leste de Minas"},"content":{"rendered":"<p>A Prefeitura de Central de Minas, no Vale do Rio Doce, decretou luto oficial de tr\u00eas dias por causa do acidente que envolveu um carro da administra\u00e7\u00e3o centralense e deixou cinco mortos carbonizados. A batida aconteceu na manh\u00e3 desta quarta-feira (01\/11\/2017) na altura do km 269 da BR-381, entre Tim\u00f3teo e Coronel Fabriciano, no Vale do A\u00e7o. O ve\u00edculo seguia para Belo Horizonte, onde uma idosa, moradora da zona rural do munic\u00edpio leste-mineiro, faria tratamento. Al\u00e9m dela, morreram a Secret\u00e1ria de Cultura, Marlene Rodrigues de Arruda Pereira, o filho dela (Pedro Henrique), o motorista Carlos Alexandre Dias e uma jovem. <\/p>\n<p>De acordo com a secret\u00e1ria de Assist\u00eancia Social, Aline Soares de Menezes, a cidade est\u00e1 consternada com a situa\u00e7\u00e3o. \u201c\u00c9 muito tr\u00e1gico. Estavam no ve\u00edculo o motorista, a secret\u00e1ria de cultura, o filho dela, uma senhora que mora na zona rural e a sobrinha dela. S\u00e3o pessoas companheiras e amigas. Estamos todos tristes com essa situa\u00e7\u00e3o\u201d, disse. <\/p>\n<p>Segundo Aline Soares, o prefeito da cidade decretou luto de tr\u00eas dias e est\u00e1 dando apoio \u00e0s fam\u00edlias. \u201cEstamos visitando as fam\u00edlias das v\u00edtimas, pois todos est\u00e3o bem tristes. O prefeito est\u00e1 em Ipatinga, no Instituto M\u00e9dico Legal (IML), para fazer a libera\u00e7\u00e3o dos corpos\u201d, comentou. O vel\u00f3rio, inicialmente, ser\u00e1 realizado na C\u00e2mara Municipal de Central de Minas. <\/p>\n<p>De acordo com o Corpo de Bombeiros, chovia muito no momento da batida. Testemunhas contaram que o ve\u00edculo da prefeitura rodou na pista e acabou atingido por um caminh\u00e3o Mercedes Bens, de Barra de S\u00e3o Francisco\/ES. Com a colis\u00e3o, os dois ve\u00edculos pegaram fogo. Cinco pessoas que estavam no autom\u00f3vel morreram queimadas. <\/p>\n<p>A Pol\u00edcia Rodovi\u00e1ria Federal informou que o motorista do caminh\u00e3o foi socorrido com ferimentos leves. As causas do acidente ser\u00e3o investigadas.<\/p>\n<p><img decoding=\"async\" src=\"http:\/\/aconteceunovale.com.br\/portal\/wp-content\/uploads\/2017\/11\/acidente_central_de_minas_2.png\" alt=\"\" \/><em>Trag\u00e9dia aconteceu na BR-381, entre Tim\u00f3teo e Fabriciano (Foto: Reprodu\u00e7\u00e3o\/WhatsApp)<\/em><br \/>\n<\/br><\/p>\n<p><img decoding=\"async\" src=\"http:\/\/aconteceunovale.com.br\/portal\/wp-content\/uploads\/2017\/11\/acidente_central_de_minas_3.png\" alt=\"\" \/><em>Trag\u00e9dia aconteceu na BR-381, entre Tim\u00f3teo e Fabriciano (Foto: Reprodu\u00e7\u00e3o\/WhatsApp)<\/em><br \/>\n<\/br><\/p>\n<p><img decoding=\"async\" src=\"http:\/\/aconteceunovale.com.br\/portal\/wp-content\/uploads\/2017\/11\/acidente_central_de_minas_1.jpeg\" alt=\"\" \/><em>Trag\u00e9dia aconteceu na BR-381, entre Tim\u00f3teo e Fabriciano (Foto: Reprodu\u00e7\u00e3o\/WhatsApp)<\/em><br \/>\n<\/br><\/p>\n<p><strong>VER PRIMEIRO<\/strong><\/p>\n<p>Receba as not\u00edcias do Aconteceu no Vale em primeira m\u00e3o. Clique em curtir no endere\u00e7o <a href=\"https:\/\/www.facebook.com\/aconteceunovale\" target=\"_blank\"><font color=\"red\">www.facebook.com\/aconteceunovale<\/font><\/a> ou no box abaixo:<\/p>\n<div class=\"fb-like\" data-href=\"https:\/\/www.facebook.com\/aconteceunovale\" data-width=\"120\" data-layout=\"standard\" data-action=\"like\" data-size=\"small\" data-show-faces=\"true\" data-share=\"true\"><\/div>\n<p><\/br><\/p>\n<p><em>(Com informa\u00e7\u00f5es do Estado de Minas)<\/em><\/p>\n","protected":false},"excerpt":{"rendered":"<p>A Prefeitura de Central de Minas, no Vale do Rio Doce, decretou luto oficial de tr\u00eas dias por causa do acidente que envolveu um carro da administra\u00e7\u00e3o centralense e deixou cinco mortos carbonizados. A batida aconteceu na manh\u00e3 desta quarta-feira (01\/11\/2017) na altura do km 269 da BR-381, entre Tim\u00f3teo e Coronel Fabriciano, no Vale [&hellip;]<\/p>\n","protected":false},"author":1,"featured_media":123381,"comment_status":"open","ping_status":"closed","sticky":false,"template":"","format":"standard","meta":{"amp_status":"","footnotes":""},"categories":[121],"tags":[163163,163162,163161,163166,8237,163164,163168,1397,163182,1671,163160,163158,163159,1524,1018,163167,163183,50031,163165,1105],"class_list":["post-123379","post","type-post","status-publish","format-standard","has-post-thumbnail","hentry","category-leste","tag-acidente-central-de-minas","tag-acidente-com-carro-da-prefeitura-de-central-de-minas","tag-acidente-com-carro-de-central-de-minas","tag-acidente-entre-timoteo-e-coronel-fabriciano","tag-acidente-na-br-381","tag-acidente-prefeitura-de-central-de-minas","tag-aline-soares-de-menezes","tag-br-381","tag-carlos-alexandre-dias","tag-central-de-minas","tag-cinco-pessoas-morrem-em-acidente-com-carro-da-prefeitura-de-central-de-minas","tag-cinco-pessoas-morrem-em-acidente-com-carro-de-prefeitura-do-leste-de-minas","tag-cinco-pessoas-morrem-em-acidente-com-carro-de-prefeitura-do-vale-do-rio-doce","tag-coronel-fabriciano","tag-destaque","tag-marlene-arruda","tag-marlene-rodrigues-de-arruda-pereira","tag-pedro-henrique","tag-prefeitura-de-central-de-minas","tag-timoteo"],"_links":{"self":[{"href":"https:\/\/aconteceunovale.com.br\/portal\/index.php?rest_route=\/wp\/v2\/posts\/123379","targetHints":{"allow":["GET"]}}],"collection":[{"href":"https:\/\/aconteceunovale.com.br\/portal\/index.php?rest_route=\/wp\/v2\/posts"}],"about":[{"href":"https:\/\/aconteceunovale.com.br\/portal\/index.php?rest_route=\/wp\/v2\/types\/post"}],"author":[{"embeddable":true,"href":"https:\/\/aconteceunovale.com.br\/portal\/index.php?rest_route=\/wp\/v2\/users\/1"}],"replies":[{"embeddable":true,"href":"https:\/\/aconteceunovale.com.br\/portal\/index.php?rest_route=%2Fwp%2Fv2%2Fcomments&post=123379"}],"version-history":[{"count":0,"href":"https:\/\/aconteceunovale.com.br\/portal\/index.php?rest_route=\/wp\/v2\/posts\/123379\/revisions"}],"wp:featuredmedia":[{"embeddable":true,"href":"https:\/\/aconteceunovale.com.br\/portal\/index.php?rest_route=\/wp\/v2\/media\/123381"}],"wp:attachment":[{"href":"https:\/\/aconteceunovale.com.br\/portal\/index.php?rest_route=%2Fwp%2Fv2%2Fmedia&parent=123379"}],"wp:term":[{"taxonomy":"category","embeddable":true,"href":"https:\/\/aconteceunovale.com.br\/portal\/index.php?rest_route=%2Fwp%2Fv2%2Fcategories&post=123379"},{"taxonomy":"post_tag","embeddable":true,"href":"https:\/\/aconteceunovale.com.br\/portal\/index.php?rest_route=%2Fwp%2Fv2%2Ftags&post=123379"}],"curies":[{"name":"wp","href":"https:\/\/api.w.org\/{rel}","templated":true}]}}