{"id":123373,"date":"2017-11-01T21:32:21","date_gmt":"2017-11-01T23:32:21","guid":{"rendered":"http:\/\/aconteceunovale.com.br\/portal\/?p=123373"},"modified":"2017-11-01T21:32:21","modified_gmt":"2017-11-01T23:32:21","slug":"petrobras-reajusta-em-65-preco-do-gas-para-comercio-e-industria","status":"publish","type":"post","link":"https:\/\/aconteceunovale.com.br\/portal\/?p=123373","title":{"rendered":"Petrobras reajusta em 6,5% pre\u00e7o do g\u00e1s para com\u00e9rcio e ind\u00fastria"},"content":{"rendered":"<p>A Petrobras anunciou hoje (1) um reajuste m\u00e9dio de 6,5% dos pre\u00e7os de comercializa\u00e7\u00e3o \u00e0s distribuidoras do g\u00e1s liquefeito de petr\u00f3leo (GLP) destinado aos usos industrial e comercial. O aumento entra em vigor nesta quinta-feira (2).<\/p>\n<p>O reajuste n\u00e3o se aplica aos pre\u00e7os do GLP para uso residencial, o g\u00e1s de cozinha, comercializado pelas distribuidoras em botij\u00f5es de at\u00e9 13 quilos (Kg).<\/p>\n<p>Em nota divulgada esta tarde, o Sindicato Nacional das Empresas Distribuidoras de G\u00e1s Liquefeito de Petr\u00f3leo (Sindig\u00e1s) informou que o aumento de pre\u00e7o ficar\u00e1 entre 4,5% e 7,7% para o consumidor, dependendo do polo de suprimento.<\/p>\n<p>Com o aumento de pre\u00e7os, a estimativa do Sindig\u00e1s \u00e9 que o valor do produto destinado a embalagens maiores que 13 Kg ficar\u00e1 46% acima da paridade de importa\u00e7\u00e3o.<\/p>\n<p><strong>VER PRIMEIRO<\/strong><\/p>\n<p>Receba as not\u00edcias do Aconteceu no Vale em primeira m\u00e3o. Clique em curtir no endere\u00e7o <a href=\"https:\/\/www.facebook.com\/aconteceunovale\" target=\"_blank\"><font color=\"red\">www.facebook.com\/aconteceunovale<\/font><\/a> ou no box abaixo:<\/p>\n<div class=\"fb-like\" data-href=\"https:\/\/www.facebook.com\/aconteceunovale\" data-width=\"120\" data-layout=\"standard\" data-action=\"like\" data-size=\"small\" data-show-faces=\"true\" data-share=\"true\"><\/div>\n<p><\/br><\/p>\n<p><em>(Fonte: Ag\u00eancia Brasil)<\/em><\/p>\n","protected":false},"excerpt":{"rendered":"<p>A Petrobras anunciou hoje (1) um reajuste m\u00e9dio de 6,5% dos pre\u00e7os de comercializa\u00e7\u00e3o \u00e0s distribuidoras do g\u00e1s liquefeito de petr\u00f3leo (GLP) destinado aos usos industrial e comercial. O aumento entra em vigor nesta quinta-feira (2). O reajuste n\u00e3o se aplica aos pre\u00e7os do GLP para uso residencial, o g\u00e1s de cozinha, comercializado pelas distribuidoras [&hellip;]<\/p>\n","protected":false},"author":1,"featured_media":123374,"comment_status":"open","ping_status":"closed","sticky":false,"template":"","format":"standard","meta":{"amp_status":"","footnotes":""},"categories":[6],"tags":[163151,83671,155141,5499,163149,163150,163152],"class_list":["post-123373","post","type-post","status-publish","format-standard","has-post-thumbnail","hentry","category-br","tag-aumento-gas-para-comercio-e-industria","tag-gas","tag-glp","tag-petrobras","tag-petrobras-reajusta-em-6-5-preco-do-gas-para-comercio-e-industria","tag-petrobras-reajusta-preco-do-gas-para-comercio-e-industria","tag-reajuste-gas-para-comercio-e-industria"],"_links":{"self":[{"href":"https:\/\/aconteceunovale.com.br\/portal\/index.php?rest_route=\/wp\/v2\/posts\/123373","targetHints":{"allow":["GET"]}}],"collection":[{"href":"https:\/\/aconteceunovale.com.br\/portal\/index.php?rest_route=\/wp\/v2\/posts"}],"about":[{"href":"https:\/\/aconteceunovale.com.br\/portal\/index.php?rest_route=\/wp\/v2\/types\/post"}],"author":[{"embeddable":true,"href":"https:\/\/aconteceunovale.com.br\/portal\/index.php?rest_route=\/wp\/v2\/users\/1"}],"replies":[{"embeddable":true,"href":"https:\/\/aconteceunovale.com.br\/portal\/index.php?rest_route=%2Fwp%2Fv2%2Fcomments&post=123373"}],"version-history":[{"count":0,"href":"https:\/\/aconteceunovale.com.br\/portal\/index.php?rest_route=\/wp\/v2\/posts\/123373\/revisions"}],"wp:featuredmedia":[{"embeddable":true,"href":"https:\/\/aconteceunovale.com.br\/portal\/index.php?rest_route=\/wp\/v2\/media\/123374"}],"wp:attachment":[{"href":"https:\/\/aconteceunovale.com.br\/portal\/index.php?rest_route=%2Fwp%2Fv2%2Fmedia&parent=123373"}],"wp:term":[{"taxonomy":"category","embeddable":true,"href":"https:\/\/aconteceunovale.com.br\/portal\/index.php?rest_route=%2Fwp%2Fv2%2Fcategories&post=123373"},{"taxonomy":"post_tag","embeddable":true,"href":"https:\/\/aconteceunovale.com.br\/portal\/index.php?rest_route=%2Fwp%2Fv2%2Ftags&post=123373"}],"curies":[{"name":"wp","href":"https:\/\/api.w.org\/{rel}","templated":true}]}}