{"id":123360,"date":"2017-11-01T20:37:28","date_gmt":"2017-11-01T22:37:28","guid":{"rendered":"http:\/\/aconteceunovale.com.br\/portal\/?p=123360"},"modified":"2017-11-01T20:38:08","modified_gmt":"2017-11-01T22:38:08","slug":"comeca-segunda-etapa-da-vacinacao-do-gado-contra-aftosa-em-minas-gerais","status":"publish","type":"post","link":"https:\/\/aconteceunovale.com.br\/portal\/?p=123360","title":{"rendered":"Come\u00e7a segunda etapa da vacina\u00e7\u00e3o do gado contra aftosa em Minas Gerais"},"content":{"rendered":"<p>A segunda etapa de vacina\u00e7\u00e3o do rebanho mineiro contra a febre aftosa est\u00e1 em vigor a partir deste dia 1\u00ba de novembro (quarta-feira). Os produtores rurais ter\u00e3o at\u00e9 o dia 30 de novembro (quinta-feira)\u00a0para vacinar bovinos e bubalinos de sua propriedade\u00a0com idade de zero a 24 meses. O produtor que n\u00e3o vacinar o rebanho estar\u00e1 sujeito a multa de \u00a0R$ 81,28 por animal n\u00e3o vacinado.<\/p>\n<p>A vacina\u00e7\u00e3o \u00e9 obrigat\u00f3ria e \u00e9 a \u00fanica forma de proteger os animais contra a doen\u00e7a. A vacina\u00e7\u00e3o \u00e9 importante e o status de \u00e1rea livre de febre aftosa junto \u00e0 Organiza\u00e7\u00e3o Mundial de Sa\u00fade Animal (OIE), o que tem viabilizado as exporta\u00e7\u00f5es de animais e produtos de Minas para o mercado internacional.<\/p>\n<p>O<a href=\"http:\/\/www.ima.mg.gov.br\/\" target=\"_blank\">\u00a0<span style=\"text-decoration: underline;\"><span style=\"color: #ff0000; text-decoration: underline;\">Instituto Mineiro de Agropecu\u00e1ria (IMA)<\/span><\/span><\/a>\u00a0&#8211; \u00f3rg\u00e3o respons\u00e1vel por supervisionar e fiscalizar a vacina\u00e7\u00e3o do rebanho \u2013 estima que dever\u00e3o ser vacinados nesta etapa cerca de 9,5 milh\u00f5es de bovinos e bubalinos em todo o estado.<\/p>\n<p><img decoding=\"async\" src=\"http:\/\/aconteceunovale.com.br\/portal\/wp-content\/uploads\/2017\/11\/vacina_aftosa_mg.jpg\" alt=\"\" \/><em>A vacina\u00e7\u00e3o \u00e9 obrigat\u00f3ria em Minas Gerais (Cr\u00e9dito: Arquivo\/IMA)<\/em><br \/>\n<\/br><\/p>\n<p><strong>Declara\u00e7\u00e3o obrigat\u00f3ria<\/strong><\/p>\n<p>Al\u00e9m de vacinar o rebanho os produtores devem obrigatoriamente declarar ao IMA a vacina\u00e7\u00e3o dos animais. Caso n\u00e3o fa\u00e7a essa declara\u00e7\u00e3o ao instituto, o produtor estar\u00e1 sujeito a multa de R$ 16,25 por animal.<\/p>\n<p>O IMA estabeleceu que, a partir deste ano, s\u00f3 poder\u00e3o fazer a declara\u00e7\u00e3o de vacina\u00e7\u00e3o presencialmente em uma unidade do IMA os produtores que sejam propriet\u00e1rios de at\u00e9\u00a0149\u00a0animais. Os demais, com plantel igual ou superior a\u00a0150 bovinos ou bubalinos, dever\u00e3o declarar a vacina\u00e7\u00e3o do seu rebanho contra a febre aftosa exclusivamente por meio do site do IMA &#8211;\u00a0<span style=\"text-decoration: underline;\"><span style=\"color: #ff0000;\"><a href=\"http:\/\/www.ima.mg.gov.br\/\" target=\"_blank\"><span style=\"color: #ff0000; text-decoration: underline;\">www.ima.mg.gov.br<\/span><\/a><\/span><\/span>. Para tanto, os propriet\u00e1rios deve usar\u00a0seu CPF e ter em m\u00e3os o n\u00famero da nota fiscal de compra de vacinas, que ser\u00e1 a\u00a0senha de acesso ao ambiente da declara\u00e7\u00e3o de vacina\u00e7\u00e3o no site.<\/p>\n<p>O gerente de Defesa Sanit\u00e1ria Animal do IMA, Guilherme Negro,\u00a0ressalta os benef\u00edcios de usar a internet para declarar a vacina\u00e7\u00e3o. \u201c\u00c9 uma forma r\u00e1pida e eficaz de comprovar a vacina\u00e7\u00e3o, sem a necessidade de ter que se deslocar at\u00e9 uma unidade do IMA. Basta que o produtor acesse o endere\u00e7o\u00a0<span style=\"text-decoration: underline;\"><span style=\"color: #ff0000;\"><a href=\"http:\/\/www.ima.mg.gov.br\/\" target=\"_blank\"><span style=\"color: #ff0000; text-decoration: underline;\">www.ima.mg.gov.br<\/span><\/a><\/span><\/span>, no qual ter\u00e1 um link para o Formul\u00e1rio de Declara\u00e7\u00e3o de Vacina\u00e7\u00e3o, tamb\u00e9m conhecido como Carta Aviso de Vacina\u00e7\u00e3o, onde ele poder\u00e1 fazer essa comprova\u00e7\u00e3o\u201d, informa.<\/p>\n<p><strong>Novidades<\/strong><\/p>\n<p>A partir desta segunda etapa da campanha de vacina\u00e7\u00e3o contra a febre aftosa, o produtor ter\u00e1 que declarar o tipo de estabelecimento de cria\u00e7\u00e3o &#8211; pecu\u00e1ria de leite, corte ou rebanho misto &#8211; e informar se utiliza &#8216;esta\u00e7\u00e3o de monta&#8217;, que \u00e9 a reprodu\u00e7\u00e3o limitada a determinada \u00e9poca do ano para otimizar o manejo da fazenda, resultando na concentra\u00e7\u00e3o de nascimentos de bezerros.<\/p>\n<p>O produtor dever\u00e1 tamb\u00e9m informar a popula\u00e7\u00e3o de outras esp\u00e9cies da propriedade, tais como ovinos, caprinos e su\u00ednos, discriminando a faixa et\u00e1ria e sexo dos exemplares. A medida busca detalhar o perfil das fazendas com informa\u00e7\u00f5es que ir\u00e3o subsidiar o IMA na ado\u00e7\u00e3o de medidas que auxiliem os produtores para a manuten\u00e7\u00e3o da sanidade dos rebanhos.<\/p>\n<p><strong>Cuidados ao vacinar<\/strong><\/p>\n<p>Os produtores poder\u00e3o adquirir a vacina nos\u00a0estabelecimentos autorizados para a venda do produto. Ser\u00e1 necess\u00e1rio que apresente, no ato da compra, CPF e carteira de identidade.<\/p>\n<p>O coordenador estadual do Programa Nacional de Erradica\u00e7\u00e3o e Preven\u00e7\u00e3o da Febre Aftosa (PNEFA), m\u00e9dico veterin\u00e1rio Natanael Lamas Dias, lembra que o produtor deve adotar alguns cuidados importantes para garantir a efici\u00eancia da vacina.\u00a0 Dias alerta para o transporte e armazenamento corretos deste produto.<\/p>\n<p>\u201c\u00c9 fundamental que a vacina seja conservada em temperatura adequada, que \u00e9 de 2 a\u00a08 graus cent\u00edgrados, desde a compra at\u00e9 a aplica\u00e7\u00e3o, pois tanto o calor quanto o congelamento diminuem a efici\u00eancia da vacina. Al\u00e9m disso, \u00e9 importante adotar boas pr\u00e1ticas de vacina\u00e7\u00e3o para garantir melhor efici\u00eancia na imuniza\u00e7\u00e3o\u201d, ressalta.<\/p>\n<p>O m\u00e9dico veterin\u00e1rio lembra algumas medidas simples que podem ser adotadas, como agitar o frasco da vacina antes da utiliza\u00e7\u00e3o e administrar a dose de 5 ml para bovinos e bubalinos atrav\u00e9s da via subcut\u00e2nea ou intramuscular na regi\u00e3o da t\u00e1bua do pesco\u00e7o (ter\u00e7o m\u00e9dio).<\/p>\n<p>\u201c\u00c9 necess\u00e1rio utilizar agulhas limpas e com bom estado de conserva\u00e7\u00e3o, pois agulhas de calibre muito grosso podem provocar refluxo de vacina e reduzir a quantidade aplicada.\u00a0 Importante tamb\u00e9m zelar pela limpeza e assepsia dos equipamentos e instrumentais utilizados na vacina\u00e7\u00e3o, utilizando uma agulha exclusiva para a retirada da vacina do frasco, sem us\u00e1-la em nenhum animal para evitar contamina\u00e7\u00f5es. Al\u00e9m disso, o frasco da vacina em uso tamb\u00e9m deve ser mantido dentro da caixa t\u00e9rmica, mesmo no curto intervalo de tempo entre o preenchimento das seringas, que devem ser mantidas sob o gelo, se houver l\u00edquido dentro\u201d, explica.<\/p>\n<p><strong>Exporta\u00e7\u00e3o<\/strong><\/p>\n<p>Minas Gerais possui o segundo maior rebanho bovino do Brasil com cerca de 23,5 milh\u00f5es de animais, de acordo com os registros do IMA.\u00a0\u00c9 o maior produtor de leite do pa\u00eds com\u00a09,3 bilh\u00f5es de litros\/ano e exporta carne bovina principalmente para\u00a0China (39,2%), Hong Kong (17,4%) e R\u00fassia (8,5%), al\u00e9m de \u00a0outros \u00a057 pa\u00edses em menor propor\u00e7\u00e3o.<\/p>\n<p>De janeiro a setembro deste ano Minas Gerais exportou 105,9 toneladas do produto, somando faturamento de US$ 427,7 milh\u00f5es, de acordo com dados do Minist\u00e9rio do Desenvolvimento, Ind\u00fastria e Com\u00e9rcio Exterior (MDIC), analisados pela\u00a0Secretaria de Estado de Agricultura, Pecu\u00e1ria e Abastecimento (Seapa).<\/p>\n<p>A primeira etapa de vacina\u00e7\u00e3o do gado contra a febre aftosa ocorreu em maio deste ano quando foram imunizados bovinos e bubalinos independente da idade.<\/p>\n<p><strong>VER PRIMEIRO<\/strong><\/p>\n<p>Receba as not\u00edcias do Aconteceu no Vale em primeira m\u00e3o. Clique em curtir no endere\u00e7o <a href=\"https:\/\/www.facebook.com\/aconteceunovale\" target=\"_blank\"><font color=\"red\">www.facebook.com\/aconteceunovale<\/font><\/a> ou no box abaixo:<\/p>\n<div class=\"fb-like\" data-href=\"https:\/\/www.facebook.com\/aconteceunovale\" data-width=\"120\" data-layout=\"standard\" data-action=\"like\" data-size=\"small\" data-show-faces=\"true\" data-share=\"true\"><\/div>\n<p><\/br><\/p>\n<p><em>(Fonte: Ag\u00eancia Minas)<\/em><\/p>\n","protected":false},"excerpt":{"rendered":"<p>A segunda etapa de vacina\u00e7\u00e3o do rebanho mineiro contra a febre aftosa est\u00e1 em vigor a partir deste dia 1\u00ba de novembro (quarta-feira). Os produtores rurais ter\u00e3o at\u00e9 o dia 30 de novembro (quinta-feira)\u00a0para vacinar bovinos e bubalinos de sua propriedade\u00a0com idade de zero a 24 meses. O produtor que n\u00e3o vacinar o rebanho estar\u00e1 [&hellip;]<\/p>\n","protected":false},"author":1,"featured_media":123361,"comment_status":"open","ping_status":"closed","sticky":false,"template":"","format":"standard","meta":{"amp_status":"","footnotes":""},"categories":[123],"tags":[163132,163130,1018,163131,20955,20954,43197,163129,7022,90648],"class_list":["post-123360","post","type-post","status-publish","format-standard","has-post-thumbnail","hentry","category-gerais","tag-comeca-segunda-etapa-da-vacinacao-do-gado-contra-aftosa-em-minas-gerais","tag-defesa-sanitaria-animal-do-ima","tag-destaque","tag-guilherme-negro","tag-ima","tag-instituto-mineiro-de-agropecuaria","tag-vacina-contra-a-febre-aftosa","tag-vacina-contra-a-febre-aftosa-em-minas-gerais","tag-vacinacao-contra-a-febre-aftosa","tag-vacinacao-contra-a-febre-aftosa-em-minas-gerais"],"_links":{"self":[{"href":"https:\/\/aconteceunovale.com.br\/portal\/index.php?rest_route=\/wp\/v2\/posts\/123360","targetHints":{"allow":["GET"]}}],"collection":[{"href":"https:\/\/aconteceunovale.com.br\/portal\/index.php?rest_route=\/wp\/v2\/posts"}],"about":[{"href":"https:\/\/aconteceunovale.com.br\/portal\/index.php?rest_route=\/wp\/v2\/types\/post"}],"author":[{"embeddable":true,"href":"https:\/\/aconteceunovale.com.br\/portal\/index.php?rest_route=\/wp\/v2\/users\/1"}],"replies":[{"embeddable":true,"href":"https:\/\/aconteceunovale.com.br\/portal\/index.php?rest_route=%2Fwp%2Fv2%2Fcomments&post=123360"}],"version-history":[{"count":0,"href":"https:\/\/aconteceunovale.com.br\/portal\/index.php?rest_route=\/wp\/v2\/posts\/123360\/revisions"}],"wp:featuredmedia":[{"embeddable":true,"href":"https:\/\/aconteceunovale.com.br\/portal\/index.php?rest_route=\/wp\/v2\/media\/123361"}],"wp:attachment":[{"href":"https:\/\/aconteceunovale.com.br\/portal\/index.php?rest_route=%2Fwp%2Fv2%2Fmedia&parent=123360"}],"wp:term":[{"taxonomy":"category","embeddable":true,"href":"https:\/\/aconteceunovale.com.br\/portal\/index.php?rest_route=%2Fwp%2Fv2%2Fcategories&post=123360"},{"taxonomy":"post_tag","embeddable":true,"href":"https:\/\/aconteceunovale.com.br\/portal\/index.php?rest_route=%2Fwp%2Fv2%2Ftags&post=123360"}],"curies":[{"name":"wp","href":"https:\/\/api.w.org\/{rel}","templated":true}]}}