{"id":123350,"date":"2017-10-31T21:34:41","date_gmt":"2017-10-31T23:34:41","guid":{"rendered":"http:\/\/aconteceunovale.com.br\/portal\/?p=123350"},"modified":"2017-10-31T21:34:41","modified_gmt":"2017-10-31T23:34:41","slug":"liminar-proibe-vale-de-implantar-barragem-de-rejeitos-em-municipio-mineiro","status":"publish","type":"post","link":"https:\/\/aconteceunovale.com.br\/portal\/?p=123350","title":{"rendered":"Liminar pro\u00edbe Vale de implantar barragem de rejeitos em munic\u00edpio mineiro"},"content":{"rendered":"<p>Uma liminar do Tribunal de Justi\u00e7a de Minas Gerais (TJMG) proibiu a mineradora Vale de dar prosseguimento \u00e0 implanta\u00e7\u00e3o da Barragem Maravilhas III, no munic\u00edpio de Itabirito (MG). A decis\u00e3o tamb\u00e9m determina que o governo de Minas Gerais se abstenha de conceder qualquer licen\u00e7a relacionada ao empreendimento.<\/p>\n<p>O despacho foi assinado nessa segunda-feira (30), pelo juiz Michel Curi e Silva, da 1\u00aa Vara da Fazenda P\u00fablica e Autarquias da Comarca de Belo Horizonte. Ele atendeu a um pedido formulado pelo Minist\u00e9rio P\u00fablico de Minas Gerais (MPMG), que apresentou a\u00e7\u00e3o civil p\u00fablica apontando irregularidades no processo de concess\u00e3o da licen\u00e7a pr\u00e9via para implanta\u00e7\u00e3o da barragem.<\/p>\n<p>De acordo com os procuradores, Maravilhas III foi projetada como parte integrante do Complexo Miner\u00e1rio Mina do Pico, onde s\u00e3o executadas atividades de lavra de min\u00e9rio de ferro. No entanto, segundo o Minist\u00e9rio P\u00fablico, a obra colocaria em risco a comunidade localizada \u00e0 jusante da barragem, al\u00e9m de uma Esta\u00e7\u00e3o de Tratamento de \u00c1gua Bela Fama, gerida pela Companhia de Saneamento de Minas Gerais (Copasa), respons\u00e1vel por abastecer aproximadamente 48% da popula\u00e7\u00e3o da regi\u00e3o metropolitana de Belo Horizonte.<\/p>\n<p>Na decis\u00e3o, o magistrado citou parecer da Superintend\u00eancia Regional de Meio Ambiente, \u00f3rg\u00e3o vinculado \u00e0 Secretaria de Estado de Meio Ambiente e Desenvolvimento Sustent\u00e1vel, que comprovaria a exist\u00eancia de n\u00facleos populacionais na &#8220;zona de autossalvamento&#8221;. De acordo com Michel Curi e Silva, trata-se de um \u201clocal onde n\u00e3o haver\u00e1 tempo para interven\u00e7\u00e3o do Poder P\u00fablico em caso de acidente com a estrutura de conten\u00e7\u00e3o da barragem de rejeitos\u201d.<\/p>\n<p>O juiz citou ainda a trag\u00e9dia de Mariana (MG), que completa dois anos no pr\u00f3ximo domingo (5). Na \u00e9poca, o rompimento de uma barragem da Samarco, empresa controlada pela Vale e pela BHP Billiton, provocou o maior desastre ambiental do pa\u00eds e levou 19 pessoas \u00e0 morte. \u201cA recente trag\u00e9dia ambiental, sem precedentes, (&#8230;) deveria ser suficiente para recha\u00e7ar a utiliza\u00e7\u00e3o de vetustas barragens de rejeitos, h\u00e1 muito ultrapassadas por tecnologias existentes e dispon\u00edveis para o mesmo fim\u201d, destacou o juiz na decis\u00e3o.<\/p>\n<p><strong>VER PRIMEIRO<\/strong><\/p>\n<p>Receba as not\u00edcias do Aconteceu no Vale em primeira m\u00e3o. Clique em curtir no endere\u00e7o <a href=\"https:\/\/www.facebook.com\/aconteceunovale\" target=\"_blank\"><font color=\"red\">www.facebook.com\/aconteceunovale<\/font><\/a> ou no box abaixo:<\/p>\n<div class=\"fb-like\" data-href=\"https:\/\/www.facebook.com\/aconteceunovale\" data-width=\"120\" data-layout=\"standard\" data-action=\"like\" data-size=\"small\" data-show-faces=\"true\" data-share=\"true\"><\/div>\n<p><\/br><\/p>\n<p><em>(Fonte: Ag\u00eancia Brasil)<\/em><\/p>\n","protected":false},"excerpt":{"rendered":"<p>Uma liminar do Tribunal de Justi\u00e7a de Minas Gerais (TJMG) proibiu a mineradora Vale de dar prosseguimento \u00e0 implanta\u00e7\u00e3o da Barragem Maravilhas III, no munic\u00edpio de Itabirito (MG). A decis\u00e3o tamb\u00e9m determina que o governo de Minas Gerais se abstenha de conceder qualquer licen\u00e7a relacionada ao empreendimento. O despacho foi assinado nessa segunda-feira (30), pelo [&hellip;]<\/p>\n","protected":false},"author":1,"featured_media":73063,"comment_status":"open","ping_status":"closed","sticky":false,"template":"","format":"standard","meta":{"amp_status":"","footnotes":""},"categories":[123],"tags":[163108,163107,163105,163106,1499,140692,163104,7363,1829,32642,270,92646,2910],"class_list":["post-123350","post","type-post","status-publish","format-standard","has-post-thumbnail","hentry","category-gerais","tag-barragem-de-rejeitos-em-itabirito","tag-barragem-em-itabirito","tag-barragem-maravilhas-iii","tag-implantacao-da-barragem-maravilhas-iii","tag-itabirito","tag-justica-de-minas-gerais","tag-liminar-proibe-vale-de-implantar-barragem-de-rejeitos-em-municipio-mineiro","tag-mariana","tag-meio-ambiente","tag-samarco","tag-tjmg","tag-tribunal-de-justica-de-minas-gerais","tag-vale"],"_links":{"self":[{"href":"https:\/\/aconteceunovale.com.br\/portal\/index.php?rest_route=\/wp\/v2\/posts\/123350","targetHints":{"allow":["GET"]}}],"collection":[{"href":"https:\/\/aconteceunovale.com.br\/portal\/index.php?rest_route=\/wp\/v2\/posts"}],"about":[{"href":"https:\/\/aconteceunovale.com.br\/portal\/index.php?rest_route=\/wp\/v2\/types\/post"}],"author":[{"embeddable":true,"href":"https:\/\/aconteceunovale.com.br\/portal\/index.php?rest_route=\/wp\/v2\/users\/1"}],"replies":[{"embeddable":true,"href":"https:\/\/aconteceunovale.com.br\/portal\/index.php?rest_route=%2Fwp%2Fv2%2Fcomments&post=123350"}],"version-history":[{"count":0,"href":"https:\/\/aconteceunovale.com.br\/portal\/index.php?rest_route=\/wp\/v2\/posts\/123350\/revisions"}],"wp:featuredmedia":[{"embeddable":true,"href":"https:\/\/aconteceunovale.com.br\/portal\/index.php?rest_route=\/wp\/v2\/media\/73063"}],"wp:attachment":[{"href":"https:\/\/aconteceunovale.com.br\/portal\/index.php?rest_route=%2Fwp%2Fv2%2Fmedia&parent=123350"}],"wp:term":[{"taxonomy":"category","embeddable":true,"href":"https:\/\/aconteceunovale.com.br\/portal\/index.php?rest_route=%2Fwp%2Fv2%2Fcategories&post=123350"},{"taxonomy":"post_tag","embeddable":true,"href":"https:\/\/aconteceunovale.com.br\/portal\/index.php?rest_route=%2Fwp%2Fv2%2Ftags&post=123350"}],"curies":[{"name":"wp","href":"https:\/\/api.w.org\/{rel}","templated":true}]}}