{"id":123332,"date":"2017-10-31T00:30:13","date_gmt":"2017-10-31T02:30:13","guid":{"rendered":"http:\/\/aconteceunovale.com.br\/portal\/?p=123332"},"modified":"2017-10-31T00:30:13","modified_gmt":"2017-10-31T02:30:13","slug":"mae-e-filhos-vitimas-de-tragedia-com-carro-sao-sepultados-em-minas-novas","status":"publish","type":"post","link":"https:\/\/aconteceunovale.com.br\/portal\/?p=123332","title":{"rendered":"M\u00e3e e filhos v\u00edtimas de trag\u00e9dia com carro s\u00e3o sepultados em Minas Novas"},"content":{"rendered":"<p>Um grave acidente de tr\u00e2nsito causou muita tristeza e como\u00e7\u00e3o em Minas Novas, no Vale do Jequitinhonha, no \u00faltimo fim de semana. O capotamento de um ve\u00edculo causou a morte de tr\u00eas pessoas e deixou duas feridas na estrada que liga o distrito de Lagoa Grande a sede do munic\u00edpio. <\/p>\n<p>A ocorr\u00eancia foi registrada na tarde de s\u00e1bado (28). Conforme relatos, o condutor do Fiat Uno, placa final 0429, teria tentado uma manobra de ultrapassagem, vindo a perder o controle direcional e capotar v\u00e1rias vezes. <\/p>\n<p>Com o impacto do acidente, Ivani Fernandes Batista Almeida, de 59 anos, Thais Batista Almeida, de 18, e Cristiano Junior Batista Almeida, de 30, n\u00e3o resistiram aos graves ferimentos e faleceram no local. O condutor do carro, Rodrigo Aparecido e a passageira Fabiana Rodrigues Machado foram socorridos e encaminhados para o hospital de Minas Novas.<\/p>\n<p>A Per\u00edcia T\u00e9cnica da Pol\u00edcia Civil foi acionada e ap\u00f3s os trabalhos de praxe. Os corpos das tr\u00eas v\u00edtimas, m\u00e3e e dois filhos, foram velados em uma igreja evang\u00e9lica de Minas Novas e sepultados no cemit\u00e9rio local na tarde de domingo (29).<\/p>\n<p><img decoding=\"async\" src=\"http:\/\/aconteceunovale.com.br\/portal\/wp-content\/uploads\/2017\/10\/vitimas_minas_novas_1.jpg\" alt=\"\" \/><em>V\u00edtimas estavam em um carro que capotou no munic\u00edpio de Minas Novas (Fotos: WhatsApp)<\/em><br \/>\n<\/br><\/p>\n<p><strong>VER PRIMEIRO<\/strong><\/p>\n<p>Receba as not\u00edcias do Aconteceu no Vale em primeira m\u00e3o. Clique em curtir no endere\u00e7o <a href=\"https:\/\/www.facebook.com\/aconteceunovale\" target=\"_blank\"><font color=\"red\">www.facebook.com\/aconteceunovale<\/font><\/a> ou no box abaixo:<\/p>\n<div class=\"fb-like\" data-href=\"https:\/\/www.facebook.com\/aconteceunovale\" data-width=\"120\" data-layout=\"standard\" data-action=\"like\" data-size=\"small\" data-show-faces=\"true\" data-share=\"true\"><\/div>\n<p><\/br><\/p>\n","protected":false},"excerpt":{"rendered":"<p>Um grave acidente de tr\u00e2nsito causou muita tristeza e como\u00e7\u00e3o em Minas Novas, no Vale do Jequitinhonha, no \u00faltimo fim de semana. O capotamento de um ve\u00edculo causou a morte de tr\u00eas pessoas e deixou duas feridas na estrada que liga o distrito de Lagoa Grande a sede do munic\u00edpio. A ocorr\u00eancia foi registrada na [&hellip;]<\/p>\n","protected":false},"author":1,"featured_media":123333,"comment_status":"open","ping_status":"closed","sticky":false,"template":"","format":"standard","meta":{"amp_status":"","footnotes":""},"categories":[120],"tags":[163066,23295,163065,132,163071,163073,163069,163064,137,163072,163070,163068,163067],"class_list":["post-123332","post","type-post","status-publish","format-standard","has-post-thumbnail","hentry","category-jequi","tag-acidente-com-carro-em-minas-novas","tag-acidente-em-minas-novas","tag-acidente-minas-novas","tag-capelinha","tag-cristiano-junior-batista-almeida","tag-fabiana-rodrigues-machado","tag-ivani-fernandes-batista-almeida","tag-mae-e-filhos-vitimas-de-tragedia-com-carro-sao-sepultados-em-minas-novas","tag-minas-novas","tag-rodrigo-aparecido","tag-thais-batista-almeida","tag-tragedia-com-carro-em-minas-novas","tag-tragedia-em-minas-novas"],"_links":{"self":[{"href":"https:\/\/aconteceunovale.com.br\/portal\/index.php?rest_route=\/wp\/v2\/posts\/123332","targetHints":{"allow":["GET"]}}],"collection":[{"href":"https:\/\/aconteceunovale.com.br\/portal\/index.php?rest_route=\/wp\/v2\/posts"}],"about":[{"href":"https:\/\/aconteceunovale.com.br\/portal\/index.php?rest_route=\/wp\/v2\/types\/post"}],"author":[{"embeddable":true,"href":"https:\/\/aconteceunovale.com.br\/portal\/index.php?rest_route=\/wp\/v2\/users\/1"}],"replies":[{"embeddable":true,"href":"https:\/\/aconteceunovale.com.br\/portal\/index.php?rest_route=%2Fwp%2Fv2%2Fcomments&post=123332"}],"version-history":[{"count":0,"href":"https:\/\/aconteceunovale.com.br\/portal\/index.php?rest_route=\/wp\/v2\/posts\/123332\/revisions"}],"wp:featuredmedia":[{"embeddable":true,"href":"https:\/\/aconteceunovale.com.br\/portal\/index.php?rest_route=\/wp\/v2\/media\/123333"}],"wp:attachment":[{"href":"https:\/\/aconteceunovale.com.br\/portal\/index.php?rest_route=%2Fwp%2Fv2%2Fmedia&parent=123332"}],"wp:term":[{"taxonomy":"category","embeddable":true,"href":"https:\/\/aconteceunovale.com.br\/portal\/index.php?rest_route=%2Fwp%2Fv2%2Fcategories&post=123332"},{"taxonomy":"post_tag","embeddable":true,"href":"https:\/\/aconteceunovale.com.br\/portal\/index.php?rest_route=%2Fwp%2Fv2%2Ftags&post=123332"}],"curies":[{"name":"wp","href":"https:\/\/api.w.org\/{rel}","templated":true}]}}