{"id":123329,"date":"2017-10-30T23:50:03","date_gmt":"2017-10-31T01:50:03","guid":{"rendered":"http:\/\/aconteceunovale.com.br\/portal\/?p=123329"},"modified":"2017-10-30T23:51:05","modified_gmt":"2017-10-31T01:51:05","slug":"homem-e-preso-em-piedade-do-caratinga-apos-mandar-foto-nu-e-convidar-garota-de-13-anos-para-banho","status":"publish","type":"post","link":"https:\/\/aconteceunovale.com.br\/portal\/?p=123329","title":{"rendered":"Homem \u00e9 preso em Piedade do Caratinga ap\u00f3s mandar foto nu e convidar garota de 13 anos para banho"},"content":{"rendered":"<p>Um homem de 30 anos foi preso na \u00faltima semana ap\u00f3s manter conversas de cunho sexual com uma adolescente de 13 anos em Piedade do Caratinga, no Vale do Rio Doce. O suspeito aproveitou que frequentava a mesma igreja evang\u00e9lica da fam\u00edlia da v\u00edtima para se aproximar dela, inclusive mandando uma foto nu.<\/p>\n<p>De acordo com  o cabo Adair de Paula, o pai da menina procurou o quartel na \u00faltima quarta-feira. \u201cEle foi alertado pela m\u00e3e de uma outra menina, de 12 anos. Ela viu que o preso  tinha puxado papo com a filha e resolveu contar para o pai da v\u00edtima. Ao pegar o celular da adolescente, o pai viu as mensagens e a foto\u201d, contou.<\/p>\n<p>As conversas entre o suspeito e a estudante come\u00e7aram h\u00e1 cerca de um m\u00eas. Em um primeiro momento, ele apenas elogiou que a garota estava bonita durante o culto. Com o passar dos dias, as cantadas foram aumentando. O homem sempre perguntava se a menor estava sozinha em casa para que eles pudessem conversar com mais liberdade.<\/p>\n<p>\u201cEm um dos di\u00e1logos, o preso falou com a v\u00edtima que estava muito quente e os dois poderiam tomar um banho juntos. Ela tentava sair do assunto, mas o homem insistia&#8221;, disse Paula.<\/p>\n<p><strong>Medo do pai<\/strong><\/p>\n<p>Ao ser indagada pelos militares, a menina afirmou que n\u00e3o contou ao pai o que estava acontecendo porque tinha medo de apanhar e de que ele tomasse o aparelho celular dela.<\/p>\n<p>O aparelho telef\u00f4nico dela e do suspeito foram apreendidos. De acordo com a assessoria de imprensa da Pol\u00edcia Civil, o vigia foi preso em flagrante por corrup\u00e7\u00e3o de menores e ele \u00e9 investigado tamb\u00e9m em outros casos. No entanto, a corpora\u00e7\u00e3o se recusou a  passou mais detalhes para n\u00e3o atrapalhar as investiga\u00e7\u00f5es.<\/p>\n<p>O homem foi encaminhado ao Pres\u00eddio de Caratinga.<\/p>\n<p><strong>Perfil hackeado<\/strong><\/p>\n<p>Para Pol\u00edcia Militar, o homem, que foi candidato a vereador na cidade em 2016 e n\u00e3o tinha antecedentes criminais, negou as conversas com a garota e afirmou que a p\u00e1gina dele no Facebook foi hackeada. No entanto, a corpora\u00e7\u00e3o afirmou que constantemente ele usava o perfil na rede social.<\/p>\n<p><strong>VER PRIMEIRO<\/strong><\/p>\n<p>Receba as not\u00edcias do Aconteceu no Vale em primeira m\u00e3o. Clique em curtir no endere\u00e7o <a href=\"https:\/\/www.facebook.com\/aconteceunovale\" target=\"_blank\"><font color=\"red\">www.facebook.com\/aconteceunovale<\/font><\/a> ou no box abaixo:<\/p>\n<div class=\"fb-like\" data-href=\"https:\/\/www.facebook.com\/aconteceunovale\" data-width=\"120\" data-layout=\"standard\" data-action=\"like\" data-size=\"small\" data-show-faces=\"true\" data-share=\"true\"><\/div>\n<p><\/br><\/p>\n<p><em>(Fonte: O Tempo \/ Carolina Caetano)<\/em><\/p>\n","protected":false},"excerpt":{"rendered":"<p>Um homem de 30 anos foi preso na \u00faltima semana ap\u00f3s manter conversas de cunho sexual com uma adolescente de 13 anos em Piedade do Caratinga, no Vale do Rio Doce. O suspeito aproveitou que frequentava a mesma igreja evang\u00e9lica da fam\u00edlia da v\u00edtima para se aproximar dela, inclusive mandando uma foto nu. De acordo [&hellip;]<\/p>\n","protected":false},"author":1,"featured_media":102361,"comment_status":"open","ping_status":"closed","sticky":false,"template":"","format":"standard","meta":{"amp_status":"","footnotes":""},"categories":[121],"tags":[163063,163062,163059,163060,163061],"class_list":["post-123329","post","type-post","status-publish","format-standard","has-post-thumbnail","hentry","category-leste","tag-candidato-a-vereador-preso-em-piedade-do-caratinga","tag-candidato-preso-em-piedade-do-caratinga","tag-homem-e-preso-em-piedade-do-caratinga-apos-mandar-foto-nu-e-convidar-garota-de-13-anos-para-banho","tag-piedade-do-caratinga","tag-preso-em-piedade-do-caratinga"],"_links":{"self":[{"href":"https:\/\/aconteceunovale.com.br\/portal\/index.php?rest_route=\/wp\/v2\/posts\/123329","targetHints":{"allow":["GET"]}}],"collection":[{"href":"https:\/\/aconteceunovale.com.br\/portal\/index.php?rest_route=\/wp\/v2\/posts"}],"about":[{"href":"https:\/\/aconteceunovale.com.br\/portal\/index.php?rest_route=\/wp\/v2\/types\/post"}],"author":[{"embeddable":true,"href":"https:\/\/aconteceunovale.com.br\/portal\/index.php?rest_route=\/wp\/v2\/users\/1"}],"replies":[{"embeddable":true,"href":"https:\/\/aconteceunovale.com.br\/portal\/index.php?rest_route=%2Fwp%2Fv2%2Fcomments&post=123329"}],"version-history":[{"count":0,"href":"https:\/\/aconteceunovale.com.br\/portal\/index.php?rest_route=\/wp\/v2\/posts\/123329\/revisions"}],"wp:featuredmedia":[{"embeddable":true,"href":"https:\/\/aconteceunovale.com.br\/portal\/index.php?rest_route=\/wp\/v2\/media\/102361"}],"wp:attachment":[{"href":"https:\/\/aconteceunovale.com.br\/portal\/index.php?rest_route=%2Fwp%2Fv2%2Fmedia&parent=123329"}],"wp:term":[{"taxonomy":"category","embeddable":true,"href":"https:\/\/aconteceunovale.com.br\/portal\/index.php?rest_route=%2Fwp%2Fv2%2Fcategories&post=123329"},{"taxonomy":"post_tag","embeddable":true,"href":"https:\/\/aconteceunovale.com.br\/portal\/index.php?rest_route=%2Fwp%2Fv2%2Ftags&post=123329"}],"curies":[{"name":"wp","href":"https:\/\/api.w.org\/{rel}","templated":true}]}}