{"id":123322,"date":"2017-10-30T23:26:17","date_gmt":"2017-10-31T01:26:17","guid":{"rendered":"http:\/\/aconteceunovale.com.br\/portal\/?p=123322"},"modified":"2017-10-30T23:26:17","modified_gmt":"2017-10-31T01:26:17","slug":"colisao-contra-arvore-mata-quatro-jovens-na-br-116","status":"publish","type":"post","link":"https:\/\/aconteceunovale.com.br\/portal\/?p=123322","title":{"rendered":"Colis\u00e3o contra \u00e1rvore mata quatro jovens na BR-116"},"content":{"rendered":"<p>Foram enterrados nesta segunda-feira (30\/10\/2017) em S\u00e3o Jo\u00e3o do Manhua\u00e7u, na Regi\u00e3o da Zona da Mata, os corpos de quatro jovens que morreram em um acidente de carro nesse domingo na BR-116. O vel\u00f3rio das v\u00edtimas aconteceu desde a manh\u00e3 de hoje no Gin\u00e1sio Poliesportivo da cidade. Amigos e parentes lotaram o local para se despedirem. <\/p>\n<p>O acidente aconteceu por volta das 18h de domingo. De acordo com a Pol\u00edcia Rodovi\u00e1ria Federal (PRF), o ve\u00edculo seguia pela rodovia quando o motorista perdeu o controle da dire\u00e7\u00e3o por motivos ainda desconhecidos. O Fiat Palio saiu da pista e atingiu uma \u00e1rvore \u00e0s margens da estrada no km 619. Com o impacto, o teto do autom\u00f3vel foi destru\u00eddo. <\/p>\n<p>Amigos das v\u00edtimas informaram \u00e0 pol\u00edcia que os jovens estavam em Santa Margarida horas antes do acidente.<\/p>\n<p>No local, teriam participado de uma festa. Ca\u00edque Souza, Clemilson Parreira (Kek\u00e9), Felipe Magno e Vitor Torres eram bastante conhecidos na cidade. O vel\u00f3rio atraiu diversos moradores da cidade. At\u00e9 mesmo o prefeito compareceu ao local para prestar solidariedade a fam\u00edlia. O sepultamento est\u00e1 marcado para acontecer 16h. <\/p>\n<p><img decoding=\"async\" src=\"http:\/\/aconteceunovale.com.br\/portal\/wp-content\/uploads\/2017\/10\/acidente_manhuacu_1.jpg\" alt=\"\" \/><em>Carro saiu da pista e atingiu uma \u00e1rvore \u00e0s margens da pista (Foto: Portal Capara\u00f3)<\/em><br \/>\n<\/br><\/p>\n<p><img decoding=\"async\" src=\"http:\/\/aconteceunovale.com.br\/portal\/wp-content\/uploads\/2017\/10\/acidente_manhuacu_2.jpg\" alt=\"\" \/><em>Dezenas de pessoas se despediram dos jovens (Foto: Portal Capara\u00f3)<\/em><br \/>\n<\/br><\/p>\n<p><strong>VER PRIMEIRO<\/strong><\/p>\n<p>Receba as not\u00edcias do Aconteceu no Vale em primeira m\u00e3o. Clique em curtir no endere\u00e7o <a href=\"https:\/\/www.facebook.com\/aconteceunovale\" target=\"_blank\"><font color=\"red\">www.facebook.com\/aconteceunovale<\/font><\/a> ou no box abaixo:<\/p>\n<div class=\"fb-like\" data-href=\"https:\/\/www.facebook.com\/aconteceunovale\" data-width=\"120\" data-layout=\"standard\" data-action=\"like\" data-size=\"small\" data-show-faces=\"true\" data-share=\"true\"><\/div>\n<p><\/br><\/p>\n<p><em>(Fonte: Estado de Minas)<\/em><\/p>\n","protected":false},"excerpt":{"rendered":"<p>Foram enterrados nesta segunda-feira (30\/10\/2017) em S\u00e3o Jo\u00e3o do Manhua\u00e7u, na Regi\u00e3o da Zona da Mata, os corpos de quatro jovens que morreram em um acidente de carro nesse domingo na BR-116. O vel\u00f3rio das v\u00edtimas aconteceu desde a manh\u00e3 de hoje no Gin\u00e1sio Poliesportivo da cidade. Amigos e parentes lotaram o local para se [&hellip;]<\/p>\n","protected":false},"author":1,"featured_media":123323,"comment_status":"open","ping_status":"closed","sticky":false,"template":"","format":"standard","meta":{"amp_status":"","footnotes":""},"categories":[123],"tags":[163049,163047,163050,163051,163052,163055,163053,163048,1719,9047,163054],"class_list":["post-123322","post","type-post","status-publish","format-standard","has-post-thumbnail","hentry","category-gerais","tag-acidente-com-mortos-em-sao-joao-do-manhuacu","tag-acidente-em-sao-joao-do-manhuacu","tag-acidente-na-br-116-em-sao-joao-do-manhuacu","tag-caique-souza","tag-clemilson-parreira","tag-colisao-contra-arvore-mata-quatro-jovens-na-br-116","tag-felipe-magno","tag-morto-em-sao-joao-do-manhuacu","tag-santa-margarida","tag-sao-joao-do-manhuacu","tag-vitor-torres"],"_links":{"self":[{"href":"https:\/\/aconteceunovale.com.br\/portal\/index.php?rest_route=\/wp\/v2\/posts\/123322","targetHints":{"allow":["GET"]}}],"collection":[{"href":"https:\/\/aconteceunovale.com.br\/portal\/index.php?rest_route=\/wp\/v2\/posts"}],"about":[{"href":"https:\/\/aconteceunovale.com.br\/portal\/index.php?rest_route=\/wp\/v2\/types\/post"}],"author":[{"embeddable":true,"href":"https:\/\/aconteceunovale.com.br\/portal\/index.php?rest_route=\/wp\/v2\/users\/1"}],"replies":[{"embeddable":true,"href":"https:\/\/aconteceunovale.com.br\/portal\/index.php?rest_route=%2Fwp%2Fv2%2Fcomments&post=123322"}],"version-history":[{"count":0,"href":"https:\/\/aconteceunovale.com.br\/portal\/index.php?rest_route=\/wp\/v2\/posts\/123322\/revisions"}],"wp:featuredmedia":[{"embeddable":true,"href":"https:\/\/aconteceunovale.com.br\/portal\/index.php?rest_route=\/wp\/v2\/media\/123323"}],"wp:attachment":[{"href":"https:\/\/aconteceunovale.com.br\/portal\/index.php?rest_route=%2Fwp%2Fv2%2Fmedia&parent=123322"}],"wp:term":[{"taxonomy":"category","embeddable":true,"href":"https:\/\/aconteceunovale.com.br\/portal\/index.php?rest_route=%2Fwp%2Fv2%2Fcategories&post=123322"},{"taxonomy":"post_tag","embeddable":true,"href":"https:\/\/aconteceunovale.com.br\/portal\/index.php?rest_route=%2Fwp%2Fv2%2Ftags&post=123322"}],"curies":[{"name":"wp","href":"https:\/\/api.w.org\/{rel}","templated":true}]}}