{"id":123319,"date":"2017-10-30T23:16:04","date_gmt":"2017-10-31T01:16:04","guid":{"rendered":"http:\/\/aconteceunovale.com.br\/portal\/?p=123319"},"modified":"2017-10-30T23:16:04","modified_gmt":"2017-10-31T01:16:04","slug":"acidente-entre-onibus-e-carretas-deixa-um-morto-e-dez-feridos-na-br-116-no-leste-de-minas","status":"publish","type":"post","link":"https:\/\/aconteceunovale.com.br\/portal\/?p=123319","title":{"rendered":"Acidente entre \u00f4nibus e carretas deixa um morto e dez feridos na BR-116, no Leste de Minas"},"content":{"rendered":"<p>O grave acidente aconteceu durante o fim da tarde deste domingo (29\/10\/2017), no Km 554, da BR-116, em Santa B\u00e1rbara do Leste (MG). Chovia intensamente no momento da colis\u00e3o que envolveu um \u00f4nibus da via\u00e7\u00e3o Itapemirim, uma carreta com placas de Guarulhos-SP, e outra carreta, com placas de Inhapim. De acordo com informa\u00e7\u00f5es de testemunhas e da Pol\u00edcia Rodovi\u00e1ria Federal, o acidente teria acontecido ap\u00f3s uma das carretas tentar desviar de outro ve\u00edculo, perder o controle e, em seguida, atingir o \u00f4nibus.<\/p>\n<p>O \u00f4nibus realizava a linha de Mantena para S\u00e3o Paulo. No momento do acidente dezesseis passageiros estavam a bordo do coletivo, dez deles precisaram ser socorridos por conta de ferimentos provocados ap\u00f3s a colis\u00e3o. Equipes do Corpo de Bombeiros Militar de Caratinga, Anjos de Resgate de Santa B\u00e1rbara do Leste, Bombeiros Comunit\u00e1rios de Ubaporanga e ambul\u00e2ncias de cidades vizinhas trabalharam de forma conjunta para atender as v\u00edtimas.<\/p>\n<p>As v\u00edtimas foram resgatadas por sa\u00eddas de emerg\u00eancia do \u00f4nibus, atrav\u00e9s de escadas que foram colocadas nas laterais do coletivo. Algumas precisaram ser removidas imobilizadas e outras conseguiram sair com a ajuda dos bombeiros. J\u00e1 o motorista, Jos\u00e9 Viana de Matos, de 54 anos, que havia pegado a condu\u00e7\u00e3o do \u00f4nibus em Governador Valadares, n\u00e3o resistiu \u00e0 viol\u00eancia da colis\u00e3o e morreu preso \u00e1s ferragens. Motoristas de outras empresas de \u00f4nibus que haviam sa\u00eddo junto com Jos\u00e9 Viana para o trecho estavam logo atr\u00e1s do acidente, eles eram colegas de trabalho da v\u00edtima, um deles parecia n\u00e3o acreditar e se emocionou no local.<\/p>\n<p>Com o impacto forte da batida, parte da lateral de uma das carretas envolvidas no acidente arrancou e ficou presa na frente do \u00f4nibus. O resgate do corpo ao motorista do \u00f4nibus foi delicado, v\u00e1rios guinchos auxiliaram o trabalho do Corpo de Bombeiros, para puxar as colunas do coletivo que prendia a v\u00edtima fatal nas ferragens. Os trabalhos duraram em m\u00e9dia 40 minutos. A per\u00edcia t\u00e9cnica da Pol\u00edcia Civil compareceu no local do acidente, realizou an\u00e1lises e recolheu o tac\u00f3grafos dos ve\u00edculos envolvidos na colis\u00e3o. Os dois motoristas das carretas foram submetidos ao teste do baf\u00f4metro, porem o resultado para ambos foi negativo.<\/p>\n<p>Durantes os trabalhos dos \u00f3rg\u00e3os de seguran\u00e7a no local, que duraram aproximadamente quatro horas, os dois sentidos da BR-116 ficaram totalmente interditados. Quil\u00f4metros de engarrafamento chegaram a se formar no local. A carga de uma das carretas chegou a se espalhar na pista ap\u00f3s a batida e foi saqueada por populares que passavam pelo local.<\/p>\n<p><img decoding=\"async\" src=\"http:\/\/aconteceunovale.com.br\/portal\/wp-content\/uploads\/2017\/10\/acidente_itapemirim.jpg\" alt=\"\" \/><em>Motorista ficou preso \u00e0s ferragens e morreu na hora (Foto: Reprodu\u00e7\u00e3o\/WhatsApp)<\/em><br \/>\n<\/br><\/p>\n<p><strong>VER PRIMEIRO<\/strong><\/p>\n<p>Receba as not\u00edcias do Aconteceu no Vale em primeira m\u00e3o. Clique em curtir no endere\u00e7o <a href=\"https:\/\/www.facebook.com\/aconteceunovale\" target=\"_blank\"><font color=\"red\">www.facebook.com\/aconteceunovale<\/font><\/a> ou no box abaixo:<\/p>\n<div class=\"fb-like\" data-href=\"https:\/\/www.facebook.com\/aconteceunovale\" data-width=\"120\" data-layout=\"standard\" data-action=\"like\" data-size=\"small\" data-show-faces=\"true\" data-share=\"true\"><\/div>\n<p><\/br><\/p>\n<p><em>(Fonte: Super Canal Caratinga)<\/em><\/p>\n","protected":false},"excerpt":{"rendered":"<p>O grave acidente aconteceu durante o fim da tarde deste domingo (29\/10\/2017), no Km 554, da BR-116, em Santa B\u00e1rbara do Leste (MG). Chovia intensamente no momento da colis\u00e3o que envolveu um \u00f4nibus da via\u00e7\u00e3o Itapemirim, uma carreta com placas de Guarulhos-SP, e outra carreta, com placas de Inhapim. De acordo com informa\u00e7\u00f5es de testemunhas [&hellip;]<\/p>\n","protected":false},"author":1,"featured_media":123320,"comment_status":"open","ping_status":"closed","sticky":false,"template":"","format":"standard","meta":{"amp_status":"","footnotes":""},"categories":[121],"tags":[156221,163045,46447,163046,163041,163039,163043,163037,247,4611,296,86438,163044,1516,163042,50751,311,163040,163038,101455],"class_list":["post-123319","post","type-post","status-publish","format-standard","has-post-thumbnail","hentry","category-leste","tag-acidente-com-onibus-da-viacao-itapemirim","tag-acidente-com-onibus-em-santa-barbara-do-leste","tag-acidente-em-santa-barbara-do-leste","tag-acidente-entre-onibus-e-carretas-deixa-um-morto-e-dez-feridos-na-br-116","tag-acidente-itapemirim","tag-acidente-onibus-itapemirim","tag-acidente-onibus-que-seguia-de-mantena-para-sao-paulo","tag-acidente-viacao-itapemirim","tag-governador-valadares","tag-guarulhos","tag-inhapim","tag-itapemirim","tag-jose-viana-de-mato","tag-mantena","tag-mantena-para-sao-paulo","tag-no-leste-de-minas","tag-santa-barbara-do-leste","tag-tragedia-itapemirim","tag-tragedia-viacao-itapemirim","tag-viacao-itapemirim"],"_links":{"self":[{"href":"https:\/\/aconteceunovale.com.br\/portal\/index.php?rest_route=\/wp\/v2\/posts\/123319","targetHints":{"allow":["GET"]}}],"collection":[{"href":"https:\/\/aconteceunovale.com.br\/portal\/index.php?rest_route=\/wp\/v2\/posts"}],"about":[{"href":"https:\/\/aconteceunovale.com.br\/portal\/index.php?rest_route=\/wp\/v2\/types\/post"}],"author":[{"embeddable":true,"href":"https:\/\/aconteceunovale.com.br\/portal\/index.php?rest_route=\/wp\/v2\/users\/1"}],"replies":[{"embeddable":true,"href":"https:\/\/aconteceunovale.com.br\/portal\/index.php?rest_route=%2Fwp%2Fv2%2Fcomments&post=123319"}],"version-history":[{"count":0,"href":"https:\/\/aconteceunovale.com.br\/portal\/index.php?rest_route=\/wp\/v2\/posts\/123319\/revisions"}],"wp:featuredmedia":[{"embeddable":true,"href":"https:\/\/aconteceunovale.com.br\/portal\/index.php?rest_route=\/wp\/v2\/media\/123320"}],"wp:attachment":[{"href":"https:\/\/aconteceunovale.com.br\/portal\/index.php?rest_route=%2Fwp%2Fv2%2Fmedia&parent=123319"}],"wp:term":[{"taxonomy":"category","embeddable":true,"href":"https:\/\/aconteceunovale.com.br\/portal\/index.php?rest_route=%2Fwp%2Fv2%2Fcategories&post=123319"},{"taxonomy":"post_tag","embeddable":true,"href":"https:\/\/aconteceunovale.com.br\/portal\/index.php?rest_route=%2Fwp%2Fv2%2Ftags&post=123319"}],"curies":[{"name":"wp","href":"https:\/\/api.w.org\/{rel}","templated":true}]}}