{"id":123315,"date":"2017-10-30T22:32:33","date_gmt":"2017-10-31T00:32:33","guid":{"rendered":"http:\/\/aconteceunovale.com.br\/portal\/?p=123315"},"modified":"2017-10-30T22:32:33","modified_gmt":"2017-10-31T00:32:33","slug":"governo-reve-orcamento-para-2018-e-reduz-valor-do-salario-minimo","status":"publish","type":"post","link":"https:\/\/aconteceunovale.com.br\/portal\/?p=123315","title":{"rendered":"Governo rev\u00ea or\u00e7amento para 2018 e reduz valor do sal\u00e1rio m\u00ednimo"},"content":{"rendered":"<p>O ministro do Planejamento, Dyogo Oliveira, anunciou h\u00e1 pouco a revis\u00e3o do Or\u00e7amento de 2018 com a previs\u00e3o de redu\u00e7\u00e3o de R$ 4 no valor do sal\u00e1rio m\u00ednimo para o pr\u00f3ximo ano, que passa de R$ 969 para R$ 965.<\/p>\n<p>\u201cEsse n\u00e3o \u00e9 o valor que est\u00e1 sendo definido, mas uma proje\u00e7\u00e3o para fins or\u00e7ament\u00e1rios. O valor ser\u00e1 fixado apenas em janeiro, como determina a lei, com a publica\u00e7\u00e3o de um decreto. \u00c9 uma estimativa com base na estimativa da infla\u00e7\u00e3o\u201d, explicou o ministro.<\/p>\n<p>O valor menor ocorre devido a redu\u00e7\u00e3o da previs\u00e3o do \u00cdndice de Pre\u00e7os ao Consumidor (INPC).<\/p>\n<p>Na mensagem modificativa do Projeto de Lei Or\u00e7ament\u00e1ria Anual (PLOA) de 2018, que ser\u00e1 enviada ao Congresso Nacional, o governo mant\u00e9m a previs\u00e3o de crescimento de 2% do PIB para 2018 e uma infla\u00e7\u00e3o oficial pelo \u00cdndice Nacional de Pre\u00e7os ao Consumidor Amplo (IPCA) de 4,2%.<\/p>\n<p>J\u00e1 a estimativa do INPC, teve uma leve modifica\u00e7\u00e3o em rela\u00e7\u00e3o \u00e0 proposta or\u00e7ament\u00e1ria em tramita\u00e7\u00e3o no Congresso, de 4,2%, para 4,3%.<\/p>\n<p>No documento que ser\u00e1 enviado ao Congresso, o governo reduz a previs\u00e3o de taxa Selic para o pr\u00f3ximo ao de 8% ao ano para 7,25%.<\/p>\n<p>O governo est\u00e1 enviando ao Congresso a mensagem modificativa porque a pe\u00e7a or\u00e7ament\u00e1ria enviada em 31 de agosto n\u00e3o considerou a revis\u00e3o da meta de d\u00e9ficit fiscal para o ano que vem e a redu\u00e7\u00e3o das despesas.<\/p>\n<p><strong>VER PRIMEIRO<\/strong><\/p>\n<p>Receba as not\u00edcias do Aconteceu no Vale em primeira m\u00e3o. Clique em curtir no endere\u00e7o <a href=\"https:\/\/www.facebook.com\/aconteceunovale\" target=\"_blank\"><font color=\"red\">www.facebook.com\/aconteceunovale<\/font><\/a> ou no box abaixo:<\/p>\n<div class=\"fb-like\" data-href=\"https:\/\/www.facebook.com\/aconteceunovale\" data-width=\"120\" data-layout=\"standard\" data-action=\"like\" data-size=\"small\" data-show-faces=\"true\" data-share=\"true\"><\/div>\n<p><\/br><\/p>\n<p><em>(Fonte: Ag\u00eancia Brasil)<\/em><\/p>\n","protected":false},"excerpt":{"rendered":"<p>O ministro do Planejamento, Dyogo Oliveira, anunciou h\u00e1 pouco a revis\u00e3o do Or\u00e7amento de 2018 com a previs\u00e3o de redu\u00e7\u00e3o de R$ 4 no valor do sal\u00e1rio m\u00ednimo para o pr\u00f3ximo ano, que passa de R$ 969 para R$ 965. \u201cEsse n\u00e3o \u00e9 o valor que est\u00e1 sendo definido, mas uma proje\u00e7\u00e3o para fins or\u00e7ament\u00e1rios. [&hellip;]<\/p>\n","protected":false},"author":1,"featured_media":103762,"comment_status":"open","ping_status":"closed","sticky":false,"template":"","format":"standard","meta":{"amp_status":"","footnotes":""},"categories":[6],"tags":[163030,54415,42383,19588,163024,163027,163026,163029,155929,26448,145161,163025,163028],"class_list":["post-123315","post","type-post","status-publish","format-standard","has-post-thumbnail","hentry","category-br","tag-governo-reve-orcamento-para-2018-e-reduz-valor-do-salario-minimo","tag-ministerio-do-planejamento","tag-orcamento","tag-pib","tag-previsao-salario-2018","tag-previsao-salario-minimo-2018","tag-qual-o-valor-do-salario-2018","tag-qual-o-valor-do-salario-minimo-2018","tag-salario-2018","tag-salario-minimo","tag-salario-minimo-2018","tag-valor-salario-2018","tag-valor-salario-minimo-2018"],"_links":{"self":[{"href":"https:\/\/aconteceunovale.com.br\/portal\/index.php?rest_route=\/wp\/v2\/posts\/123315","targetHints":{"allow":["GET"]}}],"collection":[{"href":"https:\/\/aconteceunovale.com.br\/portal\/index.php?rest_route=\/wp\/v2\/posts"}],"about":[{"href":"https:\/\/aconteceunovale.com.br\/portal\/index.php?rest_route=\/wp\/v2\/types\/post"}],"author":[{"embeddable":true,"href":"https:\/\/aconteceunovale.com.br\/portal\/index.php?rest_route=\/wp\/v2\/users\/1"}],"replies":[{"embeddable":true,"href":"https:\/\/aconteceunovale.com.br\/portal\/index.php?rest_route=%2Fwp%2Fv2%2Fcomments&post=123315"}],"version-history":[{"count":0,"href":"https:\/\/aconteceunovale.com.br\/portal\/index.php?rest_route=\/wp\/v2\/posts\/123315\/revisions"}],"wp:featuredmedia":[{"embeddable":true,"href":"https:\/\/aconteceunovale.com.br\/portal\/index.php?rest_route=\/wp\/v2\/media\/103762"}],"wp:attachment":[{"href":"https:\/\/aconteceunovale.com.br\/portal\/index.php?rest_route=%2Fwp%2Fv2%2Fmedia&parent=123315"}],"wp:term":[{"taxonomy":"category","embeddable":true,"href":"https:\/\/aconteceunovale.com.br\/portal\/index.php?rest_route=%2Fwp%2Fv2%2Fcategories&post=123315"},{"taxonomy":"post_tag","embeddable":true,"href":"https:\/\/aconteceunovale.com.br\/portal\/index.php?rest_route=%2Fwp%2Fv2%2Ftags&post=123315"}],"curies":[{"name":"wp","href":"https:\/\/api.w.org\/{rel}","templated":true}]}}