{"id":123312,"date":"2017-10-30T22:16:03","date_gmt":"2017-10-31T00:16:03","guid":{"rendered":"http:\/\/aconteceunovale.com.br\/portal\/?p=123312"},"modified":"2017-10-30T22:16:03","modified_gmt":"2017-10-31T00:16:03","slug":"fabio-ramalho-e-michel-temer-discutem-votacao-da-reforma-previdencia","status":"publish","type":"post","link":"https:\/\/aconteceunovale.com.br\/portal\/?p=123312","title":{"rendered":"F\u00e1bio Ramalho e Michel Temer discutem vota\u00e7\u00e3o da Reforma Previd\u00eancia"},"content":{"rendered":"<p>O presidente em exerc\u00edcio da C\u00e2mara, deputado F\u00e1bio Ramalho (PMDB-MG), se encontrou na tarde de hoje (30\/10\/2017) com Michel Temer, em S\u00e3o Paulo, ap\u00f3s alta m\u00e9dica do presidente. Os dois conversaram, entre outros pontos sobre a vota\u00e7\u00e3o da reforma da Previd\u00eancia na Casa.<\/p>\n<p>A Proposta de Emenda a Constitui\u00e7\u00e3o (PEC 287\/16) j\u00e1 est\u00e1 pronta para ser apreciada em plen\u00e1rio e para ser aprovada precisa ser votada em dois turnos, onde ser\u00e3o necess\u00e1rios 308 votos para aprova\u00e7\u00e3o.<\/p>\n<p>Na avalia\u00e7\u00e3o de Ramalho, para conseguir aprovar a reforma da Previd\u00eancia, o presidente deve reagrupar a base aliada ao governo. Segundo ele, neste momento o governo n\u00e3o tem o n\u00famero de votos necess\u00e1rios para aprovar o atual texto reforma.<\/p>\n<p>\u201cO presidente \u00e9 consciente de que primeiro ele tem que reagrupar a base. Ele tamb\u00e9m pensa que tem que fazer uma comunica\u00e7\u00e3o melhor para que a sociedade entenda [a reforma da Previd\u00eancia].E ele acha necess\u00e1rio e urgente que se vote, pelo menos, a idade [m\u00ednima para aposentadoria], mas que para votar ele sabe que tem que ter primeiro uma sinaliza\u00e7\u00e3o de toda sociedade brasileira nesse sentido\u201d, disse F\u00e1bio Ramalho.<\/p>\n<p>Segundo Ramalho, Temer acredita que, se n\u00e3o houver a compreens\u00e3o pela sociedade, a PEC dificilmente ser\u00e1 aprovada na C\u00e2mara dos Deputados. \u201c[\u00c9 necess\u00e1rio] explicar realmente o que tem na reforma da Previd\u00eancia, que ela n\u00e3o vai mexer com nenhum direito de nenhuma pessoa mais pobre, com direito do trabalhador rural. Se a gente conseguir isso, se a sociedade compreender isso, a gente consegue avan\u00e7ar em alguma coisa da Previd\u00eancia. Sen\u00e3o, eu posso afirmar que ser\u00e1 muito dif\u00edcil [aprova\u00e7\u00e3o da PEC]\u201d.<\/p>\n<p><strong>Or\u00e7amento<\/strong><\/p>\n<p>O deputado disse ainda que o presidente pretende rever o or\u00e7amento da \u00e1rea de Ci\u00eancia e Tecnologia para o pr\u00f3ximo ano. O minist\u00e9rio, de acordo com o ministro Gilberto Kassab, enfrenta um contingenciamento de R$ 2,2 bilh\u00f5es este ano e de R$ 1,2 bilh\u00e3o no pr\u00f3ximo ano.<\/p>\n<p>\u201cEle quer fazer a matem\u00e1tica para melhorar o or\u00e7amento de alguns setores, principalmente da Ci\u00eancia e Tecnologia. Ele est\u00e1 aguardando para ver o que ele tem realmente de recursos. Ele pensa que poder\u00e1 ter uma sobra no Or\u00e7amento para que ele possa melhorar para o pr\u00f3ximo ano\u201d, afirmou.<\/p>\n<p><strong>VER PRIMEIRO<\/strong><\/p>\n<p>Receba as not\u00edcias do Aconteceu no Vale em primeira m\u00e3o. Clique em curtir no endere\u00e7o <a href=\"https:\/\/www.facebook.com\/aconteceunovale\" target=\"_blank\"><font color=\"red\">www.facebook.com\/aconteceunovale<\/font><\/a> ou no box abaixo:<\/p>\n<div class=\"fb-like\" data-href=\"https:\/\/www.facebook.com\/aconteceunovale\" data-width=\"120\" data-layout=\"standard\" data-action=\"like\" data-size=\"small\" data-show-faces=\"true\" data-share=\"true\"><\/div>\n<p><\/br><\/p>\n<p><em>(Fonte: Ag\u00eancia Brasil)<\/em><\/p>\n","protected":false},"excerpt":{"rendered":"<p>O presidente em exerc\u00edcio da C\u00e2mara, deputado F\u00e1bio Ramalho (PMDB-MG), se encontrou na tarde de hoje (30\/10\/2017) com Michel Temer, em S\u00e3o Paulo, ap\u00f3s alta m\u00e9dica do presidente. Os dois conversaram, entre outros pontos sobre a vota\u00e7\u00e3o da reforma da Previd\u00eancia na Casa. A Proposta de Emenda a Constitui\u00e7\u00e3o (PEC 287\/16) j\u00e1 est\u00e1 pronta para [&hellip;]<\/p>\n","protected":false},"author":1,"featured_media":123313,"comment_status":"open","ping_status":"closed","sticky":false,"template":"","format":"standard","meta":{"amp_status":"","footnotes":""},"categories":[6],"tags":[83654,21888,104247,41240,20181,110209],"class_list":["post-123312","post","type-post","status-publish","format-standard","has-post-thumbnail","hentry","category-br","tag-base-aliada","tag-camara","tag-deputado-fabio-ramalho","tag-fabio-ramalho","tag-michel-temer","tag-reforma-da-previdencia"],"_links":{"self":[{"href":"https:\/\/aconteceunovale.com.br\/portal\/index.php?rest_route=\/wp\/v2\/posts\/123312","targetHints":{"allow":["GET"]}}],"collection":[{"href":"https:\/\/aconteceunovale.com.br\/portal\/index.php?rest_route=\/wp\/v2\/posts"}],"about":[{"href":"https:\/\/aconteceunovale.com.br\/portal\/index.php?rest_route=\/wp\/v2\/types\/post"}],"author":[{"embeddable":true,"href":"https:\/\/aconteceunovale.com.br\/portal\/index.php?rest_route=\/wp\/v2\/users\/1"}],"replies":[{"embeddable":true,"href":"https:\/\/aconteceunovale.com.br\/portal\/index.php?rest_route=%2Fwp%2Fv2%2Fcomments&post=123312"}],"version-history":[{"count":0,"href":"https:\/\/aconteceunovale.com.br\/portal\/index.php?rest_route=\/wp\/v2\/posts\/123312\/revisions"}],"wp:featuredmedia":[{"embeddable":true,"href":"https:\/\/aconteceunovale.com.br\/portal\/index.php?rest_route=\/wp\/v2\/media\/123313"}],"wp:attachment":[{"href":"https:\/\/aconteceunovale.com.br\/portal\/index.php?rest_route=%2Fwp%2Fv2%2Fmedia&parent=123312"}],"wp:term":[{"taxonomy":"category","embeddable":true,"href":"https:\/\/aconteceunovale.com.br\/portal\/index.php?rest_route=%2Fwp%2Fv2%2Fcategories&post=123312"},{"taxonomy":"post_tag","embeddable":true,"href":"https:\/\/aconteceunovale.com.br\/portal\/index.php?rest_route=%2Fwp%2Fv2%2Ftags&post=123312"}],"curies":[{"name":"wp","href":"https:\/\/api.w.org\/{rel}","templated":true}]}}