{"id":123301,"date":"2017-10-30T20:35:47","date_gmt":"2017-10-30T22:35:47","guid":{"rendered":"http:\/\/aconteceunovale.com.br\/portal\/?p=123301"},"modified":"2017-10-30T20:35:47","modified_gmt":"2017-10-30T22:35:47","slug":"governo-lanca-plano-de-desenvolvimento-para-o-vale-do-jequitinhonha","status":"publish","type":"post","link":"https:\/\/aconteceunovale.com.br\/portal\/?p=123301","title":{"rendered":"Governo lan\u00e7a Plano de Desenvolvimento para o Vale do Jequitinhonha"},"content":{"rendered":"<p>O Governo de Minas Gerais, por meio da Funda\u00e7\u00e3o Jo\u00e3o Pinheiro, lan\u00e7ou o Plano de Desenvolvimento para o Vale do Jequitinhonha (PDVJ) para os Territ\u00f3rios do Alto e do M\u00e9dio\/Baixo Jequitinhonha, realizado em parceria com a Cemig Gera\u00e7\u00e3o e Transmiss\u00e3o S.A., financiadora da iniciativa.<\/p>\n<p>De acordo com o presidente da FJP, Roberto Nascimento, o percurso metodol\u00f3gico de elabora\u00e7\u00e3o do plano envolveu ampla participa\u00e7\u00e3o da popula\u00e7\u00e3o do Vale do Jequitinhonha, por meio de oficinas realizadas na regi\u00e3o com \u00f3rg\u00e3os representativos da comunidade, das administra\u00e7\u00f5es municipais e do p\u00fablico em geral.<\/p>\n<p>\u201cO plano contemplou a an\u00e1lise das demandas apresentadas pela popula\u00e7\u00e3o do Vale durante os F\u00f3runs Regionais. O estudo se insere, desde a sua concep\u00e7\u00e3o, como elemento de planejamento e a\u00e7\u00e3o governamental\u201d, ressaltou, na solenidade de lan\u00e7amento.<\/p>\n<p><strong>Plano<\/strong><\/p>\n<p>Com o objetivo de definir um conjunto de estrat\u00e9gias que visam nortear a\u00e7\u00f5es voltadas para o desenvolvimento dos territ\u00f3rios do Alto e do M\u00e9dio\/Baixo Jequitinhonha, as propostas do plano foram organizadas em cinco eixos de interven\u00e7\u00e3o: recursos h\u00eddricos, desenvolvimento produtivo, desenvolvimento social, infraestrutura econ\u00f4mica e gest\u00e3o municipal.<\/p>\n<p>Composto por seis volumes, o PDVJ abrange Estrat\u00e9gias e A\u00e7\u00f5es; Demografia e atividades econ\u00f4micas principais: estudos de base; Diagn\u00f3sticos Propositivos dos setores produtivo, social, de infraestrutura econ\u00f4mica e de gest\u00e3o municipal; e o registro t\u00e9cnico e documental das Oficinas Participativas realizadas desses Territ\u00f3rios de Desenvolvimento. Al\u00e9m destes volumes, foi tamb\u00e9m produzido um almanaque de divulga\u00e7\u00e3o.<\/p>\n<p>O processo de elabora\u00e7\u00e3o do Plano envolveu o esfor\u00e7o de rever cuidadosamente estudos e planos pr\u00e9vios, incorporar pr\u00e1ticas participativas e propor a\u00e7\u00f5es com chances reais de implementa\u00e7\u00e3o por parte do governo estadual.<\/p>\n<p>De acordo com a coordenadora do PDVJ, Maria Luiza de Aguiar Marques, a estrutura\u00e7\u00e3o de um sistema de governan\u00e7a capaz de promover a converg\u00eancia entre os agentes implementadores e a sociedade em torno de seus objetivos e a\u00e7\u00f5es \u00e9 fundamental para o sucesso da iniciativa.<\/p>\n<p>\u201c\u00c9 necess\u00e1rio definir mecanismos e espa\u00e7os que permitam a discuss\u00e3o permanente das a\u00e7\u00f5es propostas, a elei\u00e7\u00e3o de prioridades e seu alinhamento aos programas e \u00e0s a\u00e7\u00f5es em curso nos diversos \u00f3rg\u00e3os das tr\u00eas esferas de governo\u201d, observou.<\/p>\n<p><strong>Perfil<\/strong><\/p>\n<p>Os territ\u00f3rios do Alto e do M\u00e9dio\/Baixo Jequitinhonha s\u00e3o constitu\u00eddos por 59 munic\u00edpios e somam uma popula\u00e7\u00e3o de aproximadamente 770 mil pessoas, das quais 38% vivem no meio rural, percentual duas vezes maior do que o observado para o estado. Em termos econ\u00f4micos, respondem por 1,3% do PIB mineiro.<\/p>\n<p>Ambos os Territ\u00f3rios t\u00eam como caracter\u00edstica a baixa disponibilidade de recursos h\u00eddricos e a depend\u00eancia econ\u00f4mica do setor servi\u00e7os, da administra\u00e7\u00e3o p\u00fablica e da agricultura familiar.<\/p>\n<p>A ind\u00fastria tem participa\u00e7\u00e3o muito pequena no Alto e M\u00e9dio\/Baixo Jequitinhonha, especialmente no subsetor de transforma\u00e7\u00e3o, que sofre com o relativo isolamento da regi\u00e3o, com as lacunas de infraestrutura e com a falta de m\u00e3o de obra qualificada.<\/p>\n<p>Por outro lado, houve avan\u00e7os na \u00e1rea social nas \u00faltimas d\u00e9cadas com a institucionaliza\u00e7\u00e3o dos sistemas de sa\u00fade (SUS), de assist\u00eancia social (SUAS) e de educa\u00e7\u00e3o. Outras importantes caracter\u00edsticas dos dois territ\u00f3rios s\u00e3o a riqueza do patrim\u00f4nio e das manifesta\u00e7\u00f5es culturais; popula\u00e7\u00f5es com forte senso de pertencimento e potencial para a mobiliza\u00e7\u00e3o social; e a intensa atua\u00e7\u00e3o de institui\u00e7\u00f5es da sociedade civil, muitas delas voltadas para projetos sociais.<\/p>\n<p><strong>VER PRIMEIRO<\/strong><\/p>\n<p>Receba as not\u00edcias do Aconteceu no Vale em primeira m\u00e3o. Clique em curtir no endere\u00e7o <a href=\"https:\/\/www.facebook.com\/aconteceunovale\" target=\"_blank\"><font color=\"red\">www.facebook.com\/aconteceunovale<\/font><\/a> ou no box abaixo:<\/p>\n<div class=\"fb-like\" data-href=\"https:\/\/www.facebook.com\/aconteceunovale\" data-width=\"120\" data-layout=\"standard\" data-action=\"like\" data-size=\"small\" data-show-faces=\"true\" data-share=\"true\"><\/div>\n<p><\/br><\/p>\n<p><em>(Fonte: Ag\u00eancia Minas)<\/em><\/p>\n","protected":false},"excerpt":{"rendered":"<p>O Governo de Minas Gerais, por meio da Funda\u00e7\u00e3o Jo\u00e3o Pinheiro, lan\u00e7ou o Plano de Desenvolvimento para o Vale do Jequitinhonha (PDVJ) para os Territ\u00f3rios do Alto e do M\u00e9dio\/Baixo Jequitinhonha, realizado em parceria com a Cemig Gera\u00e7\u00e3o e Transmiss\u00e3o S.A., financiadora da iniciativa. De acordo com o presidente da FJP, Roberto Nascimento, o percurso [&hellip;]<\/p>\n","protected":false},"author":1,"featured_media":123302,"comment_status":"open","ping_status":"closed","sticky":false,"template":"","format":"standard","meta":{"amp_status":"","footnotes":""},"categories":[120],"tags":[163002,107444,1411,163000,163003,163001,163004,163005],"class_list":["post-123301","post","type-post","status-publish","format-standard","has-post-thumbnail","hentry","category-jequi","tag-desenvolvimento-para-o-vale-do-jequitinhonha","tag-fjp","tag-fundacao-joao-pinheiro","tag-governo-lanca-plano-de-desenvolvimento-para-o-vale-do-jequitinhonha","tag-pdvj","tag-plano-de-desenvolvimento-para-o-vale-do-jequitinhonha","tag-presidente-da-fjp","tag-roberto-nascimento"],"yoast_head":"<!-- This site is optimized with the Yoast SEO plugin v28.3 - https:\/\/yoast.com\/product\/yoast-seo-wordpress\/ -->\n<title>Governo lan\u00e7a Plano de Desenvolvimento para o Vale do Jequitinhonha - Aconteceu no Vale<\/title>\n<meta name=\"robots\" content=\"index, follow, max-snippet:-1, max-image-preview:large, max-video-preview:-1\" \/>\n<link rel=\"canonical\" href=\"https:\/\/aconteceunovale.com.br\/portal\/?p=123301\" \/>\n<meta property=\"og:locale\" content=\"pt_BR\" \/>\n<meta property=\"og:type\" content=\"article\" \/>\n<meta property=\"og:title\" content=\"Governo lan\u00e7a Plano de Desenvolvimento para o Vale do Jequitinhonha - Aconteceu no Vale\" \/>\n<meta property=\"og:description\" content=\"O Governo de Minas Gerais, por meio da Funda\u00e7\u00e3o Jo\u00e3o Pinheiro, lan\u00e7ou o Plano de Desenvolvimento para o Vale do Jequitinhonha (PDVJ) para os Territ\u00f3rios do Alto e do M\u00e9dio\/Baixo Jequitinhonha, realizado em parceria com a Cemig Gera\u00e7\u00e3o e Transmiss\u00e3o S.A., financiadora da iniciativa. De acordo com o presidente da FJP, Roberto Nascimento, o percurso [&hellip;]\" \/>\n<meta property=\"og:url\" content=\"https:\/\/aconteceunovale.com.br\/portal\/?p=123301\" \/>\n<meta property=\"og:site_name\" content=\"Aconteceu no Vale\" \/>\n<meta property=\"article:publisher\" content=\"https:\/\/www.facebook.com\/aconteceunovale\/\" \/>\n<meta property=\"article:published_time\" content=\"2017-10-30T22:35:47+00:00\" \/>\n<meta property=\"og:image\" content=\"https:\/\/aconteceunovale.com.br\/portal\/wp-content\/uploads\/2017\/10\/pdvj_1.jpg\" \/>\n\t<meta property=\"og:image:width\" content=\"678\" \/>\n\t<meta property=\"og:image:height\" content=\"440\" \/>\n\t<meta property=\"og:image:type\" content=\"image\/jpeg\" \/>\n<meta name=\"author\" content=\"Aconteceu no Vale\" \/>\n<meta name=\"twitter:card\" content=\"summary_large_image\" \/>\n<meta name=\"twitter:creator\" content=\"@noticiadosvales\" \/>\n<meta name=\"twitter:site\" content=\"@noticiadosvales\" \/>\n<meta name=\"twitter:label1\" content=\"Escrito por\" \/>\n\t<meta name=\"twitter:data1\" content=\"Aconteceu no Vale\" \/>\n\t<meta name=\"twitter:label2\" content=\"Est. tempo de leitura\" \/>\n\t<meta name=\"twitter:data2\" content=\"3 minutos\" \/>\n<script type=\"application\/ld+json\" class=\"yoast-schema-graph\">{\"@context\":\"https:\\\/\\\/schema.org\",\"@graph\":[{\"@type\":\"Article\",\"@id\":\"https:\\\/\\\/aconteceunovale.com.br\\\/portal\\\/?p=123301#article\",\"isPartOf\":{\"@id\":\"https:\\\/\\\/aconteceunovale.com.br\\\/portal\\\/?p=123301\"},\"author\":{\"name\":\"Aconteceu no Vale\",\"@id\":\"https:\\\/\\\/aconteceunovale.com.br\\\/portal\\\/#\\\/schema\\\/person\\\/633529146f2c94272bef50ac2953d589\"},\"headline\":\"Governo lan\u00e7a Plano de Desenvolvimento para o Vale do Jequitinhonha\",\"datePublished\":\"2017-10-30T22:35:47+00:00\",\"mainEntityOfPage\":{\"@id\":\"https:\\\/\\\/aconteceunovale.com.br\\\/portal\\\/?p=123301\"},\"wordCount\":661,\"commentCount\":0,\"image\":{\"@id\":\"https:\\\/\\\/aconteceunovale.com.br\\\/portal\\\/?p=123301#primaryimage\"},\"thumbnailUrl\":\"https:\\\/\\\/aconteceunovale.com.br\\\/portal\\\/wp-content\\\/uploads\\\/2017\\\/10\\\/pdvj_1.jpg\",\"keywords\":[\"Desenvolvimento para o Vale do Jequitinhonha\",\"FJP\",\"funda\u00e7\u00e3o jo\u00e3o pinheiro\",\"Governo lan\u00e7a Plano de Desenvolvimento para o Vale do Jequitinhonha\",\"PDVJ\",\"Plano de Desenvolvimento para o Vale do Jequitinhonha\",\"presidente da FJP\",\"Roberto Nascimento\"],\"articleSection\":[\"Vale do Jequitinhonha\"],\"inLanguage\":\"pt-BR\",\"potentialAction\":[{\"@type\":\"CommentAction\",\"name\":\"Comment\",\"target\":[\"https:\\\/\\\/aconteceunovale.com.br\\\/portal\\\/?p=123301#respond\"]}]},{\"@type\":\"WebPage\",\"@id\":\"https:\\\/\\\/aconteceunovale.com.br\\\/portal\\\/?p=123301\",\"url\":\"https:\\\/\\\/aconteceunovale.com.br\\\/portal\\\/?p=123301\",\"name\":\"Governo lan\u00e7a Plano de Desenvolvimento para o Vale do Jequitinhonha - Aconteceu no Vale\",\"isPartOf\":{\"@id\":\"https:\\\/\\\/aconteceunovale.com.br\\\/portal\\\/#website\"},\"primaryImageOfPage\":{\"@id\":\"https:\\\/\\\/aconteceunovale.com.br\\\/portal\\\/?p=123301#primaryimage\"},\"image\":{\"@id\":\"https:\\\/\\\/aconteceunovale.com.br\\\/portal\\\/?p=123301#primaryimage\"},\"thumbnailUrl\":\"https:\\\/\\\/aconteceunovale.com.br\\\/portal\\\/wp-content\\\/uploads\\\/2017\\\/10\\\/pdvj_1.jpg\",\"datePublished\":\"2017-10-30T22:35:47+00:00\",\"author\":{\"@id\":\"https:\\\/\\\/aconteceunovale.com.br\\\/portal\\\/#\\\/schema\\\/person\\\/633529146f2c94272bef50ac2953d589\"},\"breadcrumb\":{\"@id\":\"https:\\\/\\\/aconteceunovale.com.br\\\/portal\\\/?p=123301#breadcrumb\"},\"inLanguage\":\"pt-BR\",\"potentialAction\":[{\"@type\":\"ReadAction\",\"target\":[\"https:\\\/\\\/aconteceunovale.com.br\\\/portal\\\/?p=123301\"]}]},{\"@type\":\"ImageObject\",\"inLanguage\":\"pt-BR\",\"@id\":\"https:\\\/\\\/aconteceunovale.com.br\\\/portal\\\/?p=123301#primaryimage\",\"url\":\"https:\\\/\\\/aconteceunovale.com.br\\\/portal\\\/wp-content\\\/uploads\\\/2017\\\/10\\\/pdvj_1.jpg\",\"contentUrl\":\"https:\\\/\\\/aconteceunovale.com.br\\\/portal\\\/wp-content\\\/uploads\\\/2017\\\/10\\\/pdvj_1.jpg\",\"width\":678,\"height\":440},{\"@type\":\"BreadcrumbList\",\"@id\":\"https:\\\/\\\/aconteceunovale.com.br\\\/portal\\\/?p=123301#breadcrumb\",\"itemListElement\":[{\"@type\":\"ListItem\",\"position\":1,\"name\":\"In\u00edcio\",\"item\":\"https:\\\/\\\/aconteceunovale.com.br\\\/portal\\\/\"},{\"@type\":\"ListItem\",\"position\":2,\"name\":\"Governo lan\u00e7a Plano de Desenvolvimento para o Vale do Jequitinhonha\"}]},{\"@type\":\"WebSite\",\"@id\":\"https:\\\/\\\/aconteceunovale.com.br\\\/portal\\\/#website\",\"url\":\"https:\\\/\\\/aconteceunovale.com.br\\\/portal\\\/\",\"name\":\"Aconteceu no Vale\",\"description\":\"Portal de Not\u00edcias\",\"potentialAction\":[{\"@type\":\"SearchAction\",\"target\":{\"@type\":\"EntryPoint\",\"urlTemplate\":\"https:\\\/\\\/aconteceunovale.com.br\\\/portal\\\/?s={search_term_string}\"},\"query-input\":{\"@type\":\"PropertyValueSpecification\",\"valueRequired\":true,\"valueName\":\"search_term_string\"}}],\"inLanguage\":\"pt-BR\"},{\"@type\":\"Person\",\"@id\":\"https:\\\/\\\/aconteceunovale.com.br\\\/portal\\\/#\\\/schema\\\/person\\\/633529146f2c94272bef50ac2953d589\",\"name\":\"Aconteceu no Vale\",\"description\":\"Equipe de reportagem do Aconteceu no Vale, portal de not\u00edcias do Vale do Jequitinhonha, em Minas Gerais. Cobrimos as 51 cidades do Vale desde 2013. Sugest\u00f5es de pauta e pedidos de corre\u00e7\u00e3o: contato@aconteceunovale.com.br\",\"sameAs\":[\"http:\\\/\\\/www.aconteceunovale.com.br\"],\"url\":\"https:\\\/\\\/aconteceunovale.com.br\\\/portal\\\/?author=1\"}]}<\/script>\n<!-- \/ Yoast SEO plugin. -->","yoast_head_json":{"title":"Governo lan\u00e7a Plano de Desenvolvimento para o Vale do Jequitinhonha - Aconteceu no Vale","robots":{"index":"index","follow":"follow","max-snippet":"max-snippet:-1","max-image-preview":"max-image-preview:large","max-video-preview":"max-video-preview:-1"},"canonical":"https:\/\/aconteceunovale.com.br\/portal\/?p=123301","og_locale":"pt_BR","og_type":"article","og_title":"Governo lan\u00e7a Plano de Desenvolvimento para o Vale do Jequitinhonha - Aconteceu no Vale","og_description":"O Governo de Minas Gerais, por meio da Funda\u00e7\u00e3o Jo\u00e3o Pinheiro, lan\u00e7ou o Plano de Desenvolvimento para o Vale do Jequitinhonha (PDVJ) para os Territ\u00f3rios do Alto e do M\u00e9dio\/Baixo Jequitinhonha, realizado em parceria com a Cemig Gera\u00e7\u00e3o e Transmiss\u00e3o S.A., financiadora da iniciativa. De acordo com o presidente da FJP, Roberto Nascimento, o percurso [&hellip;]","og_url":"https:\/\/aconteceunovale.com.br\/portal\/?p=123301","og_site_name":"Aconteceu no Vale","article_publisher":"https:\/\/www.facebook.com\/aconteceunovale\/","article_published_time":"2017-10-30T22:35:47+00:00","og_image":[{"width":678,"height":440,"url":"https:\/\/aconteceunovale.com.br\/portal\/wp-content\/uploads\/2017\/10\/pdvj_1.jpg","type":"image\/jpeg"}],"author":"Aconteceu no Vale","twitter_card":"summary_large_image","twitter_creator":"@noticiadosvales","twitter_site":"@noticiadosvales","twitter_misc":{"Escrito por":"Aconteceu no Vale","Est. tempo de leitura":"3 minutos"},"schema":{"@context":"https:\/\/schema.org","@graph":[{"@type":"Article","@id":"https:\/\/aconteceunovale.com.br\/portal\/?p=123301#article","isPartOf":{"@id":"https:\/\/aconteceunovale.com.br\/portal\/?p=123301"},"author":{"name":"Aconteceu no Vale","@id":"https:\/\/aconteceunovale.com.br\/portal\/#\/schema\/person\/633529146f2c94272bef50ac2953d589"},"headline":"Governo lan\u00e7a Plano de Desenvolvimento para o Vale do Jequitinhonha","datePublished":"2017-10-30T22:35:47+00:00","mainEntityOfPage":{"@id":"https:\/\/aconteceunovale.com.br\/portal\/?p=123301"},"wordCount":661,"commentCount":0,"image":{"@id":"https:\/\/aconteceunovale.com.br\/portal\/?p=123301#primaryimage"},"thumbnailUrl":"https:\/\/aconteceunovale.com.br\/portal\/wp-content\/uploads\/2017\/10\/pdvj_1.jpg","keywords":["Desenvolvimento para o Vale do Jequitinhonha","FJP","funda\u00e7\u00e3o jo\u00e3o pinheiro","Governo lan\u00e7a Plano de Desenvolvimento para o Vale do Jequitinhonha","PDVJ","Plano de Desenvolvimento para o Vale do Jequitinhonha","presidente da FJP","Roberto Nascimento"],"articleSection":["Vale do Jequitinhonha"],"inLanguage":"pt-BR","potentialAction":[{"@type":"CommentAction","name":"Comment","target":["https:\/\/aconteceunovale.com.br\/portal\/?p=123301#respond"]}]},{"@type":"WebPage","@id":"https:\/\/aconteceunovale.com.br\/portal\/?p=123301","url":"https:\/\/aconteceunovale.com.br\/portal\/?p=123301","name":"Governo lan\u00e7a Plano de Desenvolvimento para o Vale do Jequitinhonha - Aconteceu no Vale","isPartOf":{"@id":"https:\/\/aconteceunovale.com.br\/portal\/#website"},"primaryImageOfPage":{"@id":"https:\/\/aconteceunovale.com.br\/portal\/?p=123301#primaryimage"},"image":{"@id":"https:\/\/aconteceunovale.com.br\/portal\/?p=123301#primaryimage"},"thumbnailUrl":"https:\/\/aconteceunovale.com.br\/portal\/wp-content\/uploads\/2017\/10\/pdvj_1.jpg","datePublished":"2017-10-30T22:35:47+00:00","author":{"@id":"https:\/\/aconteceunovale.com.br\/portal\/#\/schema\/person\/633529146f2c94272bef50ac2953d589"},"breadcrumb":{"@id":"https:\/\/aconteceunovale.com.br\/portal\/?p=123301#breadcrumb"},"inLanguage":"pt-BR","potentialAction":[{"@type":"ReadAction","target":["https:\/\/aconteceunovale.com.br\/portal\/?p=123301"]}]},{"@type":"ImageObject","inLanguage":"pt-BR","@id":"https:\/\/aconteceunovale.com.br\/portal\/?p=123301#primaryimage","url":"https:\/\/aconteceunovale.com.br\/portal\/wp-content\/uploads\/2017\/10\/pdvj_1.jpg","contentUrl":"https:\/\/aconteceunovale.com.br\/portal\/wp-content\/uploads\/2017\/10\/pdvj_1.jpg","width":678,"height":440},{"@type":"BreadcrumbList","@id":"https:\/\/aconteceunovale.com.br\/portal\/?p=123301#breadcrumb","itemListElement":[{"@type":"ListItem","position":1,"name":"In\u00edcio","item":"https:\/\/aconteceunovale.com.br\/portal\/"},{"@type":"ListItem","position":2,"name":"Governo lan\u00e7a Plano de Desenvolvimento para o Vale do Jequitinhonha"}]},{"@type":"WebSite","@id":"https:\/\/aconteceunovale.com.br\/portal\/#website","url":"https:\/\/aconteceunovale.com.br\/portal\/","name":"Aconteceu no Vale","description":"Portal de Not\u00edcias","potentialAction":[{"@type":"SearchAction","target":{"@type":"EntryPoint","urlTemplate":"https:\/\/aconteceunovale.com.br\/portal\/?s={search_term_string}"},"query-input":{"@type":"PropertyValueSpecification","valueRequired":true,"valueName":"search_term_string"}}],"inLanguage":"pt-BR"},{"@type":"Person","@id":"https:\/\/aconteceunovale.com.br\/portal\/#\/schema\/person\/633529146f2c94272bef50ac2953d589","name":"Aconteceu no Vale","description":"Equipe de reportagem do Aconteceu no Vale, portal de not\u00edcias do Vale do Jequitinhonha, em Minas Gerais. Cobrimos as 51 cidades do Vale desde 2013. Sugest\u00f5es de pauta e pedidos de corre\u00e7\u00e3o: contato@aconteceunovale.com.br","sameAs":["http:\/\/www.aconteceunovale.com.br"],"url":"https:\/\/aconteceunovale.com.br\/portal\/?author=1"}]}},"_links":{"self":[{"href":"https:\/\/aconteceunovale.com.br\/portal\/index.php?rest_route=\/wp\/v2\/posts\/123301","targetHints":{"allow":["GET"]}}],"collection":[{"href":"https:\/\/aconteceunovale.com.br\/portal\/index.php?rest_route=\/wp\/v2\/posts"}],"about":[{"href":"https:\/\/aconteceunovale.com.br\/portal\/index.php?rest_route=\/wp\/v2\/types\/post"}],"author":[{"embeddable":true,"href":"https:\/\/aconteceunovale.com.br\/portal\/index.php?rest_route=\/wp\/v2\/users\/1"}],"replies":[{"embeddable":true,"href":"https:\/\/aconteceunovale.com.br\/portal\/index.php?rest_route=%2Fwp%2Fv2%2Fcomments&post=123301"}],"version-history":[{"count":0,"href":"https:\/\/aconteceunovale.com.br\/portal\/index.php?rest_route=\/wp\/v2\/posts\/123301\/revisions"}],"wp:featuredmedia":[{"embeddable":true,"href":"https:\/\/aconteceunovale.com.br\/portal\/index.php?rest_route=\/wp\/v2\/media\/123302"}],"wp:attachment":[{"href":"https:\/\/aconteceunovale.com.br\/portal\/index.php?rest_route=%2Fwp%2Fv2%2Fmedia&parent=123301"}],"wp:term":[{"taxonomy":"category","embeddable":true,"href":"https:\/\/aconteceunovale.com.br\/portal\/index.php?rest_route=%2Fwp%2Fv2%2Fcategories&post=123301"},{"taxonomy":"post_tag","embeddable":true,"href":"https:\/\/aconteceunovale.com.br\/portal\/index.php?rest_route=%2Fwp%2Fv2%2Ftags&post=123301"}],"curies":[{"name":"wp","href":"https:\/\/api.w.org\/{rel}","templated":true}]}}