{"id":123299,"date":"2017-10-30T20:30:59","date_gmt":"2017-10-30T22:30:59","guid":{"rendered":"http:\/\/aconteceunovale.com.br\/portal\/?p=123299"},"modified":"2017-10-30T20:30:59","modified_gmt":"2017-10-30T22:30:59","slug":"prorrogado-prazo-de-autorizacoes-para-compra-de-veiculos-com-isencao-de-icms-por-taxistas","status":"publish","type":"post","link":"https:\/\/aconteceunovale.com.br\/portal\/?p=123299","title":{"rendered":"Prorrogado prazo de autoriza\u00e7\u00f5es para compra de ve\u00edculos com isen\u00e7\u00e3o de ICMS por taxistas"},"content":{"rendered":"<p>A Secretaria de Estado de Fazenda de Minas Gerais (SEF) prorrogou o prazo de validade das autoriza\u00e7\u00f5es concedidas entre maio e outubro deste ano para a aquisi\u00e7\u00e3o, por taxistas, de ve\u00edculos com isen\u00e7\u00e3o do Imposto sobre Circula\u00e7\u00e3o de Mercadorias e Presta\u00e7\u00e3o de Servi\u00e7os (ICMS). Regulado pelo Conv\u00eanio ICMS 127, de 29 de setembro de 2017, do Conselho Nacional de Pol\u00edtica Fazend\u00e1ria (Confaz), o benef\u00edcio tinha vig\u00eancia at\u00e9 esta ter\u00e7a-feira (31\/10).<\/p>\n<p>A prorroga\u00e7\u00e3o &#8211; prevista na Resolu\u00e7\u00e3o SEF 5.049, publicada no Di\u00e1rio Oficial do Estado de s\u00e1bado (29\/10) &#8211; \u00e9 por 270 dias a partir da data de sua emiss\u00e3o. A medida evita que os motoristas profissionais tenham que refazer todo o procedimento, tamb\u00e9m poupando o retrabalho nas unidades da Secretaria de Fazenda. Novas autoriza\u00e7\u00f5es continuam sendo concedidas, normalmente.<\/p>\n<p>A isen\u00e7\u00e3o do ICMS vale para aquisi\u00e7\u00e3o de autom\u00f3vel novo de passageiro, equipado com motor de cilindrada n\u00e3o superior a dois mil cent\u00edmetros c\u00fabicos (2.0l), com destino a motorista profissional (taxista), de que trata o item 92 da Parte 1 do Anexo I do Regulamento do ICMS \u2013 RICMS \u2013, aprovado pelo Decreto 43.080, de 13 de dezembro de 2002.<\/p>\n<p><strong>VER PRIMEIRO<\/strong><\/p>\n<p>Receba as not\u00edcias do Aconteceu no Vale em primeira m\u00e3o. Clique em curtir no endere\u00e7o <a href=\"https:\/\/www.facebook.com\/aconteceunovale\" target=\"_blank\"><font color=\"red\">www.facebook.com\/aconteceunovale<\/font><\/a> ou no box abaixo:<\/p>\n<div class=\"fb-like\" data-href=\"https:\/\/www.facebook.com\/aconteceunovale\" data-width=\"120\" data-layout=\"standard\" data-action=\"like\" data-size=\"small\" data-show-faces=\"true\" data-share=\"true\"><\/div>\n<p><\/br><\/p>\n<p><em>(Fonte: Ag\u00eancia Minas)<\/em><\/p>\n","protected":false},"excerpt":{"rendered":"<p>A Secretaria de Estado de Fazenda de Minas Gerais (SEF) prorrogou o prazo de validade das autoriza\u00e7\u00f5es concedidas entre maio e outubro deste ano para a aquisi\u00e7\u00e3o, por taxistas, de ve\u00edculos com isen\u00e7\u00e3o do Imposto sobre Circula\u00e7\u00e3o de Mercadorias e Presta\u00e7\u00e3o de Servi\u00e7os (ICMS). Regulado pelo Conv\u00eanio ICMS 127, de 29 de setembro de 2017, [&hellip;]<\/p>\n","protected":false},"author":1,"featured_media":113409,"comment_status":"open","ping_status":"closed","sticky":false,"template":"","format":"standard","meta":{"amp_status":"","footnotes":""},"categories":[123],"tags":[162998,162997,162999,35299,162995,162996,162994],"class_list":["post-123299","post","type-post","status-publish","format-standard","has-post-thumbnail","hentry","category-gerais","tag-carro-para-taxistas-com-isencao-de-icms","tag-compra-de-carro-com-isencao-de-icms-por-taxistas","tag-compra-de-veiculos-com-isencao-de-icms-por-taxistas","tag-icms","tag-isencao-de-icms","tag-isencao-de-icms-para-taxistas","tag-prorrogado-prazo-de-autorizacoes-para-compra-de-veiculos-com-isencao-de-icms-por-taxistas"],"yoast_head":"<!-- This site is optimized with the Yoast SEO plugin v28.3 - https:\/\/yoast.com\/product\/yoast-seo-wordpress\/ -->\n<title>Prorrogado prazo de autoriza\u00e7\u00f5es para compra de ve\u00edculos com isen\u00e7\u00e3o de ICMS por taxistas - Aconteceu no Vale<\/title>\n<meta name=\"robots\" content=\"index, follow, max-snippet:-1, max-image-preview:large, max-video-preview:-1\" \/>\n<link rel=\"canonical\" href=\"https:\/\/aconteceunovale.com.br\/portal\/?p=123299\" \/>\n<meta property=\"og:locale\" content=\"pt_BR\" \/>\n<meta property=\"og:type\" content=\"article\" \/>\n<meta property=\"og:title\" content=\"Prorrogado prazo de autoriza\u00e7\u00f5es para compra de ve\u00edculos com isen\u00e7\u00e3o de ICMS por taxistas - Aconteceu no Vale\" \/>\n<meta property=\"og:description\" content=\"A Secretaria de Estado de Fazenda de Minas Gerais (SEF) prorrogou o prazo de validade das autoriza\u00e7\u00f5es concedidas entre maio e outubro deste ano para a aquisi\u00e7\u00e3o, por taxistas, de ve\u00edculos com isen\u00e7\u00e3o do Imposto sobre Circula\u00e7\u00e3o de Mercadorias e Presta\u00e7\u00e3o de Servi\u00e7os (ICMS). Regulado pelo Conv\u00eanio ICMS 127, de 29 de setembro de 2017, [&hellip;]\" \/>\n<meta property=\"og:url\" content=\"https:\/\/aconteceunovale.com.br\/portal\/?p=123299\" \/>\n<meta property=\"og:site_name\" content=\"Aconteceu no Vale\" \/>\n<meta property=\"article:publisher\" content=\"https:\/\/www.facebook.com\/aconteceunovale\/\" \/>\n<meta property=\"article:published_time\" content=\"2017-10-30T22:30:59+00:00\" \/>\n<meta property=\"og:image\" content=\"https:\/\/aconteceunovale.com.br\/portal\/wp-content\/uploads\/2017\/04\/taxi_contagem.jpg\" \/>\n\t<meta property=\"og:image:width\" content=\"639\" \/>\n\t<meta property=\"og:image:height\" content=\"300\" \/>\n\t<meta property=\"og:image:type\" content=\"image\/jpeg\" \/>\n<meta name=\"author\" content=\"Aconteceu no Vale\" \/>\n<meta name=\"twitter:card\" content=\"summary_large_image\" \/>\n<meta name=\"twitter:creator\" content=\"@noticiadosvales\" \/>\n<meta name=\"twitter:site\" content=\"@noticiadosvales\" \/>\n<meta name=\"twitter:label1\" content=\"Escrito por\" \/>\n\t<meta name=\"twitter:data1\" content=\"Aconteceu no Vale\" \/>\n\t<meta name=\"twitter:label2\" content=\"Est. tempo de leitura\" \/>\n\t<meta name=\"twitter:data2\" content=\"1 minuto\" \/>\n<script type=\"application\/ld+json\" class=\"yoast-schema-graph\">{\"@context\":\"https:\\\/\\\/schema.org\",\"@graph\":[{\"@type\":\"Article\",\"@id\":\"https:\\\/\\\/aconteceunovale.com.br\\\/portal\\\/?p=123299#article\",\"isPartOf\":{\"@id\":\"https:\\\/\\\/aconteceunovale.com.br\\\/portal\\\/?p=123299\"},\"author\":{\"name\":\"Aconteceu no Vale\",\"@id\":\"https:\\\/\\\/aconteceunovale.com.br\\\/portal\\\/#\\\/schema\\\/person\\\/633529146f2c94272bef50ac2953d589\"},\"headline\":\"Prorrogado prazo de autoriza\u00e7\u00f5es para compra de ve\u00edculos com isen\u00e7\u00e3o de ICMS por taxistas\",\"datePublished\":\"2017-10-30T22:30:59+00:00\",\"mainEntityOfPage\":{\"@id\":\"https:\\\/\\\/aconteceunovale.com.br\\\/portal\\\/?p=123299\"},\"wordCount\":248,\"commentCount\":0,\"image\":{\"@id\":\"https:\\\/\\\/aconteceunovale.com.br\\\/portal\\\/?p=123299#primaryimage\"},\"thumbnailUrl\":\"https:\\\/\\\/aconteceunovale.com.br\\\/portal\\\/wp-content\\\/uploads\\\/2017\\\/04\\\/taxi_contagem.jpg\",\"keywords\":[\"Carro para taxistas com isen\u00e7\u00e3o de ICMS\",\"Compra de carro com isen\u00e7\u00e3o de ICMS por taxistas\",\"Compra de ve\u00edculos com isen\u00e7\u00e3o de ICMS por taxistas\",\"ICMS\",\"isen\u00e7\u00e3o de ICMS\",\"isen\u00e7\u00e3o de ICMS para taxistas\",\"Prorrogado prazo de autoriza\u00e7\u00f5es para compra de ve\u00edculos com isen\u00e7\u00e3o de ICMS por taxistas\"],\"articleSection\":[\"Minas Gerais\"],\"inLanguage\":\"pt-BR\",\"potentialAction\":[{\"@type\":\"CommentAction\",\"name\":\"Comment\",\"target\":[\"https:\\\/\\\/aconteceunovale.com.br\\\/portal\\\/?p=123299#respond\"]}]},{\"@type\":\"WebPage\",\"@id\":\"https:\\\/\\\/aconteceunovale.com.br\\\/portal\\\/?p=123299\",\"url\":\"https:\\\/\\\/aconteceunovale.com.br\\\/portal\\\/?p=123299\",\"name\":\"Prorrogado prazo de autoriza\u00e7\u00f5es para compra de ve\u00edculos com isen\u00e7\u00e3o de ICMS por taxistas - Aconteceu no Vale\",\"isPartOf\":{\"@id\":\"https:\\\/\\\/aconteceunovale.com.br\\\/portal\\\/#website\"},\"primaryImageOfPage\":{\"@id\":\"https:\\\/\\\/aconteceunovale.com.br\\\/portal\\\/?p=123299#primaryimage\"},\"image\":{\"@id\":\"https:\\\/\\\/aconteceunovale.com.br\\\/portal\\\/?p=123299#primaryimage\"},\"thumbnailUrl\":\"https:\\\/\\\/aconteceunovale.com.br\\\/portal\\\/wp-content\\\/uploads\\\/2017\\\/04\\\/taxi_contagem.jpg\",\"datePublished\":\"2017-10-30T22:30:59+00:00\",\"author\":{\"@id\":\"https:\\\/\\\/aconteceunovale.com.br\\\/portal\\\/#\\\/schema\\\/person\\\/633529146f2c94272bef50ac2953d589\"},\"breadcrumb\":{\"@id\":\"https:\\\/\\\/aconteceunovale.com.br\\\/portal\\\/?p=123299#breadcrumb\"},\"inLanguage\":\"pt-BR\",\"potentialAction\":[{\"@type\":\"ReadAction\",\"target\":[\"https:\\\/\\\/aconteceunovale.com.br\\\/portal\\\/?p=123299\"]}]},{\"@type\":\"ImageObject\",\"inLanguage\":\"pt-BR\",\"@id\":\"https:\\\/\\\/aconteceunovale.com.br\\\/portal\\\/?p=123299#primaryimage\",\"url\":\"https:\\\/\\\/aconteceunovale.com.br\\\/portal\\\/wp-content\\\/uploads\\\/2017\\\/04\\\/taxi_contagem.jpg\",\"contentUrl\":\"https:\\\/\\\/aconteceunovale.com.br\\\/portal\\\/wp-content\\\/uploads\\\/2017\\\/04\\\/taxi_contagem.jpg\",\"width\":639,\"height\":300},{\"@type\":\"BreadcrumbList\",\"@id\":\"https:\\\/\\\/aconteceunovale.com.br\\\/portal\\\/?p=123299#breadcrumb\",\"itemListElement\":[{\"@type\":\"ListItem\",\"position\":1,\"name\":\"In\u00edcio\",\"item\":\"https:\\\/\\\/aconteceunovale.com.br\\\/portal\\\/\"},{\"@type\":\"ListItem\",\"position\":2,\"name\":\"Prorrogado prazo de autoriza\u00e7\u00f5es para compra de ve\u00edculos com isen\u00e7\u00e3o de ICMS por taxistas\"}]},{\"@type\":\"WebSite\",\"@id\":\"https:\\\/\\\/aconteceunovale.com.br\\\/portal\\\/#website\",\"url\":\"https:\\\/\\\/aconteceunovale.com.br\\\/portal\\\/\",\"name\":\"Aconteceu no Vale\",\"description\":\"Portal de Not\u00edcias\",\"potentialAction\":[{\"@type\":\"SearchAction\",\"target\":{\"@type\":\"EntryPoint\",\"urlTemplate\":\"https:\\\/\\\/aconteceunovale.com.br\\\/portal\\\/?s={search_term_string}\"},\"query-input\":{\"@type\":\"PropertyValueSpecification\",\"valueRequired\":true,\"valueName\":\"search_term_string\"}}],\"inLanguage\":\"pt-BR\"},{\"@type\":\"Person\",\"@id\":\"https:\\\/\\\/aconteceunovale.com.br\\\/portal\\\/#\\\/schema\\\/person\\\/633529146f2c94272bef50ac2953d589\",\"name\":\"Aconteceu no Vale\",\"description\":\"Equipe de reportagem do Aconteceu no Vale, portal de not\u00edcias do Vale do Jequitinhonha, em Minas Gerais. Cobrimos as 51 cidades do Vale desde 2013. Sugest\u00f5es de pauta e pedidos de corre\u00e7\u00e3o: contato@aconteceunovale.com.br\",\"sameAs\":[\"http:\\\/\\\/www.aconteceunovale.com.br\"],\"url\":\"https:\\\/\\\/aconteceunovale.com.br\\\/portal\\\/?author=1\"}]}<\/script>\n<!-- \/ Yoast SEO plugin. -->","yoast_head_json":{"title":"Prorrogado prazo de autoriza\u00e7\u00f5es para compra de ve\u00edculos com isen\u00e7\u00e3o de ICMS por taxistas - Aconteceu no Vale","robots":{"index":"index","follow":"follow","max-snippet":"max-snippet:-1","max-image-preview":"max-image-preview:large","max-video-preview":"max-video-preview:-1"},"canonical":"https:\/\/aconteceunovale.com.br\/portal\/?p=123299","og_locale":"pt_BR","og_type":"article","og_title":"Prorrogado prazo de autoriza\u00e7\u00f5es para compra de ve\u00edculos com isen\u00e7\u00e3o de ICMS por taxistas - Aconteceu no Vale","og_description":"A Secretaria de Estado de Fazenda de Minas Gerais (SEF) prorrogou o prazo de validade das autoriza\u00e7\u00f5es concedidas entre maio e outubro deste ano para a aquisi\u00e7\u00e3o, por taxistas, de ve\u00edculos com isen\u00e7\u00e3o do Imposto sobre Circula\u00e7\u00e3o de Mercadorias e Presta\u00e7\u00e3o de Servi\u00e7os (ICMS). Regulado pelo Conv\u00eanio ICMS 127, de 29 de setembro de 2017, [&hellip;]","og_url":"https:\/\/aconteceunovale.com.br\/portal\/?p=123299","og_site_name":"Aconteceu no Vale","article_publisher":"https:\/\/www.facebook.com\/aconteceunovale\/","article_published_time":"2017-10-30T22:30:59+00:00","og_image":[{"width":639,"height":300,"url":"https:\/\/aconteceunovale.com.br\/portal\/wp-content\/uploads\/2017\/04\/taxi_contagem.jpg","type":"image\/jpeg"}],"author":"Aconteceu no Vale","twitter_card":"summary_large_image","twitter_creator":"@noticiadosvales","twitter_site":"@noticiadosvales","twitter_misc":{"Escrito por":"Aconteceu no Vale","Est. tempo de leitura":"1 minuto"},"schema":{"@context":"https:\/\/schema.org","@graph":[{"@type":"Article","@id":"https:\/\/aconteceunovale.com.br\/portal\/?p=123299#article","isPartOf":{"@id":"https:\/\/aconteceunovale.com.br\/portal\/?p=123299"},"author":{"name":"Aconteceu no Vale","@id":"https:\/\/aconteceunovale.com.br\/portal\/#\/schema\/person\/633529146f2c94272bef50ac2953d589"},"headline":"Prorrogado prazo de autoriza\u00e7\u00f5es para compra de ve\u00edculos com isen\u00e7\u00e3o de ICMS por taxistas","datePublished":"2017-10-30T22:30:59+00:00","mainEntityOfPage":{"@id":"https:\/\/aconteceunovale.com.br\/portal\/?p=123299"},"wordCount":248,"commentCount":0,"image":{"@id":"https:\/\/aconteceunovale.com.br\/portal\/?p=123299#primaryimage"},"thumbnailUrl":"https:\/\/aconteceunovale.com.br\/portal\/wp-content\/uploads\/2017\/04\/taxi_contagem.jpg","keywords":["Carro para taxistas com isen\u00e7\u00e3o de ICMS","Compra de carro com isen\u00e7\u00e3o de ICMS por taxistas","Compra de ve\u00edculos com isen\u00e7\u00e3o de ICMS por taxistas","ICMS","isen\u00e7\u00e3o de ICMS","isen\u00e7\u00e3o de ICMS para taxistas","Prorrogado prazo de autoriza\u00e7\u00f5es para compra de ve\u00edculos com isen\u00e7\u00e3o de ICMS por taxistas"],"articleSection":["Minas Gerais"],"inLanguage":"pt-BR","potentialAction":[{"@type":"CommentAction","name":"Comment","target":["https:\/\/aconteceunovale.com.br\/portal\/?p=123299#respond"]}]},{"@type":"WebPage","@id":"https:\/\/aconteceunovale.com.br\/portal\/?p=123299","url":"https:\/\/aconteceunovale.com.br\/portal\/?p=123299","name":"Prorrogado prazo de autoriza\u00e7\u00f5es para compra de ve\u00edculos com isen\u00e7\u00e3o de ICMS por taxistas - Aconteceu no Vale","isPartOf":{"@id":"https:\/\/aconteceunovale.com.br\/portal\/#website"},"primaryImageOfPage":{"@id":"https:\/\/aconteceunovale.com.br\/portal\/?p=123299#primaryimage"},"image":{"@id":"https:\/\/aconteceunovale.com.br\/portal\/?p=123299#primaryimage"},"thumbnailUrl":"https:\/\/aconteceunovale.com.br\/portal\/wp-content\/uploads\/2017\/04\/taxi_contagem.jpg","datePublished":"2017-10-30T22:30:59+00:00","author":{"@id":"https:\/\/aconteceunovale.com.br\/portal\/#\/schema\/person\/633529146f2c94272bef50ac2953d589"},"breadcrumb":{"@id":"https:\/\/aconteceunovale.com.br\/portal\/?p=123299#breadcrumb"},"inLanguage":"pt-BR","potentialAction":[{"@type":"ReadAction","target":["https:\/\/aconteceunovale.com.br\/portal\/?p=123299"]}]},{"@type":"ImageObject","inLanguage":"pt-BR","@id":"https:\/\/aconteceunovale.com.br\/portal\/?p=123299#primaryimage","url":"https:\/\/aconteceunovale.com.br\/portal\/wp-content\/uploads\/2017\/04\/taxi_contagem.jpg","contentUrl":"https:\/\/aconteceunovale.com.br\/portal\/wp-content\/uploads\/2017\/04\/taxi_contagem.jpg","width":639,"height":300},{"@type":"BreadcrumbList","@id":"https:\/\/aconteceunovale.com.br\/portal\/?p=123299#breadcrumb","itemListElement":[{"@type":"ListItem","position":1,"name":"In\u00edcio","item":"https:\/\/aconteceunovale.com.br\/portal\/"},{"@type":"ListItem","position":2,"name":"Prorrogado prazo de autoriza\u00e7\u00f5es para compra de ve\u00edculos com isen\u00e7\u00e3o de ICMS por taxistas"}]},{"@type":"WebSite","@id":"https:\/\/aconteceunovale.com.br\/portal\/#website","url":"https:\/\/aconteceunovale.com.br\/portal\/","name":"Aconteceu no Vale","description":"Portal de Not\u00edcias","potentialAction":[{"@type":"SearchAction","target":{"@type":"EntryPoint","urlTemplate":"https:\/\/aconteceunovale.com.br\/portal\/?s={search_term_string}"},"query-input":{"@type":"PropertyValueSpecification","valueRequired":true,"valueName":"search_term_string"}}],"inLanguage":"pt-BR"},{"@type":"Person","@id":"https:\/\/aconteceunovale.com.br\/portal\/#\/schema\/person\/633529146f2c94272bef50ac2953d589","name":"Aconteceu no Vale","description":"Equipe de reportagem do Aconteceu no Vale, portal de not\u00edcias do Vale do Jequitinhonha, em Minas Gerais. Cobrimos as 51 cidades do Vale desde 2013. Sugest\u00f5es de pauta e pedidos de corre\u00e7\u00e3o: contato@aconteceunovale.com.br","sameAs":["http:\/\/www.aconteceunovale.com.br"],"url":"https:\/\/aconteceunovale.com.br\/portal\/?author=1"}]}},"_links":{"self":[{"href":"https:\/\/aconteceunovale.com.br\/portal\/index.php?rest_route=\/wp\/v2\/posts\/123299","targetHints":{"allow":["GET"]}}],"collection":[{"href":"https:\/\/aconteceunovale.com.br\/portal\/index.php?rest_route=\/wp\/v2\/posts"}],"about":[{"href":"https:\/\/aconteceunovale.com.br\/portal\/index.php?rest_route=\/wp\/v2\/types\/post"}],"author":[{"embeddable":true,"href":"https:\/\/aconteceunovale.com.br\/portal\/index.php?rest_route=\/wp\/v2\/users\/1"}],"replies":[{"embeddable":true,"href":"https:\/\/aconteceunovale.com.br\/portal\/index.php?rest_route=%2Fwp%2Fv2%2Fcomments&post=123299"}],"version-history":[{"count":0,"href":"https:\/\/aconteceunovale.com.br\/portal\/index.php?rest_route=\/wp\/v2\/posts\/123299\/revisions"}],"wp:featuredmedia":[{"embeddable":true,"href":"https:\/\/aconteceunovale.com.br\/portal\/index.php?rest_route=\/wp\/v2\/media\/113409"}],"wp:attachment":[{"href":"https:\/\/aconteceunovale.com.br\/portal\/index.php?rest_route=%2Fwp%2Fv2%2Fmedia&parent=123299"}],"wp:term":[{"taxonomy":"category","embeddable":true,"href":"https:\/\/aconteceunovale.com.br\/portal\/index.php?rest_route=%2Fwp%2Fv2%2Fcategories&post=123299"},{"taxonomy":"post_tag","embeddable":true,"href":"https:\/\/aconteceunovale.com.br\/portal\/index.php?rest_route=%2Fwp%2Fv2%2Ftags&post=123299"}],"curies":[{"name":"wp","href":"https:\/\/api.w.org\/{rel}","templated":true}]}}