{"id":123287,"date":"2017-10-30T10:57:28","date_gmt":"2017-10-30T12:57:28","guid":{"rendered":"http:\/\/aconteceunovale.com.br\/portal\/?p=123287"},"modified":"2017-10-30T10:57:28","modified_gmt":"2017-10-30T12:57:28","slug":"governo-entrega-45-tratores-para-agricultura-familiar-no-norte-e-nordeste-de-minas","status":"publish","type":"post","link":"https:\/\/aconteceunovale.com.br\/portal\/?p=123287","title":{"rendered":"Governo entrega 45 tratores para agricultura familiar no Norte e Nordeste de Minas"},"content":{"rendered":"<p>O governador Fernando Pimentel entregou no s\u00e1bado (28\/10), no Parque de Exposi\u00e7\u00f5es de Montes Claros, no Territ\u00f3rio Norte, 45 novos tratores equipados com grades aradoras. Os equipamentos ser\u00e3o utilizados para o desenvolvimento da agricultura familiar nas regi\u00f5es Norte e Nordeste de Minas Gerais. O total investido pelo Estado foi R$ 4,12 milh\u00f5es.<\/p>\n<p>Durante a entrega, Fernando Pimentel ressaltou a import\u00e2ncia do equipamento para melhorar a qualidade de vida das pessoas que ter\u00e3o acesso \u00e0s m\u00e1quinas.<\/p>\n<p>\u201cFaz uma diferen\u00e7a enorme para um munic\u00edpio pequeno que tem um assentamento rural ou uma comunidade agr\u00edcola, com produ\u00e7\u00e3o familiar, ter um trator para ajudar a fazer aquilo que, \u00e0s vezes, o sujeito sozinho n\u00e3o d\u00e1 conta. \u00c9 muito importante e \u00e9 gra\u00e7as \u00e0s emendas dos parlamentares que o Estado pode fazer isso, pode proporcionar ao prefeito ou \u00e0 associa\u00e7\u00e3o agr\u00edcola, um equipamento que vai melhorar, de fato, a vida das pessoas. N\u00f3s trabalhamos \u00e9 para isso, n\u00e3o por outro motivo\u201d, enfatizou.<\/p>\n<p>O governador ressaltou, ainda, que o di\u00e1logo com os prefeitos mineiros tem sido o diferencial para que o Estado, juntamente com os munic\u00edpios, encontre alternativas de desenvolvimento.<\/p>\n<p>\u201cEu me reuni com os prefeitos ali dentro, falei das dificuldades que o Estado tem. Ter dificuldades, mas ter com quem compartilhar a dificuldade faz muita diferen\u00e7a. A gente sentar com maturidade, o prefeito falar qual \u00e9 o problema e n\u00f3s tentarmos resolver. Se n\u00e3o tem dinheiro, n\u00f3s vamos arrumar. Se est\u00e1 precisando de alguma coisa, n\u00f3s vamos buscar em algum lugar, e no final, a gente consegue atender. \u00c9 aquilo que eu sempre falo: farinha pouca, vamos dividir o pir\u00e3o, n\u00e3o \u00e9 essa hist\u00f3ria de meu pir\u00e3o primeiro n\u00e3o, porque isso n\u00e3o funciona em Minas Gerais. Farinha pouca a gente divide o pir\u00e3o e, no final, todo mundo sai com um pouquinho, que \u00e9 melhor do que n\u00e3o sair com nada\u201d, ressaltou.<\/p>\n<p><img decoding=\"async\" src=\"http:\/\/aconteceunovale.com.br\/portal\/wp-content\/uploads\/2017\/10\/tratores_nm.jpg\" alt=\"\" \/><em>M\u00e1quinas s\u00e3o equipadas com grades aradoras (Foto: Gil Leonardi\/Imprensa MG)<\/em><br \/>\n<\/br><\/p>\n<p><strong>Quest\u00e3o h\u00eddrica<\/strong><\/p>\n<p>O governador tamb\u00e9m chamou aten\u00e7\u00e3o para o atual momento do Estado, onde o volume de chuvas caiu em rela\u00e7\u00e3o \u00e0 m\u00e9dia dos \u00faltimos 30 anos.<\/p>\n<p>\u201cMinas Gerais inteira, n\u00e3o s\u00f3 no Norte e no Vale do Jequitinhonha, est\u00e1 com o n\u00edvel de chuvas abaixo da m\u00e9dia hist\u00f3rica de 30 anos. Resultado \u00e9 que os reservat\u00f3rios est\u00e3o todos vazios, os rios est\u00e3o secando e, cada vez mais, n\u00f3s somos obrigados a improvisar solu\u00e7\u00f5es para buscar resolver este problema. Aqui, em Montes Claros mesmo, n\u00f3s estamos com um problem\u00e3o de fornecimento de \u00e1gua, a Copasa est\u00e1 fazendo a obra do Pacu\u00ed. N\u00f3s vamos achar outras solu\u00e7\u00f5es. O Pacu\u00ed n\u00e3o vai ser uma solu\u00e7\u00e3o definitiva. Vamos olhar se a gente pode captar mais longe ainda, mas n\u00f3s n\u00e3o podemos deixar nossa popula\u00e7\u00e3o ao desabrigo de uma solu\u00e7\u00e3o permanente para a quest\u00e3o da \u00e1gua\u201d, pontuou.<\/p>\n<p>O governador sugeriu que as prefeituras, junto com as C\u00e2maras Municipais de todo o estado, mudem a legisla\u00e7\u00e3o para que as novas constru\u00e7\u00f5es tenham um sistema de reaproveitamento de \u00e1gua de chuva.<\/p>\n<p>\u201cO reuso de \u00e1gua \u00e9 voc\u00ea ter o equipamento de capta\u00e7\u00e3o da \u00e1gua de chuva e um reservat\u00f3rio subterr\u00e2neo para aquela \u00e1gua. Se voc\u00ea n\u00e3o tem (esse sistema), a \u00e1gua cai, escorre pela rua, vai para dentro do canal e vai embora. N\u00e3o, gente. Vamos captar \u00e1gua de chuva. Vamos deixar ela armazenada em um reservat\u00f3rio que permita depois o uso da \u00e1gua. N\u00e3o precisa ser para consumo humano, mas para muita coisa a gente pode reutilizar a \u00e1gua de chuva. N\u00f3s vamos ter que mudar a nossa cultura profundamente nessa quest\u00e3o da \u00e1gua. Esse \u00e9 um desafio que est\u00e1 posto\u201d, finalizou Fernando Pimentel.<\/p>\n<p><strong>Entregas<\/strong><\/p>\n<p>Dos 45 ve\u00edculos entregues, 29 foram adquiridos pelo Instituto de Desenvolvimento do Norte e Nordeste de Minas Gerais (Idene). Os demais foram custeados com recursos oriundos de emendas parlamentares, sendo 10 federais e seis estaduais.<\/p>\n<p>Com os novos equipamentos, cerca de 9 mil fam\u00edlias rurais poder\u00e3o incrementar suas atividades, melhorando as condi\u00e7\u00f5es de trabalho no campo. S\u00e3o 34 equipamentos doados a 33 prefeituras e 11 para nove associa\u00e7\u00f5es de oito munic\u00edpios.<\/p>\n<p>O prefeito de Bonito de Minas e presidente da Associa\u00e7\u00e3o dos Munic\u00edpios da \u00c1rea Mineira da Sudene (Amams), Jos\u00e9 Reis Nogueira, ressaltou que os tratores entregues ir\u00e3o &#8220;fazer muita diferen\u00e7a&#8221; na vida dos agricultores.<\/p>\n<p>&#8220;Sabemos das dificuldades financeiras que o Governo passa, de d\u00edvidas do passado. Mas, mesmo com todas as dificuldades, o governador tem nos ajudado, tem dado aten\u00e7\u00e3o aos prefeitos e n\u00e3o tem deixado de lado programas importantes como este, que ap\u00f3ia o agricultor em uma regi\u00e3o sofrida como a nossa\u201d, afirmou, lembrando ainda a\u00e7\u00f5es recentes deste Estado na regi\u00e3o, como a implanta\u00e7\u00e3o de po\u00e7os artesianos, aquisi\u00e7\u00e3o de sementes e outros equipamentos.<\/p>\n<p>Para o deputado estadual, Paulo Guedes, apesar do atual cen\u00e1rio econ\u00f4mico enfrentado pelo Estado, o Governo de Minas Gerais tem priorizado a\u00e7\u00f5es que beneficiem o Norte de Minas.<\/p>\n<p>\u201cMesmo com todas as dificuldades financeiras, o Governo tem nos ajudado e n\u00e3o tem deixado programas importantes como esse que apoia o nosso agricultor e uma regi\u00e3o sofrida como a nossa. Esses 45 tratores entregues aqui hoje v\u00e3o fazer muita diferen\u00e7a na vida de muitas pessoas, por isso quero aqui em nome dessa comunidade fazer um agradecimento\u201d, disse.<\/p>\n<p><strong>O programa<\/strong><\/p>\n<p>Os recursos do programa de Desenvolvimento do Norte e Nordeste de Minas Gerais t\u00eam como objetivo promover a melhoria da qualidade de vida do homem do campo, o fortalecimento da agricultura familiar e dos arranjos produtivos de acordo com as voca\u00e7\u00f5es regionais. A a\u00e7\u00e3o tamb\u00e9m contempla a qualifica\u00e7\u00e3o dos agricultores no fomento de culturas agr\u00edcola e pecu\u00e1ria, na implanta\u00e7\u00e3o de agroind\u00fastrias familiares e subs\u00eddios a insumos, maquin\u00e1rios e equipamentos necess\u00e1rios \u00e0 produ\u00e7\u00e3o.<\/p>\n<p><img decoding=\"async\" src=\"http:\/\/aconteceunovale.com.br\/portal\/wp-content\/uploads\/2017\/10\/tratores_nm_1.jpg\" alt=\"\" \/><img decoding=\"async\" src=\"http:\/\/aconteceunovale.com.br\/portal\/wp-content\/uploads\/2017\/10\/tratores_nm_2.jpg\" alt=\"\" \/><img decoding=\"async\" src=\"http:\/\/aconteceunovale.com.br\/portal\/wp-content\/uploads\/2017\/10\/tratores_nm_3.jpg\" alt=\"\" \/><br \/>\n<\/br><\/p>\n<p><strong>VER PRIMEIRO<\/strong><\/p>\n<p>Receba as not\u00edcias do Aconteceu no Vale em primeira m\u00e3o. Clique em curtir no endere\u00e7o <a href=\"https:\/\/www.facebook.com\/aconteceunovale\" target=\"_blank\"><font color=\"red\">www.facebook.com\/aconteceunovale<\/font><\/a> ou no box abaixo:<\/p>\n<div class=\"fb-like\" data-href=\"https:\/\/www.facebook.com\/aconteceunovale\" data-width=\"120\" data-layout=\"standard\" data-action=\"like\" data-size=\"small\" data-show-faces=\"true\" data-share=\"true\"><\/div>\n<p><\/br><\/p>\n<p><em>(Fonte: Ag\u00eancia Minas)<\/em><\/p>\n","protected":false},"excerpt":{"rendered":"<p>O governador Fernando Pimentel entregou no s\u00e1bado (28\/10), no Parque de Exposi\u00e7\u00f5es de Montes Claros, no Territ\u00f3rio Norte, 45 novos tratores equipados com grades aradoras. Os equipamentos ser\u00e3o utilizados para o desenvolvimento da agricultura familiar nas regi\u00f5es Norte e Nordeste de Minas Gerais. O total investido pelo Estado foi R$ 4,12 milh\u00f5es. Durante a entrega, [&hellip;]<\/p>\n","protected":false},"author":1,"featured_media":123288,"comment_status":"open","ping_status":"closed","sticky":false,"template":"","format":"standard","meta":{"amp_status":"","footnotes":""},"categories":[1236,120],"tags":[657,186,253,1714,1535,660,3057,1801,285,1691,1278,879,12826,334,1089,162986,29798,162985,162988,1695,1803,189,162987,3058,2247,1698,1707,1356,1708,1277,210,252,1805,175,2147,1797,421,3352,1522,783,1810,164,330,1713,1814,482],"class_list":["post-123287","post","type-post","status-publish","format-standard","has-post-thumbnail","hentry","category-norte_de_minas","category-jequi","tag-angelandia","tag-aracuai","tag-arinos","tag-botumirim","tag-buritizeiro","tag-catuji","tag-chapada-gaucha","tag-coracao-de-jesus","tag-divino-das-laranjeiras","tag-engenheiro-navarro","tag-espinosa","tag-felicio-dos-santos","tag-fernando-pimentel","tag-formoso","tag-franciscopolis","tag-gameleira","tag-governador-fernando-pimentel","tag-governo-entrega-45-tratores-para-agricultura-familiar-no-norte-de-minas-e-vale-do-jequitinhonha","tag-governo-entrega-45-tratores-para-agricultura-familiar-no-norte-e-nordeste-de-minas","tag-ibiai","tag-icarai-de-minas","tag-itinga","tag-jaiab","tag-japonvar","tag-josenopolis","tag-lagoa-dos-patos","tag-luislandia","tag-manga","tag-matias-cardoso","tag-monte-azul","tag-montes-claros","tag-nanuque","tag-nova-porteirinha","tag-novo-cruzeiro","tag-pocrane","tag-riachinho","tag-rio-pardo-de-minas","tag-santo-antonio-do-retiro","tag-sao-francisco","tag-sao-goncalo-do-rio-preto","tag-sao-joao-das-missoes","tag-teofilo-otoni","tag-tumiritinga","tag-varzelandia","tag-verdelandia","tag-virgem-da-lapa"],"yoast_head":"<!-- This site is optimized with the Yoast SEO plugin v28.3 - https:\/\/yoast.com\/product\/yoast-seo-wordpress\/ -->\n<title>Governo entrega 45 tratores para agricultura familiar no Norte e Nordeste de Minas - Aconteceu no Vale<\/title>\n<meta name=\"robots\" content=\"index, follow, max-snippet:-1, max-image-preview:large, max-video-preview:-1\" \/>\n<link rel=\"canonical\" href=\"https:\/\/aconteceunovale.com.br\/portal\/?p=123287\" \/>\n<meta property=\"og:locale\" content=\"pt_BR\" \/>\n<meta property=\"og:type\" content=\"article\" \/>\n<meta property=\"og:title\" content=\"Governo entrega 45 tratores para agricultura familiar no Norte e Nordeste de Minas - Aconteceu no Vale\" \/>\n<meta property=\"og:description\" content=\"O governador Fernando Pimentel entregou no s\u00e1bado (28\/10), no Parque de Exposi\u00e7\u00f5es de Montes Claros, no Territ\u00f3rio Norte, 45 novos tratores equipados com grades aradoras. Os equipamentos ser\u00e3o utilizados para o desenvolvimento da agricultura familiar nas regi\u00f5es Norte e Nordeste de Minas Gerais. O total investido pelo Estado foi R$ 4,12 milh\u00f5es. Durante a entrega, [&hellip;]\" \/>\n<meta property=\"og:url\" content=\"https:\/\/aconteceunovale.com.br\/portal\/?p=123287\" \/>\n<meta property=\"og:site_name\" content=\"Aconteceu no Vale\" \/>\n<meta property=\"article:publisher\" content=\"https:\/\/www.facebook.com\/aconteceunovale\/\" \/>\n<meta property=\"article:published_time\" content=\"2017-10-30T12:57:28+00:00\" \/>\n<meta property=\"og:image\" content=\"https:\/\/aconteceunovale.com.br\/portal\/wp-content\/uploads\/2017\/10\/tratores_nm.jpg\" \/>\n\t<meta property=\"og:image:width\" content=\"675\" \/>\n\t<meta property=\"og:image:height\" content=\"450\" \/>\n\t<meta property=\"og:image:type\" content=\"image\/jpeg\" \/>\n<meta name=\"author\" content=\"Aconteceu no Vale\" \/>\n<meta name=\"twitter:card\" content=\"summary_large_image\" \/>\n<meta name=\"twitter:creator\" content=\"@noticiadosvales\" \/>\n<meta name=\"twitter:site\" content=\"@noticiadosvales\" \/>\n<meta name=\"twitter:label1\" content=\"Escrito por\" \/>\n\t<meta name=\"twitter:data1\" content=\"Aconteceu no Vale\" \/>\n\t<meta name=\"twitter:label2\" content=\"Est. tempo de leitura\" \/>\n\t<meta name=\"twitter:data2\" content=\"5 minutos\" \/>\n<script type=\"application\/ld+json\" class=\"yoast-schema-graph\">{\"@context\":\"https:\\\/\\\/schema.org\",\"@graph\":[{\"@type\":\"Article\",\"@id\":\"https:\\\/\\\/aconteceunovale.com.br\\\/portal\\\/?p=123287#article\",\"isPartOf\":{\"@id\":\"https:\\\/\\\/aconteceunovale.com.br\\\/portal\\\/?p=123287\"},\"author\":{\"name\":\"Aconteceu no Vale\",\"@id\":\"https:\\\/\\\/aconteceunovale.com.br\\\/portal\\\/#\\\/schema\\\/person\\\/633529146f2c94272bef50ac2953d589\"},\"headline\":\"Governo entrega 45 tratores para agricultura familiar no Norte e Nordeste de Minas\",\"datePublished\":\"2017-10-30T12:57:28+00:00\",\"mainEntityOfPage\":{\"@id\":\"https:\\\/\\\/aconteceunovale.com.br\\\/portal\\\/?p=123287\"},\"wordCount\":1066,\"commentCount\":1,\"image\":{\"@id\":\"https:\\\/\\\/aconteceunovale.com.br\\\/portal\\\/?p=123287#primaryimage\"},\"thumbnailUrl\":\"https:\\\/\\\/aconteceunovale.com.br\\\/portal\\\/wp-content\\\/uploads\\\/2017\\\/10\\\/tratores_nm.jpg\",\"keywords\":[\"Angel\u00e2ndia\",\"Ara\u00e7ua\u00ed\",\"Arinos\",\"Botumirim\",\"Buritizeiro\",\"Catuji\",\"Chapada Ga\u00facha\",\"Cora\u00e7\u00e3o de Jesus\",\"Divino das Laranjeiras\",\"Engenheiro Navarro\",\"espinosa\",\"fel\u00edcio dos santos\",\"Fernando Pimentel\",\"Formoso\",\"francisc\u00f3polis\",\"Gameleira\",\"Governador Fernando Pimentel\",\"Governo entrega 45 tratores para agricultura familiar no Norte de Minas e Vale do Jequitinhonha\",\"Governo entrega 45 tratores para agricultura familiar no Norte e Nordeste de Minas\",\"Ibia\u00ed\",\"Icara\u00ed de Minas\",\"Itinga\",\"Ja\u00edab\",\"Japonvar\",\"Josen\u00f3polis\",\"Lagoa dos Patos\",\"Luisl\u00e2ndia\",\"manga\",\"Matias Cardoso\",\"monte azul\",\"Montes Claros\",\"Nanuque\",\"Nova Porteirinha\",\"Novo Cruzeiro\",\"Pocrane\",\"Riachinho\",\"Rio Pardo de Minas\",\"Santo Ant\u00f4nio do Retiro\",\"S\u00e3o Francisco\",\"S\u00e3o Gon\u00e7alo do Rio Preto\",\"S\u00e3o Jo\u00e3o das Miss\u00f5es\",\"Te\u00f3filo Otoni\",\"Tumiritinga\",\"Varzel\u00e2ndia\",\"Verdel\u00e2ndia\",\"Virgem da Lapa\"],\"articleSection\":[\"Norte de Minas\",\"Vale do Jequitinhonha\"],\"inLanguage\":\"pt-BR\",\"potentialAction\":[{\"@type\":\"CommentAction\",\"name\":\"Comment\",\"target\":[\"https:\\\/\\\/aconteceunovale.com.br\\\/portal\\\/?p=123287#respond\"]}]},{\"@type\":\"WebPage\",\"@id\":\"https:\\\/\\\/aconteceunovale.com.br\\\/portal\\\/?p=123287\",\"url\":\"https:\\\/\\\/aconteceunovale.com.br\\\/portal\\\/?p=123287\",\"name\":\"Governo entrega 45 tratores para agricultura familiar no Norte e Nordeste de Minas - Aconteceu no Vale\",\"isPartOf\":{\"@id\":\"https:\\\/\\\/aconteceunovale.com.br\\\/portal\\\/#website\"},\"primaryImageOfPage\":{\"@id\":\"https:\\\/\\\/aconteceunovale.com.br\\\/portal\\\/?p=123287#primaryimage\"},\"image\":{\"@id\":\"https:\\\/\\\/aconteceunovale.com.br\\\/portal\\\/?p=123287#primaryimage\"},\"thumbnailUrl\":\"https:\\\/\\\/aconteceunovale.com.br\\\/portal\\\/wp-content\\\/uploads\\\/2017\\\/10\\\/tratores_nm.jpg\",\"datePublished\":\"2017-10-30T12:57:28+00:00\",\"author\":{\"@id\":\"https:\\\/\\\/aconteceunovale.com.br\\\/portal\\\/#\\\/schema\\\/person\\\/633529146f2c94272bef50ac2953d589\"},\"breadcrumb\":{\"@id\":\"https:\\\/\\\/aconteceunovale.com.br\\\/portal\\\/?p=123287#breadcrumb\"},\"inLanguage\":\"pt-BR\",\"potentialAction\":[{\"@type\":\"ReadAction\",\"target\":[\"https:\\\/\\\/aconteceunovale.com.br\\\/portal\\\/?p=123287\"]}]},{\"@type\":\"ImageObject\",\"inLanguage\":\"pt-BR\",\"@id\":\"https:\\\/\\\/aconteceunovale.com.br\\\/portal\\\/?p=123287#primaryimage\",\"url\":\"https:\\\/\\\/aconteceunovale.com.br\\\/portal\\\/wp-content\\\/uploads\\\/2017\\\/10\\\/tratores_nm.jpg\",\"contentUrl\":\"https:\\\/\\\/aconteceunovale.com.br\\\/portal\\\/wp-content\\\/uploads\\\/2017\\\/10\\\/tratores_nm.jpg\",\"width\":675,\"height\":450},{\"@type\":\"BreadcrumbList\",\"@id\":\"https:\\\/\\\/aconteceunovale.com.br\\\/portal\\\/?p=123287#breadcrumb\",\"itemListElement\":[{\"@type\":\"ListItem\",\"position\":1,\"name\":\"In\u00edcio\",\"item\":\"https:\\\/\\\/aconteceunovale.com.br\\\/portal\\\/\"},{\"@type\":\"ListItem\",\"position\":2,\"name\":\"Governo entrega 45 tratores para agricultura familiar no Norte e Nordeste de Minas\"}]},{\"@type\":\"WebSite\",\"@id\":\"https:\\\/\\\/aconteceunovale.com.br\\\/portal\\\/#website\",\"url\":\"https:\\\/\\\/aconteceunovale.com.br\\\/portal\\\/\",\"name\":\"Aconteceu no Vale\",\"description\":\"Portal de Not\u00edcias\",\"potentialAction\":[{\"@type\":\"SearchAction\",\"target\":{\"@type\":\"EntryPoint\",\"urlTemplate\":\"https:\\\/\\\/aconteceunovale.com.br\\\/portal\\\/?s={search_term_string}\"},\"query-input\":{\"@type\":\"PropertyValueSpecification\",\"valueRequired\":true,\"valueName\":\"search_term_string\"}}],\"inLanguage\":\"pt-BR\"},{\"@type\":\"Person\",\"@id\":\"https:\\\/\\\/aconteceunovale.com.br\\\/portal\\\/#\\\/schema\\\/person\\\/633529146f2c94272bef50ac2953d589\",\"name\":\"Aconteceu no Vale\",\"description\":\"Equipe de reportagem do Aconteceu no Vale, portal de not\u00edcias do Vale do Jequitinhonha, em Minas Gerais. Cobrimos as 51 cidades do Vale desde 2013. Sugest\u00f5es de pauta e pedidos de corre\u00e7\u00e3o: contato@aconteceunovale.com.br\",\"sameAs\":[\"http:\\\/\\\/www.aconteceunovale.com.br\"],\"url\":\"https:\\\/\\\/aconteceunovale.com.br\\\/portal\\\/?author=1\"}]}<\/script>\n<!-- \/ Yoast SEO plugin. -->","yoast_head_json":{"title":"Governo entrega 45 tratores para agricultura familiar no Norte e Nordeste de Minas - Aconteceu no Vale","robots":{"index":"index","follow":"follow","max-snippet":"max-snippet:-1","max-image-preview":"max-image-preview:large","max-video-preview":"max-video-preview:-1"},"canonical":"https:\/\/aconteceunovale.com.br\/portal\/?p=123287","og_locale":"pt_BR","og_type":"article","og_title":"Governo entrega 45 tratores para agricultura familiar no Norte e Nordeste de Minas - Aconteceu no Vale","og_description":"O governador Fernando Pimentel entregou no s\u00e1bado (28\/10), no Parque de Exposi\u00e7\u00f5es de Montes Claros, no Territ\u00f3rio Norte, 45 novos tratores equipados com grades aradoras. Os equipamentos ser\u00e3o utilizados para o desenvolvimento da agricultura familiar nas regi\u00f5es Norte e Nordeste de Minas Gerais. O total investido pelo Estado foi R$ 4,12 milh\u00f5es. Durante a entrega, [&hellip;]","og_url":"https:\/\/aconteceunovale.com.br\/portal\/?p=123287","og_site_name":"Aconteceu no Vale","article_publisher":"https:\/\/www.facebook.com\/aconteceunovale\/","article_published_time":"2017-10-30T12:57:28+00:00","og_image":[{"width":675,"height":450,"url":"https:\/\/aconteceunovale.com.br\/portal\/wp-content\/uploads\/2017\/10\/tratores_nm.jpg","type":"image\/jpeg"}],"author":"Aconteceu no Vale","twitter_card":"summary_large_image","twitter_creator":"@noticiadosvales","twitter_site":"@noticiadosvales","twitter_misc":{"Escrito por":"Aconteceu no Vale","Est. tempo de leitura":"5 minutos"},"schema":{"@context":"https:\/\/schema.org","@graph":[{"@type":"Article","@id":"https:\/\/aconteceunovale.com.br\/portal\/?p=123287#article","isPartOf":{"@id":"https:\/\/aconteceunovale.com.br\/portal\/?p=123287"},"author":{"name":"Aconteceu no Vale","@id":"https:\/\/aconteceunovale.com.br\/portal\/#\/schema\/person\/633529146f2c94272bef50ac2953d589"},"headline":"Governo entrega 45 tratores para agricultura familiar no Norte e Nordeste de Minas","datePublished":"2017-10-30T12:57:28+00:00","mainEntityOfPage":{"@id":"https:\/\/aconteceunovale.com.br\/portal\/?p=123287"},"wordCount":1066,"commentCount":1,"image":{"@id":"https:\/\/aconteceunovale.com.br\/portal\/?p=123287#primaryimage"},"thumbnailUrl":"https:\/\/aconteceunovale.com.br\/portal\/wp-content\/uploads\/2017\/10\/tratores_nm.jpg","keywords":["Angel\u00e2ndia","Ara\u00e7ua\u00ed","Arinos","Botumirim","Buritizeiro","Catuji","Chapada Ga\u00facha","Cora\u00e7\u00e3o de Jesus","Divino das Laranjeiras","Engenheiro Navarro","espinosa","fel\u00edcio dos santos","Fernando Pimentel","Formoso","francisc\u00f3polis","Gameleira","Governador Fernando Pimentel","Governo entrega 45 tratores para agricultura familiar no Norte de Minas e Vale do Jequitinhonha","Governo entrega 45 tratores para agricultura familiar no Norte e Nordeste de Minas","Ibia\u00ed","Icara\u00ed de Minas","Itinga","Ja\u00edab","Japonvar","Josen\u00f3polis","Lagoa dos Patos","Luisl\u00e2ndia","manga","Matias Cardoso","monte azul","Montes Claros","Nanuque","Nova Porteirinha","Novo Cruzeiro","Pocrane","Riachinho","Rio Pardo de Minas","Santo Ant\u00f4nio do Retiro","S\u00e3o Francisco","S\u00e3o Gon\u00e7alo do Rio Preto","S\u00e3o Jo\u00e3o das Miss\u00f5es","Te\u00f3filo Otoni","Tumiritinga","Varzel\u00e2ndia","Verdel\u00e2ndia","Virgem da Lapa"],"articleSection":["Norte de Minas","Vale do Jequitinhonha"],"inLanguage":"pt-BR","potentialAction":[{"@type":"CommentAction","name":"Comment","target":["https:\/\/aconteceunovale.com.br\/portal\/?p=123287#respond"]}]},{"@type":"WebPage","@id":"https:\/\/aconteceunovale.com.br\/portal\/?p=123287","url":"https:\/\/aconteceunovale.com.br\/portal\/?p=123287","name":"Governo entrega 45 tratores para agricultura familiar no Norte e Nordeste de Minas - Aconteceu no Vale","isPartOf":{"@id":"https:\/\/aconteceunovale.com.br\/portal\/#website"},"primaryImageOfPage":{"@id":"https:\/\/aconteceunovale.com.br\/portal\/?p=123287#primaryimage"},"image":{"@id":"https:\/\/aconteceunovale.com.br\/portal\/?p=123287#primaryimage"},"thumbnailUrl":"https:\/\/aconteceunovale.com.br\/portal\/wp-content\/uploads\/2017\/10\/tratores_nm.jpg","datePublished":"2017-10-30T12:57:28+00:00","author":{"@id":"https:\/\/aconteceunovale.com.br\/portal\/#\/schema\/person\/633529146f2c94272bef50ac2953d589"},"breadcrumb":{"@id":"https:\/\/aconteceunovale.com.br\/portal\/?p=123287#breadcrumb"},"inLanguage":"pt-BR","potentialAction":[{"@type":"ReadAction","target":["https:\/\/aconteceunovale.com.br\/portal\/?p=123287"]}]},{"@type":"ImageObject","inLanguage":"pt-BR","@id":"https:\/\/aconteceunovale.com.br\/portal\/?p=123287#primaryimage","url":"https:\/\/aconteceunovale.com.br\/portal\/wp-content\/uploads\/2017\/10\/tratores_nm.jpg","contentUrl":"https:\/\/aconteceunovale.com.br\/portal\/wp-content\/uploads\/2017\/10\/tratores_nm.jpg","width":675,"height":450},{"@type":"BreadcrumbList","@id":"https:\/\/aconteceunovale.com.br\/portal\/?p=123287#breadcrumb","itemListElement":[{"@type":"ListItem","position":1,"name":"In\u00edcio","item":"https:\/\/aconteceunovale.com.br\/portal\/"},{"@type":"ListItem","position":2,"name":"Governo entrega 45 tratores para agricultura familiar no Norte e Nordeste de Minas"}]},{"@type":"WebSite","@id":"https:\/\/aconteceunovale.com.br\/portal\/#website","url":"https:\/\/aconteceunovale.com.br\/portal\/","name":"Aconteceu no Vale","description":"Portal de Not\u00edcias","potentialAction":[{"@type":"SearchAction","target":{"@type":"EntryPoint","urlTemplate":"https:\/\/aconteceunovale.com.br\/portal\/?s={search_term_string}"},"query-input":{"@type":"PropertyValueSpecification","valueRequired":true,"valueName":"search_term_string"}}],"inLanguage":"pt-BR"},{"@type":"Person","@id":"https:\/\/aconteceunovale.com.br\/portal\/#\/schema\/person\/633529146f2c94272bef50ac2953d589","name":"Aconteceu no Vale","description":"Equipe de reportagem do Aconteceu no Vale, portal de not\u00edcias do Vale do Jequitinhonha, em Minas Gerais. Cobrimos as 51 cidades do Vale desde 2013. Sugest\u00f5es de pauta e pedidos de corre\u00e7\u00e3o: contato@aconteceunovale.com.br","sameAs":["http:\/\/www.aconteceunovale.com.br"],"url":"https:\/\/aconteceunovale.com.br\/portal\/?author=1"}]}},"_links":{"self":[{"href":"https:\/\/aconteceunovale.com.br\/portal\/index.php?rest_route=\/wp\/v2\/posts\/123287","targetHints":{"allow":["GET"]}}],"collection":[{"href":"https:\/\/aconteceunovale.com.br\/portal\/index.php?rest_route=\/wp\/v2\/posts"}],"about":[{"href":"https:\/\/aconteceunovale.com.br\/portal\/index.php?rest_route=\/wp\/v2\/types\/post"}],"author":[{"embeddable":true,"href":"https:\/\/aconteceunovale.com.br\/portal\/index.php?rest_route=\/wp\/v2\/users\/1"}],"replies":[{"embeddable":true,"href":"https:\/\/aconteceunovale.com.br\/portal\/index.php?rest_route=%2Fwp%2Fv2%2Fcomments&post=123287"}],"version-history":[{"count":0,"href":"https:\/\/aconteceunovale.com.br\/portal\/index.php?rest_route=\/wp\/v2\/posts\/123287\/revisions"}],"wp:featuredmedia":[{"embeddable":true,"href":"https:\/\/aconteceunovale.com.br\/portal\/index.php?rest_route=\/wp\/v2\/media\/123288"}],"wp:attachment":[{"href":"https:\/\/aconteceunovale.com.br\/portal\/index.php?rest_route=%2Fwp%2Fv2%2Fmedia&parent=123287"}],"wp:term":[{"taxonomy":"category","embeddable":true,"href":"https:\/\/aconteceunovale.com.br\/portal\/index.php?rest_route=%2Fwp%2Fv2%2Fcategories&post=123287"},{"taxonomy":"post_tag","embeddable":true,"href":"https:\/\/aconteceunovale.com.br\/portal\/index.php?rest_route=%2Fwp%2Fv2%2Ftags&post=123287"}],"curies":[{"name":"wp","href":"https:\/\/api.w.org\/{rel}","templated":true}]}}