{"id":123284,"date":"2017-10-30T08:34:40","date_gmt":"2017-10-30T10:34:40","guid":{"rendered":"http:\/\/aconteceunovale.com.br\/portal\/?p=123284"},"modified":"2026-08-31T23:14:05","modified_gmt":"2026-09-01T02:14:05","slug":"carro-colide-contra-poste-no-anel-rodoviario-de-capelinha","status":"publish","type":"post","link":"https:\/\/aconteceunovale.com.br\/portal\/?p=123284","title":{"rendered":"Carro colide contra poste no Anel Rodovi\u00e1rio de Capelinha"},"content":{"rendered":"<p>O condutor de um Fiat P\u00e1lio perdeu o controle da dire\u00e7\u00e3o e colidiu contra um poste na tarde deste domingo (29\/10), pr\u00f3ximo ao Supermercado Rodrigues, no Anel Rodovi\u00e1rio de Capelinha (MG). Com o impacto, a estrutura do poste foi danificada. Uma empresa terceirizada da Cemig foi acionada para realizar os reparos na rede el\u00e9trica.<\/p>\n<p>Este foi o segundo acidente com colis\u00e3o contra poste registrada em Capelinha em um intervalo de 24 horas. Na noite de s\u00e1bado, o motorista de um VW\/Gol derrubou um poste na Avenida Tancredo Neves, no bairro Piedade. Ele saiu por conta pr\u00f3pria do ve\u00edculo e foi socorrido ao hospital local por terceiros.<\/p>\n<p><img decoding=\"async\" src=\"http:\/\/aconteceunovale.com.br\/portal\/wp-content\/uploads\/2017\/10\/acidente_carro_cap_1.jpg\" alt=\"\" \/><em>Motorista perdeu o controle e colidiu contra poste (Foto: Reprodu\u00e7\u00e3o\/Blog RegisCap)<\/em><br \/>\n<\/br><\/p>\n<p><strong>VER PRIMEIRO<\/strong><\/p>\n<p>Receba as not\u00edcias do Aconteceu no Vale em primeira m\u00e3o. Clique em curtir no endere\u00e7o <a href=\"https:\/\/www.facebook.com\/aconteceunovale\" target=\"_blank\"><font color=\"red\">www.facebook.com\/aconteceunovale<\/font><\/a> ou no box abaixo:<\/p>\n<div class=\"fb-like\" data-href=\"https:\/\/www.facebook.com\/aconteceunovale\" data-width=\"120\" data-layout=\"standard\" data-action=\"like\" data-size=\"small\" data-show-faces=\"true\" data-share=\"true\"><\/div>\n<p><\/br><\/p>\n","protected":false},"excerpt":{"rendered":"<p>O condutor de um Fiat P\u00e1lio perdeu o controle da dire\u00e7\u00e3o e colidiu contra um poste na tarde deste domingo (29\/10), pr\u00f3ximo ao Supermercado Rodrigues, no Anel Rodovi\u00e1rio de Capelinha (MG). Com o impacto, a estrutura do poste foi danificada. Uma empresa terceirizada da Cemig foi acionada para realizar os reparos na rede el\u00e9trica. Este [&hellip;]<\/p>\n","protected":false},"author":1,"featured_media":123285,"comment_status":"open","ping_status":"closed","sticky":false,"template":"","format":"standard","meta":{"amp_status":"","footnotes":""},"categories":[272535,120],"tags":[162983,4598,162982,29074,132,162984,162981],"class_list":["post-123284","post","type-post","status-publish","format-standard","has-post-thumbnail","hentry","category-capelinha","category-jequi","tag-acidente-com-vicentinho-em-capelinha","tag-acidente-em-capelinha","tag-acidente-na-avenida-tancredo-neves-em-capelinha","tag-acidente-no-bairro-piedade-em-capelinha","tag-capelinha","tag-carro-colide-contra-poste-no-anel-rodoviario-de-capelinha","tag-condutor-derruba-poste-de-energia-eletrica-em-avenida-de-capelinha"],"yoast_head":"<!-- This site is optimized with the Yoast SEO plugin v28.3 - https:\/\/yoast.com\/product\/yoast-seo-wordpress\/ -->\n<title>Carro colide contra poste no Anel Rodovi\u00e1rio de Capelinha - Aconteceu no Vale<\/title>\n<meta name=\"robots\" content=\"index, follow, max-snippet:-1, max-image-preview:large, max-video-preview:-1\" \/>\n<link rel=\"canonical\" href=\"https:\/\/aconteceunovale.com.br\/portal\/?p=123284\" \/>\n<meta property=\"og:locale\" content=\"pt_BR\" \/>\n<meta property=\"og:type\" content=\"article\" \/>\n<meta property=\"og:title\" content=\"Carro colide contra poste no Anel Rodovi\u00e1rio de Capelinha - Aconteceu no Vale\" \/>\n<meta property=\"og:description\" content=\"O condutor de um Fiat P\u00e1lio perdeu o controle da dire\u00e7\u00e3o e colidiu contra um poste na tarde deste domingo (29\/10), pr\u00f3ximo ao Supermercado Rodrigues, no Anel Rodovi\u00e1rio de Capelinha (MG). Com o impacto, a estrutura do poste foi danificada. Uma empresa terceirizada da Cemig foi acionada para realizar os reparos na rede el\u00e9trica. Este [&hellip;]\" \/>\n<meta property=\"og:url\" content=\"https:\/\/aconteceunovale.com.br\/portal\/?p=123284\" \/>\n<meta property=\"og:site_name\" content=\"Aconteceu no Vale\" \/>\n<meta property=\"article:publisher\" content=\"https:\/\/www.facebook.com\/aconteceunovale\/\" \/>\n<meta property=\"article:published_time\" content=\"2017-10-30T10:34:40+00:00\" \/>\n<meta property=\"article:modified_time\" content=\"2026-09-01T02:14:05+00:00\" \/>\n<meta property=\"og:image\" content=\"https:\/\/aconteceunovale.com.br\/portal\/wp-content\/uploads\/2017\/10\/acidente_carro_cap_1.jpg\" \/>\n\t<meta property=\"og:image:width\" content=\"678\" \/>\n\t<meta property=\"og:image:height\" content=\"381\" \/>\n\t<meta property=\"og:image:type\" content=\"image\/jpeg\" \/>\n<meta name=\"author\" content=\"Aconteceu no Vale\" \/>\n<meta name=\"twitter:card\" content=\"summary_large_image\" \/>\n<meta name=\"twitter:creator\" content=\"@noticiadosvales\" \/>\n<meta name=\"twitter:site\" content=\"@noticiadosvales\" \/>\n<meta name=\"twitter:label1\" content=\"Escrito por\" \/>\n\t<meta name=\"twitter:data1\" content=\"Aconteceu no Vale\" \/>\n\t<meta name=\"twitter:label2\" content=\"Est. tempo de leitura\" \/>\n\t<meta name=\"twitter:data2\" content=\"1 minuto\" \/>\n<script type=\"application\/ld+json\" class=\"yoast-schema-graph\">{\"@context\":\"https:\\\/\\\/schema.org\",\"@graph\":[{\"@type\":\"Article\",\"@id\":\"https:\\\/\\\/aconteceunovale.com.br\\\/portal\\\/?p=123284#article\",\"isPartOf\":{\"@id\":\"https:\\\/\\\/aconteceunovale.com.br\\\/portal\\\/?p=123284\"},\"author\":{\"name\":\"Aconteceu no Vale\",\"@id\":\"https:\\\/\\\/aconteceunovale.com.br\\\/portal\\\/#\\\/schema\\\/person\\\/633529146f2c94272bef50ac2953d589\"},\"headline\":\"Carro colide contra poste no Anel Rodovi\u00e1rio de Capelinha\",\"datePublished\":\"2017-10-30T10:34:40+00:00\",\"dateModified\":\"2026-09-01T02:14:05+00:00\",\"mainEntityOfPage\":{\"@id\":\"https:\\\/\\\/aconteceunovale.com.br\\\/portal\\\/?p=123284\"},\"wordCount\":165,\"commentCount\":0,\"image\":{\"@id\":\"https:\\\/\\\/aconteceunovale.com.br\\\/portal\\\/?p=123284#primaryimage\"},\"thumbnailUrl\":\"https:\\\/\\\/aconteceunovale.com.br\\\/portal\\\/wp-content\\\/uploads\\\/2017\\\/10\\\/acidente_carro_cap_1.jpg\",\"keywords\":[\"Acidente com vicentinho em Capelinha\",\"Acidente em Capelinha\",\"Acidente na avenida tancredo neves em Capelinha\",\"acidente no bairro piedade em capelinha\",\"Capelinha\",\"Carro colide contra poste no Anel Rodovi\u00e1rio de Capelinha\",\"Condutor derruba poste de energia el\u00e9trica em avenida de Capelinha\"],\"articleSection\":[\"Capelinha\",\"Vale do Jequitinhonha\"],\"inLanguage\":\"pt-BR\",\"potentialAction\":[{\"@type\":\"CommentAction\",\"name\":\"Comment\",\"target\":[\"https:\\\/\\\/aconteceunovale.com.br\\\/portal\\\/?p=123284#respond\"]}]},{\"@type\":\"WebPage\",\"@id\":\"https:\\\/\\\/aconteceunovale.com.br\\\/portal\\\/?p=123284\",\"url\":\"https:\\\/\\\/aconteceunovale.com.br\\\/portal\\\/?p=123284\",\"name\":\"Carro colide contra poste no Anel Rodovi\u00e1rio de Capelinha - Aconteceu no Vale\",\"isPartOf\":{\"@id\":\"https:\\\/\\\/aconteceunovale.com.br\\\/portal\\\/#website\"},\"primaryImageOfPage\":{\"@id\":\"https:\\\/\\\/aconteceunovale.com.br\\\/portal\\\/?p=123284#primaryimage\"},\"image\":{\"@id\":\"https:\\\/\\\/aconteceunovale.com.br\\\/portal\\\/?p=123284#primaryimage\"},\"thumbnailUrl\":\"https:\\\/\\\/aconteceunovale.com.br\\\/portal\\\/wp-content\\\/uploads\\\/2017\\\/10\\\/acidente_carro_cap_1.jpg\",\"datePublished\":\"2017-10-30T10:34:40+00:00\",\"dateModified\":\"2026-09-01T02:14:05+00:00\",\"author\":{\"@id\":\"https:\\\/\\\/aconteceunovale.com.br\\\/portal\\\/#\\\/schema\\\/person\\\/633529146f2c94272bef50ac2953d589\"},\"breadcrumb\":{\"@id\":\"https:\\\/\\\/aconteceunovale.com.br\\\/portal\\\/?p=123284#breadcrumb\"},\"inLanguage\":\"pt-BR\",\"potentialAction\":[{\"@type\":\"ReadAction\",\"target\":[\"https:\\\/\\\/aconteceunovale.com.br\\\/portal\\\/?p=123284\"]}]},{\"@type\":\"ImageObject\",\"inLanguage\":\"pt-BR\",\"@id\":\"https:\\\/\\\/aconteceunovale.com.br\\\/portal\\\/?p=123284#primaryimage\",\"url\":\"https:\\\/\\\/aconteceunovale.com.br\\\/portal\\\/wp-content\\\/uploads\\\/2017\\\/10\\\/acidente_carro_cap_1.jpg\",\"contentUrl\":\"https:\\\/\\\/aconteceunovale.com.br\\\/portal\\\/wp-content\\\/uploads\\\/2017\\\/10\\\/acidente_carro_cap_1.jpg\",\"width\":678,\"height\":381},{\"@type\":\"BreadcrumbList\",\"@id\":\"https:\\\/\\\/aconteceunovale.com.br\\\/portal\\\/?p=123284#breadcrumb\",\"itemListElement\":[{\"@type\":\"ListItem\",\"position\":1,\"name\":\"In\u00edcio\",\"item\":\"https:\\\/\\\/aconteceunovale.com.br\\\/portal\\\/\"},{\"@type\":\"ListItem\",\"position\":2,\"name\":\"Carro colide contra poste no Anel Rodovi\u00e1rio de Capelinha\"}]},{\"@type\":\"WebSite\",\"@id\":\"https:\\\/\\\/aconteceunovale.com.br\\\/portal\\\/#website\",\"url\":\"https:\\\/\\\/aconteceunovale.com.br\\\/portal\\\/\",\"name\":\"Aconteceu no Vale\",\"description\":\"Portal de Not\u00edcias\",\"potentialAction\":[{\"@type\":\"SearchAction\",\"target\":{\"@type\":\"EntryPoint\",\"urlTemplate\":\"https:\\\/\\\/aconteceunovale.com.br\\\/portal\\\/?s={search_term_string}\"},\"query-input\":{\"@type\":\"PropertyValueSpecification\",\"valueRequired\":true,\"valueName\":\"search_term_string\"}}],\"inLanguage\":\"pt-BR\"},{\"@type\":\"Person\",\"@id\":\"https:\\\/\\\/aconteceunovale.com.br\\\/portal\\\/#\\\/schema\\\/person\\\/633529146f2c94272bef50ac2953d589\",\"name\":\"Aconteceu no Vale\",\"description\":\"Equipe de reportagem do Aconteceu no Vale, portal de not\u00edcias do Vale do Jequitinhonha, em Minas Gerais. Cobrimos as 51 cidades do Vale desde 2013. Sugest\u00f5es de pauta e pedidos de corre\u00e7\u00e3o: contato@aconteceunovale.com.br\",\"sameAs\":[\"http:\\\/\\\/www.aconteceunovale.com.br\"],\"url\":\"https:\\\/\\\/aconteceunovale.com.br\\\/portal\\\/?author=1\"}]}<\/script>\n<!-- \/ Yoast SEO plugin. -->","yoast_head_json":{"title":"Carro colide contra poste no Anel Rodovi\u00e1rio de Capelinha - Aconteceu no Vale","robots":{"index":"index","follow":"follow","max-snippet":"max-snippet:-1","max-image-preview":"max-image-preview:large","max-video-preview":"max-video-preview:-1"},"canonical":"https:\/\/aconteceunovale.com.br\/portal\/?p=123284","og_locale":"pt_BR","og_type":"article","og_title":"Carro colide contra poste no Anel Rodovi\u00e1rio de Capelinha - Aconteceu no Vale","og_description":"O condutor de um Fiat P\u00e1lio perdeu o controle da dire\u00e7\u00e3o e colidiu contra um poste na tarde deste domingo (29\/10), pr\u00f3ximo ao Supermercado Rodrigues, no Anel Rodovi\u00e1rio de Capelinha (MG). Com o impacto, a estrutura do poste foi danificada. Uma empresa terceirizada da Cemig foi acionada para realizar os reparos na rede el\u00e9trica. Este [&hellip;]","og_url":"https:\/\/aconteceunovale.com.br\/portal\/?p=123284","og_site_name":"Aconteceu no Vale","article_publisher":"https:\/\/www.facebook.com\/aconteceunovale\/","article_published_time":"2017-10-30T10:34:40+00:00","article_modified_time":"2026-09-01T02:14:05+00:00","og_image":[{"width":678,"height":381,"url":"https:\/\/aconteceunovale.com.br\/portal\/wp-content\/uploads\/2017\/10\/acidente_carro_cap_1.jpg","type":"image\/jpeg"}],"author":"Aconteceu no Vale","twitter_card":"summary_large_image","twitter_creator":"@noticiadosvales","twitter_site":"@noticiadosvales","twitter_misc":{"Escrito por":"Aconteceu no Vale","Est. tempo de leitura":"1 minuto"},"schema":{"@context":"https:\/\/schema.org","@graph":[{"@type":"Article","@id":"https:\/\/aconteceunovale.com.br\/portal\/?p=123284#article","isPartOf":{"@id":"https:\/\/aconteceunovale.com.br\/portal\/?p=123284"},"author":{"name":"Aconteceu no Vale","@id":"https:\/\/aconteceunovale.com.br\/portal\/#\/schema\/person\/633529146f2c94272bef50ac2953d589"},"headline":"Carro colide contra poste no Anel Rodovi\u00e1rio de Capelinha","datePublished":"2017-10-30T10:34:40+00:00","dateModified":"2026-09-01T02:14:05+00:00","mainEntityOfPage":{"@id":"https:\/\/aconteceunovale.com.br\/portal\/?p=123284"},"wordCount":165,"commentCount":0,"image":{"@id":"https:\/\/aconteceunovale.com.br\/portal\/?p=123284#primaryimage"},"thumbnailUrl":"https:\/\/aconteceunovale.com.br\/portal\/wp-content\/uploads\/2017\/10\/acidente_carro_cap_1.jpg","keywords":["Acidente com vicentinho em Capelinha","Acidente em Capelinha","Acidente na avenida tancredo neves em Capelinha","acidente no bairro piedade em capelinha","Capelinha","Carro colide contra poste no Anel Rodovi\u00e1rio de Capelinha","Condutor derruba poste de energia el\u00e9trica em avenida de Capelinha"],"articleSection":["Capelinha","Vale do Jequitinhonha"],"inLanguage":"pt-BR","potentialAction":[{"@type":"CommentAction","name":"Comment","target":["https:\/\/aconteceunovale.com.br\/portal\/?p=123284#respond"]}]},{"@type":"WebPage","@id":"https:\/\/aconteceunovale.com.br\/portal\/?p=123284","url":"https:\/\/aconteceunovale.com.br\/portal\/?p=123284","name":"Carro colide contra poste no Anel Rodovi\u00e1rio de Capelinha - Aconteceu no Vale","isPartOf":{"@id":"https:\/\/aconteceunovale.com.br\/portal\/#website"},"primaryImageOfPage":{"@id":"https:\/\/aconteceunovale.com.br\/portal\/?p=123284#primaryimage"},"image":{"@id":"https:\/\/aconteceunovale.com.br\/portal\/?p=123284#primaryimage"},"thumbnailUrl":"https:\/\/aconteceunovale.com.br\/portal\/wp-content\/uploads\/2017\/10\/acidente_carro_cap_1.jpg","datePublished":"2017-10-30T10:34:40+00:00","dateModified":"2026-09-01T02:14:05+00:00","author":{"@id":"https:\/\/aconteceunovale.com.br\/portal\/#\/schema\/person\/633529146f2c94272bef50ac2953d589"},"breadcrumb":{"@id":"https:\/\/aconteceunovale.com.br\/portal\/?p=123284#breadcrumb"},"inLanguage":"pt-BR","potentialAction":[{"@type":"ReadAction","target":["https:\/\/aconteceunovale.com.br\/portal\/?p=123284"]}]},{"@type":"ImageObject","inLanguage":"pt-BR","@id":"https:\/\/aconteceunovale.com.br\/portal\/?p=123284#primaryimage","url":"https:\/\/aconteceunovale.com.br\/portal\/wp-content\/uploads\/2017\/10\/acidente_carro_cap_1.jpg","contentUrl":"https:\/\/aconteceunovale.com.br\/portal\/wp-content\/uploads\/2017\/10\/acidente_carro_cap_1.jpg","width":678,"height":381},{"@type":"BreadcrumbList","@id":"https:\/\/aconteceunovale.com.br\/portal\/?p=123284#breadcrumb","itemListElement":[{"@type":"ListItem","position":1,"name":"In\u00edcio","item":"https:\/\/aconteceunovale.com.br\/portal\/"},{"@type":"ListItem","position":2,"name":"Carro colide contra poste no Anel Rodovi\u00e1rio de Capelinha"}]},{"@type":"WebSite","@id":"https:\/\/aconteceunovale.com.br\/portal\/#website","url":"https:\/\/aconteceunovale.com.br\/portal\/","name":"Aconteceu no Vale","description":"Portal de Not\u00edcias","potentialAction":[{"@type":"SearchAction","target":{"@type":"EntryPoint","urlTemplate":"https:\/\/aconteceunovale.com.br\/portal\/?s={search_term_string}"},"query-input":{"@type":"PropertyValueSpecification","valueRequired":true,"valueName":"search_term_string"}}],"inLanguage":"pt-BR"},{"@type":"Person","@id":"https:\/\/aconteceunovale.com.br\/portal\/#\/schema\/person\/633529146f2c94272bef50ac2953d589","name":"Aconteceu no Vale","description":"Equipe de reportagem do Aconteceu no Vale, portal de not\u00edcias do Vale do Jequitinhonha, em Minas Gerais. Cobrimos as 51 cidades do Vale desde 2013. Sugest\u00f5es de pauta e pedidos de corre\u00e7\u00e3o: contato@aconteceunovale.com.br","sameAs":["http:\/\/www.aconteceunovale.com.br"],"url":"https:\/\/aconteceunovale.com.br\/portal\/?author=1"}]}},"_links":{"self":[{"href":"https:\/\/aconteceunovale.com.br\/portal\/index.php?rest_route=\/wp\/v2\/posts\/123284","targetHints":{"allow":["GET"]}}],"collection":[{"href":"https:\/\/aconteceunovale.com.br\/portal\/index.php?rest_route=\/wp\/v2\/posts"}],"about":[{"href":"https:\/\/aconteceunovale.com.br\/portal\/index.php?rest_route=\/wp\/v2\/types\/post"}],"author":[{"embeddable":true,"href":"https:\/\/aconteceunovale.com.br\/portal\/index.php?rest_route=\/wp\/v2\/users\/1"}],"replies":[{"embeddable":true,"href":"https:\/\/aconteceunovale.com.br\/portal\/index.php?rest_route=%2Fwp%2Fv2%2Fcomments&post=123284"}],"version-history":[{"count":1,"href":"https:\/\/aconteceunovale.com.br\/portal\/index.php?rest_route=\/wp\/v2\/posts\/123284\/revisions"}],"predecessor-version":[{"id":198328,"href":"https:\/\/aconteceunovale.com.br\/portal\/index.php?rest_route=\/wp\/v2\/posts\/123284\/revisions\/198328"}],"wp:featuredmedia":[{"embeddable":true,"href":"https:\/\/aconteceunovale.com.br\/portal\/index.php?rest_route=\/wp\/v2\/media\/123285"}],"wp:attachment":[{"href":"https:\/\/aconteceunovale.com.br\/portal\/index.php?rest_route=%2Fwp%2Fv2%2Fmedia&parent=123284"}],"wp:term":[{"taxonomy":"category","embeddable":true,"href":"https:\/\/aconteceunovale.com.br\/portal\/index.php?rest_route=%2Fwp%2Fv2%2Fcategories&post=123284"},{"taxonomy":"post_tag","embeddable":true,"href":"https:\/\/aconteceunovale.com.br\/portal\/index.php?rest_route=%2Fwp%2Fv2%2Ftags&post=123284"}],"curies":[{"name":"wp","href":"https:\/\/api.w.org\/{rel}","templated":true}]}}