{"id":123274,"date":"2017-10-26T23:06:49","date_gmt":"2017-10-27T01:06:49","guid":{"rendered":"http:\/\/aconteceunovale.com.br\/portal\/?p=123274"},"modified":"2017-10-26T23:06:49","modified_gmt":"2017-10-27T01:06:49","slug":"prefeitura-de-guanhaes-decreta-estado-de-emergencia-e-calamidade-publica-por-causa-da-estiagem","status":"publish","type":"post","link":"https:\/\/aconteceunovale.com.br\/portal\/?p=123274","title":{"rendered":"Prefeitura de Guanh\u00e3es decreta estado de emerg\u00eancia e calamidade p\u00fablica por causa da estiagem"},"content":{"rendered":"<p>A Prefeitura de Guanh\u00e3es, no Leste de Minas, decretou estado de emerg\u00eancia e calamidade p\u00fablica por causa da estiagem na regi\u00e3o. O documento foi assinado no in\u00edcio da semana, mas divulgado no dia do anivers\u00e1rio da cidade, comemorado nesta quarta-feira (25). De acordo com o munic\u00edpio, o abastecimento j\u00e1 \u00e9 feito em regime de racionamento h\u00e1 duas semanas.<\/p>\n<p>Com a medida, ser\u00e1 poss\u00edvel captar \u00e1gua em reservas alternativas, j\u00e1 que a capta\u00e7\u00e3o no Rio Graipu, que abastece a cidade, est\u00e1 com o n\u00edvel abaixo do indicado em fun\u00e7\u00e3o da estiagem.<\/p>\n<p>Al\u00e9m de autorizar a capta\u00e7\u00e3o de \u00e1gua em propriedades particulares, o documento restringe a utiliza\u00e7\u00e3o do recurso. Entre outras medidas, o decreto pro\u00edbe os usu\u00e1rios dos servi\u00e7os p\u00fablicos de lavar cal\u00e7adas, varandas e telhados sob pena de terem o abastecimento suspenso. A Prefeitura n\u00e3o informou como ser\u00e1 feita a fiscaliza\u00e7\u00e3o do uso abusivo da \u00e1gua.<\/p>\n<p>A declara\u00e7\u00e3o de calamidade tem dura\u00e7\u00e3o de 12 meses e para iniciativas emergenciais permite a isen\u00e7\u00e3o de processos licitat\u00f3rios por 180 dias.<\/p>\n<p>Segundo o secret\u00e1rio de governo, Jos\u00e9 Domingos de Souza, o sistema de racionamento j\u00e1 \u00e9 feito no munic\u00edpio h\u00e1 cerca de duas semanas. \u201cNa semana passada, o abastecimento era feito dia sim, dia n\u00e3o. Agora o prazo foi estendido para dois dias sem fornecimento.\u201d<\/p>\n<p>Ainda de acordo com o secret\u00e1rio, o Rio Graipu est\u00e1 praticamente seco e barragens de v\u00e1rias propriedades da regi\u00e3o j\u00e1 est\u00e3o sendo sondadas para ajudar no abastecimento. \u201cJ\u00e1 come\u00e7amos os trabalhos de capta\u00e7\u00e3o e a reserva de uma mineradora aqui perto da cidade vai garantir o fornecimento, de forma racionada, por aproximadamente 10 dias. Depois disso, s\u00f3 a chuva poder\u00e1 trazer uma solu\u00e7\u00e3o para o problema,\u201d prev\u00ea.<\/p>\n<p><img decoding=\"async\" src=\"http:\/\/aconteceunovale.com.br\/portal\/wp-content\/uploads\/2017\/10\/seca_guanhaes.jpeg\" alt=\"\" \/><em>Problemas para capta\u00e7\u00e3o de \u00e1gua afeta a cidade no per\u00edodo de estiagem (Foto: Saae\/Divulga\u00e7\u00e3o)<\/em><br \/>\n<\/br><\/p>\n<p><strong>VER PRIMEIRO<\/strong><\/p>\n<p>Receba as not\u00edcias do Aconteceu no Vale em primeira m\u00e3o. Clique em curtir no endere\u00e7o <a href=\"https:\/\/www.facebook.com\/aconteceunovale\" target=\"_blank\"><font color=\"red\">www.facebook.com\/aconteceunovale<\/font><\/a> ou no box abaixo:<\/p>\n<div class=\"fb-like\" data-href=\"https:\/\/www.facebook.com\/aconteceunovale\" data-width=\"120\" data-layout=\"standard\" data-action=\"like\" data-size=\"small\" data-show-faces=\"true\" data-share=\"true\"><\/div>\n<p><\/br><\/p>\n<p><em>(Fonte: G1 Vales)<\/em><\/p>\n","protected":false},"excerpt":{"rendered":"<p>A Prefeitura de Guanh\u00e3es, no Leste de Minas, decretou estado de emerg\u00eancia e calamidade p\u00fablica por causa da estiagem na regi\u00e3o. O documento foi assinado no in\u00edcio da semana, mas divulgado no dia do anivers\u00e1rio da cidade, comemorado nesta quarta-feira (25). De acordo com o munic\u00edpio, o abastecimento j\u00e1 \u00e9 feito em regime de racionamento [&hellip;]<\/p>\n","protected":false},"author":1,"featured_media":123275,"comment_status":"open","ping_status":"closed","sticky":false,"template":"","format":"standard","meta":{"amp_status":"","footnotes":""},"categories":[121],"tags":[1018,61847,155,162969,1180,162970,162968,20753,162967,162966],"class_list":["post-123274","post","type-post","status-publish","format-standard","has-post-thumbnail","hentry","category-leste","tag-destaque","tag-estiagem-em-guanhaes","tag-guanhaes","tag-jose-domingos-de-souza","tag-prefeitura-de-guanhaes","tag-prefeitura-de-guanhaes-decreta-estado-de-emergencia-e-calamidade-publica-por-causa-da-estiagem","tag-rio-graipu","tag-seca-em-guanhaes","tag-situacao-de-emergencia-e-calamidade-em-guanhaes","tag-situacao-de-emergencia-em-guanhaes"],"yoast_head":"<!-- This site is optimized with the Yoast SEO plugin v28.3 - https:\/\/yoast.com\/product\/yoast-seo-wordpress\/ -->\n<title>Prefeitura de Guanh\u00e3es decreta estado de emerg\u00eancia e calamidade p\u00fablica por causa da estiagem - Aconteceu no Vale<\/title>\n<meta name=\"robots\" content=\"index, follow, max-snippet:-1, max-image-preview:large, max-video-preview:-1\" \/>\n<link rel=\"canonical\" href=\"https:\/\/aconteceunovale.com.br\/portal\/?p=123274\" \/>\n<meta property=\"og:locale\" content=\"pt_BR\" \/>\n<meta property=\"og:type\" content=\"article\" \/>\n<meta property=\"og:title\" content=\"Prefeitura de Guanh\u00e3es decreta estado de emerg\u00eancia e calamidade p\u00fablica por causa da estiagem - Aconteceu no Vale\" \/>\n<meta property=\"og:description\" content=\"A Prefeitura de Guanh\u00e3es, no Leste de Minas, decretou estado de emerg\u00eancia e calamidade p\u00fablica por causa da estiagem na regi\u00e3o. O documento foi assinado no in\u00edcio da semana, mas divulgado no dia do anivers\u00e1rio da cidade, comemorado nesta quarta-feira (25). De acordo com o munic\u00edpio, o abastecimento j\u00e1 \u00e9 feito em regime de racionamento [&hellip;]\" \/>\n<meta property=\"og:url\" content=\"https:\/\/aconteceunovale.com.br\/portal\/?p=123274\" \/>\n<meta property=\"og:site_name\" content=\"Aconteceu no Vale\" \/>\n<meta property=\"article:publisher\" content=\"https:\/\/www.facebook.com\/aconteceunovale\/\" \/>\n<meta property=\"article:published_time\" content=\"2017-10-27T01:06:49+00:00\" \/>\n<meta property=\"og:image\" content=\"https:\/\/aconteceunovale.com.br\/portal\/wp-content\/uploads\/2017\/10\/seca_guanhaes.jpeg\" \/>\n\t<meta property=\"og:image:width\" content=\"600\" \/>\n\t<meta property=\"og:image:height\" content=\"450\" \/>\n\t<meta property=\"og:image:type\" content=\"image\/jpeg\" \/>\n<meta name=\"author\" content=\"Aconteceu no Vale\" \/>\n<meta name=\"twitter:card\" content=\"summary_large_image\" \/>\n<meta name=\"twitter:creator\" content=\"@noticiadosvales\" \/>\n<meta name=\"twitter:site\" content=\"@noticiadosvales\" \/>\n<meta name=\"twitter:label1\" content=\"Escrito por\" \/>\n\t<meta name=\"twitter:data1\" content=\"Aconteceu no Vale\" \/>\n\t<meta name=\"twitter:label2\" content=\"Est. tempo de leitura\" \/>\n\t<meta name=\"twitter:data2\" content=\"2 minutos\" \/>\n<script type=\"application\/ld+json\" class=\"yoast-schema-graph\">{\"@context\":\"https:\\\/\\\/schema.org\",\"@graph\":[{\"@type\":\"Article\",\"@id\":\"https:\\\/\\\/aconteceunovale.com.br\\\/portal\\\/?p=123274#article\",\"isPartOf\":{\"@id\":\"https:\\\/\\\/aconteceunovale.com.br\\\/portal\\\/?p=123274\"},\"author\":{\"name\":\"Aconteceu no Vale\",\"@id\":\"https:\\\/\\\/aconteceunovale.com.br\\\/portal\\\/#\\\/schema\\\/person\\\/633529146f2c94272bef50ac2953d589\"},\"headline\":\"Prefeitura de Guanh\u00e3es decreta estado de emerg\u00eancia e calamidade p\u00fablica por causa da estiagem\",\"datePublished\":\"2017-10-27T01:06:49+00:00\",\"mainEntityOfPage\":{\"@id\":\"https:\\\/\\\/aconteceunovale.com.br\\\/portal\\\/?p=123274\"},\"wordCount\":373,\"commentCount\":0,\"image\":{\"@id\":\"https:\\\/\\\/aconteceunovale.com.br\\\/portal\\\/?p=123274#primaryimage\"},\"thumbnailUrl\":\"https:\\\/\\\/aconteceunovale.com.br\\\/portal\\\/wp-content\\\/uploads\\\/2017\\\/10\\\/seca_guanhaes.jpeg\",\"keywords\":[\"destaque\",\"estiagem em Guanh\u00e3es\",\"Guanh\u00e3es\",\"Jos\u00e9 Domingos de Souza\",\"prefeitura de guanh\u00e3es\",\"Prefeitura de Guanh\u00e3es decreta estado de emerg\u00eancia e calamidade p\u00fablica por causa da estiagem\",\"Rio Graipu\",\"seca em guanh\u00e3es\",\"Situa\u00e7\u00e3o de emerg\u00eancia e calamidade em Guanh\u00e3es\",\"Situa\u00e7\u00e3o de emerg\u00eancia em Guanh\u00e3es\"],\"articleSection\":[\"Leste de Minas\"],\"inLanguage\":\"pt-BR\",\"potentialAction\":[{\"@type\":\"CommentAction\",\"name\":\"Comment\",\"target\":[\"https:\\\/\\\/aconteceunovale.com.br\\\/portal\\\/?p=123274#respond\"]}]},{\"@type\":\"WebPage\",\"@id\":\"https:\\\/\\\/aconteceunovale.com.br\\\/portal\\\/?p=123274\",\"url\":\"https:\\\/\\\/aconteceunovale.com.br\\\/portal\\\/?p=123274\",\"name\":\"Prefeitura de Guanh\u00e3es decreta estado de emerg\u00eancia e calamidade p\u00fablica por causa da estiagem - Aconteceu no Vale\",\"isPartOf\":{\"@id\":\"https:\\\/\\\/aconteceunovale.com.br\\\/portal\\\/#website\"},\"primaryImageOfPage\":{\"@id\":\"https:\\\/\\\/aconteceunovale.com.br\\\/portal\\\/?p=123274#primaryimage\"},\"image\":{\"@id\":\"https:\\\/\\\/aconteceunovale.com.br\\\/portal\\\/?p=123274#primaryimage\"},\"thumbnailUrl\":\"https:\\\/\\\/aconteceunovale.com.br\\\/portal\\\/wp-content\\\/uploads\\\/2017\\\/10\\\/seca_guanhaes.jpeg\",\"datePublished\":\"2017-10-27T01:06:49+00:00\",\"author\":{\"@id\":\"https:\\\/\\\/aconteceunovale.com.br\\\/portal\\\/#\\\/schema\\\/person\\\/633529146f2c94272bef50ac2953d589\"},\"breadcrumb\":{\"@id\":\"https:\\\/\\\/aconteceunovale.com.br\\\/portal\\\/?p=123274#breadcrumb\"},\"inLanguage\":\"pt-BR\",\"potentialAction\":[{\"@type\":\"ReadAction\",\"target\":[\"https:\\\/\\\/aconteceunovale.com.br\\\/portal\\\/?p=123274\"]}]},{\"@type\":\"ImageObject\",\"inLanguage\":\"pt-BR\",\"@id\":\"https:\\\/\\\/aconteceunovale.com.br\\\/portal\\\/?p=123274#primaryimage\",\"url\":\"https:\\\/\\\/aconteceunovale.com.br\\\/portal\\\/wp-content\\\/uploads\\\/2017\\\/10\\\/seca_guanhaes.jpeg\",\"contentUrl\":\"https:\\\/\\\/aconteceunovale.com.br\\\/portal\\\/wp-content\\\/uploads\\\/2017\\\/10\\\/seca_guanhaes.jpeg\",\"width\":600,\"height\":450},{\"@type\":\"BreadcrumbList\",\"@id\":\"https:\\\/\\\/aconteceunovale.com.br\\\/portal\\\/?p=123274#breadcrumb\",\"itemListElement\":[{\"@type\":\"ListItem\",\"position\":1,\"name\":\"In\u00edcio\",\"item\":\"https:\\\/\\\/aconteceunovale.com.br\\\/portal\\\/\"},{\"@type\":\"ListItem\",\"position\":2,\"name\":\"Prefeitura de Guanh\u00e3es decreta estado de emerg\u00eancia e calamidade p\u00fablica por causa da estiagem\"}]},{\"@type\":\"WebSite\",\"@id\":\"https:\\\/\\\/aconteceunovale.com.br\\\/portal\\\/#website\",\"url\":\"https:\\\/\\\/aconteceunovale.com.br\\\/portal\\\/\",\"name\":\"Aconteceu no Vale\",\"description\":\"Portal de Not\u00edcias\",\"potentialAction\":[{\"@type\":\"SearchAction\",\"target\":{\"@type\":\"EntryPoint\",\"urlTemplate\":\"https:\\\/\\\/aconteceunovale.com.br\\\/portal\\\/?s={search_term_string}\"},\"query-input\":{\"@type\":\"PropertyValueSpecification\",\"valueRequired\":true,\"valueName\":\"search_term_string\"}}],\"inLanguage\":\"pt-BR\"},{\"@type\":\"Person\",\"@id\":\"https:\\\/\\\/aconteceunovale.com.br\\\/portal\\\/#\\\/schema\\\/person\\\/633529146f2c94272bef50ac2953d589\",\"name\":\"Aconteceu no Vale\",\"description\":\"Equipe de reportagem do Aconteceu no Vale, portal de not\u00edcias do Vale do Jequitinhonha, em Minas Gerais. Cobrimos as 51 cidades do Vale desde 2013. Sugest\u00f5es de pauta e pedidos de corre\u00e7\u00e3o: contato@aconteceunovale.com.br\",\"sameAs\":[\"http:\\\/\\\/www.aconteceunovale.com.br\"],\"url\":\"https:\\\/\\\/aconteceunovale.com.br\\\/portal\\\/?author=1\"}]}<\/script>\n<!-- \/ Yoast SEO plugin. -->","yoast_head_json":{"title":"Prefeitura de Guanh\u00e3es decreta estado de emerg\u00eancia e calamidade p\u00fablica por causa da estiagem - Aconteceu no Vale","robots":{"index":"index","follow":"follow","max-snippet":"max-snippet:-1","max-image-preview":"max-image-preview:large","max-video-preview":"max-video-preview:-1"},"canonical":"https:\/\/aconteceunovale.com.br\/portal\/?p=123274","og_locale":"pt_BR","og_type":"article","og_title":"Prefeitura de Guanh\u00e3es decreta estado de emerg\u00eancia e calamidade p\u00fablica por causa da estiagem - Aconteceu no Vale","og_description":"A Prefeitura de Guanh\u00e3es, no Leste de Minas, decretou estado de emerg\u00eancia e calamidade p\u00fablica por causa da estiagem na regi\u00e3o. O documento foi assinado no in\u00edcio da semana, mas divulgado no dia do anivers\u00e1rio da cidade, comemorado nesta quarta-feira (25). De acordo com o munic\u00edpio, o abastecimento j\u00e1 \u00e9 feito em regime de racionamento [&hellip;]","og_url":"https:\/\/aconteceunovale.com.br\/portal\/?p=123274","og_site_name":"Aconteceu no Vale","article_publisher":"https:\/\/www.facebook.com\/aconteceunovale\/","article_published_time":"2017-10-27T01:06:49+00:00","og_image":[{"width":600,"height":450,"url":"https:\/\/aconteceunovale.com.br\/portal\/wp-content\/uploads\/2017\/10\/seca_guanhaes.jpeg","type":"image\/jpeg"}],"author":"Aconteceu no Vale","twitter_card":"summary_large_image","twitter_creator":"@noticiadosvales","twitter_site":"@noticiadosvales","twitter_misc":{"Escrito por":"Aconteceu no Vale","Est. tempo de leitura":"2 minutos"},"schema":{"@context":"https:\/\/schema.org","@graph":[{"@type":"Article","@id":"https:\/\/aconteceunovale.com.br\/portal\/?p=123274#article","isPartOf":{"@id":"https:\/\/aconteceunovale.com.br\/portal\/?p=123274"},"author":{"name":"Aconteceu no Vale","@id":"https:\/\/aconteceunovale.com.br\/portal\/#\/schema\/person\/633529146f2c94272bef50ac2953d589"},"headline":"Prefeitura de Guanh\u00e3es decreta estado de emerg\u00eancia e calamidade p\u00fablica por causa da estiagem","datePublished":"2017-10-27T01:06:49+00:00","mainEntityOfPage":{"@id":"https:\/\/aconteceunovale.com.br\/portal\/?p=123274"},"wordCount":373,"commentCount":0,"image":{"@id":"https:\/\/aconteceunovale.com.br\/portal\/?p=123274#primaryimage"},"thumbnailUrl":"https:\/\/aconteceunovale.com.br\/portal\/wp-content\/uploads\/2017\/10\/seca_guanhaes.jpeg","keywords":["destaque","estiagem em Guanh\u00e3es","Guanh\u00e3es","Jos\u00e9 Domingos de Souza","prefeitura de guanh\u00e3es","Prefeitura de Guanh\u00e3es decreta estado de emerg\u00eancia e calamidade p\u00fablica por causa da estiagem","Rio Graipu","seca em guanh\u00e3es","Situa\u00e7\u00e3o de emerg\u00eancia e calamidade em Guanh\u00e3es","Situa\u00e7\u00e3o de emerg\u00eancia em Guanh\u00e3es"],"articleSection":["Leste de Minas"],"inLanguage":"pt-BR","potentialAction":[{"@type":"CommentAction","name":"Comment","target":["https:\/\/aconteceunovale.com.br\/portal\/?p=123274#respond"]}]},{"@type":"WebPage","@id":"https:\/\/aconteceunovale.com.br\/portal\/?p=123274","url":"https:\/\/aconteceunovale.com.br\/portal\/?p=123274","name":"Prefeitura de Guanh\u00e3es decreta estado de emerg\u00eancia e calamidade p\u00fablica por causa da estiagem - Aconteceu no Vale","isPartOf":{"@id":"https:\/\/aconteceunovale.com.br\/portal\/#website"},"primaryImageOfPage":{"@id":"https:\/\/aconteceunovale.com.br\/portal\/?p=123274#primaryimage"},"image":{"@id":"https:\/\/aconteceunovale.com.br\/portal\/?p=123274#primaryimage"},"thumbnailUrl":"https:\/\/aconteceunovale.com.br\/portal\/wp-content\/uploads\/2017\/10\/seca_guanhaes.jpeg","datePublished":"2017-10-27T01:06:49+00:00","author":{"@id":"https:\/\/aconteceunovale.com.br\/portal\/#\/schema\/person\/633529146f2c94272bef50ac2953d589"},"breadcrumb":{"@id":"https:\/\/aconteceunovale.com.br\/portal\/?p=123274#breadcrumb"},"inLanguage":"pt-BR","potentialAction":[{"@type":"ReadAction","target":["https:\/\/aconteceunovale.com.br\/portal\/?p=123274"]}]},{"@type":"ImageObject","inLanguage":"pt-BR","@id":"https:\/\/aconteceunovale.com.br\/portal\/?p=123274#primaryimage","url":"https:\/\/aconteceunovale.com.br\/portal\/wp-content\/uploads\/2017\/10\/seca_guanhaes.jpeg","contentUrl":"https:\/\/aconteceunovale.com.br\/portal\/wp-content\/uploads\/2017\/10\/seca_guanhaes.jpeg","width":600,"height":450},{"@type":"BreadcrumbList","@id":"https:\/\/aconteceunovale.com.br\/portal\/?p=123274#breadcrumb","itemListElement":[{"@type":"ListItem","position":1,"name":"In\u00edcio","item":"https:\/\/aconteceunovale.com.br\/portal\/"},{"@type":"ListItem","position":2,"name":"Prefeitura de Guanh\u00e3es decreta estado de emerg\u00eancia e calamidade p\u00fablica por causa da estiagem"}]},{"@type":"WebSite","@id":"https:\/\/aconteceunovale.com.br\/portal\/#website","url":"https:\/\/aconteceunovale.com.br\/portal\/","name":"Aconteceu no Vale","description":"Portal de Not\u00edcias","potentialAction":[{"@type":"SearchAction","target":{"@type":"EntryPoint","urlTemplate":"https:\/\/aconteceunovale.com.br\/portal\/?s={search_term_string}"},"query-input":{"@type":"PropertyValueSpecification","valueRequired":true,"valueName":"search_term_string"}}],"inLanguage":"pt-BR"},{"@type":"Person","@id":"https:\/\/aconteceunovale.com.br\/portal\/#\/schema\/person\/633529146f2c94272bef50ac2953d589","name":"Aconteceu no Vale","description":"Equipe de reportagem do Aconteceu no Vale, portal de not\u00edcias do Vale do Jequitinhonha, em Minas Gerais. Cobrimos as 51 cidades do Vale desde 2013. Sugest\u00f5es de pauta e pedidos de corre\u00e7\u00e3o: contato@aconteceunovale.com.br","sameAs":["http:\/\/www.aconteceunovale.com.br"],"url":"https:\/\/aconteceunovale.com.br\/portal\/?author=1"}]}},"_links":{"self":[{"href":"https:\/\/aconteceunovale.com.br\/portal\/index.php?rest_route=\/wp\/v2\/posts\/123274","targetHints":{"allow":["GET"]}}],"collection":[{"href":"https:\/\/aconteceunovale.com.br\/portal\/index.php?rest_route=\/wp\/v2\/posts"}],"about":[{"href":"https:\/\/aconteceunovale.com.br\/portal\/index.php?rest_route=\/wp\/v2\/types\/post"}],"author":[{"embeddable":true,"href":"https:\/\/aconteceunovale.com.br\/portal\/index.php?rest_route=\/wp\/v2\/users\/1"}],"replies":[{"embeddable":true,"href":"https:\/\/aconteceunovale.com.br\/portal\/index.php?rest_route=%2Fwp%2Fv2%2Fcomments&post=123274"}],"version-history":[{"count":0,"href":"https:\/\/aconteceunovale.com.br\/portal\/index.php?rest_route=\/wp\/v2\/posts\/123274\/revisions"}],"wp:featuredmedia":[{"embeddable":true,"href":"https:\/\/aconteceunovale.com.br\/portal\/index.php?rest_route=\/wp\/v2\/media\/123275"}],"wp:attachment":[{"href":"https:\/\/aconteceunovale.com.br\/portal\/index.php?rest_route=%2Fwp%2Fv2%2Fmedia&parent=123274"}],"wp:term":[{"taxonomy":"category","embeddable":true,"href":"https:\/\/aconteceunovale.com.br\/portal\/index.php?rest_route=%2Fwp%2Fv2%2Fcategories&post=123274"},{"taxonomy":"post_tag","embeddable":true,"href":"https:\/\/aconteceunovale.com.br\/portal\/index.php?rest_route=%2Fwp%2Fv2%2Ftags&post=123274"}],"curies":[{"name":"wp","href":"https:\/\/api.w.org\/{rel}","templated":true}]}}