{"id":123270,"date":"2017-10-26T22:45:56","date_gmt":"2017-10-27T00:45:56","guid":{"rendered":"http:\/\/aconteceunovale.com.br\/portal\/?p=123270"},"modified":"2017-10-26T22:45:56","modified_gmt":"2017-10-27T00:45:56","slug":"ex-prefeito-de-timoteo-e-condenado-por-improbidade-administrativa-2","status":"publish","type":"post","link":"https:\/\/aconteceunovale.com.br\/portal\/?p=123270","title":{"rendered":"Ex-prefeito de Tim\u00f3teo \u00e9 condenado por improbidade administrativa"},"content":{"rendered":"<p>O ex-prefeito de Tim\u00f3teo Geraldo Nascimento de Oliveira e o empres\u00e1rio Fai\u00e7al Jannani foram condenados a devolver aos cofres p\u00fablicos R$ 100 mil e pagar multa civil equivalente ao valor do dano. Eles tamb\u00e9m tiveram suspensos seus direitos pol\u00edticos por dez anos e est\u00e3o proibidos de contratar com o poder p\u00fablico ou receber benef\u00edcios ou incentivos fiscais ou credit\u00edcios pelo mesmo per\u00edodo. A 3\u00aa C\u00e2mara C\u00edvel do Tribunal de Justi\u00e7a de Minas Gerais (TJMG) manteve com essa decis\u00e3o a senten\u00e7a da Comarca de Tim\u00f3teo.<\/p>\n<p>De acordo com a den\u00fancia do Minist\u00e9rio P\u00fablico, em 2004 o ent\u00e3o prefeito de Tim\u00f3teo liberou, sem autoriza\u00e7\u00e3o legal, pagamentos a uma empresa de Fai\u00e7al Jannani. O empres\u00e1rio, por sua vez, por meio das empresas Visatec Constru\u00e7\u00f5es e Empreendimentos, Intermaq Internacional de M\u00e1quinas e Equipamentos, Visamotors M\u00e1quinas e Pertences e Visa Agropecu\u00e1ria e Empreedimentos, fez doa\u00e7\u00e3o de R$ 100 mil para a campanha do prefeito.<\/p>\n<p>A doa\u00e7\u00e3o de R$ 100 mil representou a maior doa\u00e7\u00e3o para a campanha de reelei\u00e7\u00e3o, correspondendo a 36% do total arrecadado com doa\u00e7\u00f5es. Depois de reeleito, Geraldo Nascimento de Oliveira fez novos repasses por meio de superfaturamento para o empres\u00e1rio.<\/p>\n<p>No recurso ao TJ eles alegaram aus\u00eancia de dolo e m\u00e1-f\u00e9, por\u00e9m o relator, desembargador Elias Camilo Sobrinho, manteve a senten\u00e7a. \u201cContraria a razoabilidade se imaginar que o dinheiro da doa\u00e7\u00e3o da campanha eleitoral n\u00e3o saiu dos cofres p\u00fablicos e que o ato de extrema generosidade do doador foi fruto de mera liberalidade\u201d, afirmou o relator.<\/p>\n<p>Os desembargadores Judimar Biber e Jair Var\u00e3o votaram de acordo com o relator. Leia o\u00a0<span style=\"text-decoration: underline;\"><span style=\"color: #ff0000; text-decoration: underline;\"><a href=\"http:\/\/www5.tjmg.jus.br\/jurisprudencia\/pesquisaNumeroCNJEspelhoAcordao.do?numeroRegistro=1&amp;totalLinhas=1&amp;linhasPorPagina=10&amp;numeroUnico=1.0687.05.040219-1%2F001&amp;pesquisaNumeroCNJ=Pesquisar\" target=\"_blank\"><span style=\"color: #ff0000; text-decoration: underline;\">ac\u00f3rd\u00e3o<\/span><\/a>\u00a0<\/span><\/span>e confira a\u00a0<span style=\"text-decoration: underline;\"><span style=\"color: #ff0000; text-decoration: underline;\"><a href=\"http:\/\/www4.tjmg.jus.br\/juridico\/sf\/proc_resultado2.jsp?tipoPesquisa2=1&amp;txtProcesso=10687050402191001&amp;nomePessoa=&amp;tipoPessoa=X&amp;naturezaProcesso=0&amp;situacaoParte=X&amp;codigoOAB2=&amp;tipoOAB=N&amp;ufOAB=MG&amp;numero=20&amp;select=1&amp;listaProcessos=10687050402191001&amp;tipoConsulta=1&amp;natureza=0&amp;ativoBaixado=X&amp;comrCodigo=0024\" target=\"_blank\"><span style=\"color: #ff0000; text-decoration: underline;\">movimenta\u00e7\u00e3o<\/span><\/a>\u00a0<\/span><\/span>do processo.<\/p>\n<p><strong>VER PRIMEIRO<\/strong><\/p>\n<p>Receba as not\u00edcias do Aconteceu no Vale em primeira m\u00e3o. Clique em curtir no endere\u00e7o <a href=\"https:\/\/www.facebook.com\/aconteceunovale\" target=\"_blank\"><font color=\"red\">www.facebook.com\/aconteceunovale<\/font><\/a> ou no box abaixo:<\/p>\n<div class=\"fb-like\" data-href=\"https:\/\/www.facebook.com\/aconteceunovale\" data-width=\"120\" data-layout=\"standard\" data-action=\"like\" data-size=\"small\" data-show-faces=\"true\" data-share=\"true\"><\/div>\n<p><\/br><\/p>\n<p><em>(Fonte: TJMG)<\/em><\/p>\n","protected":false},"excerpt":{"rendered":"<p>O ex-prefeito de Tim\u00f3teo Geraldo Nascimento de Oliveira e o empres\u00e1rio Fai\u00e7al Jannani foram condenados a devolver aos cofres p\u00fablicos R$ 100 mil e pagar multa civil equivalente ao valor do dano. Eles tamb\u00e9m tiveram suspensos seus direitos pol\u00edticos por dez anos e est\u00e3o proibidos de contratar com o poder p\u00fablico ou receber benef\u00edcios ou [&hellip;]<\/p>\n","protected":false},"author":1,"featured_media":102589,"comment_status":"open","ping_status":"closed","sticky":false,"template":"","format":"standard","meta":{"amp_status":"","footnotes":""},"categories":[121,40240],"tags":[156160,108261,108260,108270,162960,5470,162963,162961,108262,1105,270,92646,162965,162964,162962],"class_list":["post-123270","post","type-post","status-publish","format-standard","has-post-thumbnail","hentry","category-leste","category-politica","tag-comarca-de-timoteo","tag-condenacao-ex-prefeito-de-timoteo","tag-ex-prefeito-de-timoteo","tag-ex-prefeito-de-timoteo-e-condenado-por-improbidade-administrativa","tag-faical-jannani","tag-geraldo-nascimento-de-oliveira","tag-intermaq-internacional-de-maquinas-e-equipamentos","tag-investigacao-ex-prefeito-de-timoteo","tag-processo-ex-prefeito-de-timoteo","tag-timoteo","tag-tjmg","tag-tribunal-de-justica-de-minas-gerais","tag-visa-agropecuaria-e-empreedimentos","tag-visamotors-maquinas-e-pertences","tag-visatec-construcoes-e-empreendimentos"],"yoast_head":"<!-- This site is optimized with the Yoast SEO plugin v28.3 - https:\/\/yoast.com\/product\/yoast-seo-wordpress\/ -->\n<title>Ex-prefeito de Tim\u00f3teo \u00e9 condenado por improbidade administrativa - Aconteceu no Vale<\/title>\n<meta name=\"robots\" content=\"index, follow, max-snippet:-1, max-image-preview:large, max-video-preview:-1\" \/>\n<link rel=\"canonical\" href=\"https:\/\/aconteceunovale.com.br\/portal\/?p=123270\" \/>\n<meta property=\"og:locale\" content=\"pt_BR\" \/>\n<meta property=\"og:type\" content=\"article\" \/>\n<meta property=\"og:title\" content=\"Ex-prefeito de Tim\u00f3teo \u00e9 condenado por improbidade administrativa - Aconteceu no Vale\" \/>\n<meta property=\"og:description\" content=\"O ex-prefeito de Tim\u00f3teo Geraldo Nascimento de Oliveira e o empres\u00e1rio Fai\u00e7al Jannani foram condenados a devolver aos cofres p\u00fablicos R$ 100 mil e pagar multa civil equivalente ao valor do dano. Eles tamb\u00e9m tiveram suspensos seus direitos pol\u00edticos por dez anos e est\u00e3o proibidos de contratar com o poder p\u00fablico ou receber benef\u00edcios ou [&hellip;]\" \/>\n<meta property=\"og:url\" content=\"https:\/\/aconteceunovale.com.br\/portal\/?p=123270\" \/>\n<meta property=\"og:site_name\" content=\"Aconteceu no Vale\" \/>\n<meta property=\"article:publisher\" content=\"https:\/\/www.facebook.com\/aconteceunovale\/\" \/>\n<meta property=\"article:published_time\" content=\"2017-10-27T00:45:56+00:00\" \/>\n<meta property=\"og:image\" content=\"https:\/\/aconteceunovale.com.br\/portal\/wp-content\/uploads\/2016\/11\/prefeitura_timoteo.jpg\" \/>\n\t<meta property=\"og:image:width\" content=\"678\" \/>\n\t<meta property=\"og:image:height\" content=\"427\" \/>\n\t<meta property=\"og:image:type\" content=\"image\/jpeg\" \/>\n<meta name=\"author\" content=\"Aconteceu no Vale\" \/>\n<meta name=\"twitter:card\" content=\"summary_large_image\" \/>\n<meta name=\"twitter:creator\" content=\"@noticiadosvales\" \/>\n<meta name=\"twitter:site\" content=\"@noticiadosvales\" \/>\n<meta name=\"twitter:label1\" content=\"Escrito por\" \/>\n\t<meta name=\"twitter:data1\" content=\"Aconteceu no Vale\" \/>\n\t<meta name=\"twitter:label2\" content=\"Est. tempo de leitura\" \/>\n\t<meta name=\"twitter:data2\" content=\"2 minutos\" \/>\n<script type=\"application\/ld+json\" class=\"yoast-schema-graph\">{\"@context\":\"https:\\\/\\\/schema.org\",\"@graph\":[{\"@type\":\"Article\",\"@id\":\"https:\\\/\\\/aconteceunovale.com.br\\\/portal\\\/?p=123270#article\",\"isPartOf\":{\"@id\":\"https:\\\/\\\/aconteceunovale.com.br\\\/portal\\\/?p=123270\"},\"author\":{\"name\":\"Aconteceu no Vale\",\"@id\":\"https:\\\/\\\/aconteceunovale.com.br\\\/portal\\\/#\\\/schema\\\/person\\\/633529146f2c94272bef50ac2953d589\"},\"headline\":\"Ex-prefeito de Tim\u00f3teo \u00e9 condenado por improbidade administrativa\",\"datePublished\":\"2017-10-27T00:45:56+00:00\",\"mainEntityOfPage\":{\"@id\":\"https:\\\/\\\/aconteceunovale.com.br\\\/portal\\\/?p=123270\"},\"wordCount\":345,\"commentCount\":0,\"image\":{\"@id\":\"https:\\\/\\\/aconteceunovale.com.br\\\/portal\\\/?p=123270#primaryimage\"},\"thumbnailUrl\":\"https:\\\/\\\/aconteceunovale.com.br\\\/portal\\\/wp-content\\\/uploads\\\/2016\\\/11\\\/prefeitura_timoteo.jpg\",\"keywords\":[\"Comarca de Tim\u00f3teo\",\"condena\u00e7\u00e3o ex-prefeito de Tim\u00f3teo\",\"ex-prefeito de Tim\u00f3teo\",\"Ex-prefeito de Tim\u00f3teo \u00e9 condenado por improbidade administrativa\",\"Fai\u00e7al Jannani\",\"Geraldo Nascimento de Oliveira\",\"Intermaq Internacional de M\u00e1quinas e Equipamentos\",\"Investiga\u00e7\u00e3o Ex-prefeito de Tim\u00f3teo\",\"processo ex-prefeito de Tim\u00f3teo\",\"Tim\u00f3teo\",\"TJMG\",\"Tribunal de Justi\u00e7a de Minas Gerais\",\"Visa Agropecu\u00e1ria e Empreedimentos\",\"Visamotors M\u00e1quinas e Pertences\",\"Visatec Constru\u00e7\u00f5es e Empreendimentos\"],\"articleSection\":[\"Leste de Minas\",\"Pol\u00edtica\"],\"inLanguage\":\"pt-BR\",\"potentialAction\":[{\"@type\":\"CommentAction\",\"name\":\"Comment\",\"target\":[\"https:\\\/\\\/aconteceunovale.com.br\\\/portal\\\/?p=123270#respond\"]}]},{\"@type\":\"WebPage\",\"@id\":\"https:\\\/\\\/aconteceunovale.com.br\\\/portal\\\/?p=123270\",\"url\":\"https:\\\/\\\/aconteceunovale.com.br\\\/portal\\\/?p=123270\",\"name\":\"Ex-prefeito de Tim\u00f3teo \u00e9 condenado por improbidade administrativa - Aconteceu no Vale\",\"isPartOf\":{\"@id\":\"https:\\\/\\\/aconteceunovale.com.br\\\/portal\\\/#website\"},\"primaryImageOfPage\":{\"@id\":\"https:\\\/\\\/aconteceunovale.com.br\\\/portal\\\/?p=123270#primaryimage\"},\"image\":{\"@id\":\"https:\\\/\\\/aconteceunovale.com.br\\\/portal\\\/?p=123270#primaryimage\"},\"thumbnailUrl\":\"https:\\\/\\\/aconteceunovale.com.br\\\/portal\\\/wp-content\\\/uploads\\\/2016\\\/11\\\/prefeitura_timoteo.jpg\",\"datePublished\":\"2017-10-27T00:45:56+00:00\",\"author\":{\"@id\":\"https:\\\/\\\/aconteceunovale.com.br\\\/portal\\\/#\\\/schema\\\/person\\\/633529146f2c94272bef50ac2953d589\"},\"breadcrumb\":{\"@id\":\"https:\\\/\\\/aconteceunovale.com.br\\\/portal\\\/?p=123270#breadcrumb\"},\"inLanguage\":\"pt-BR\",\"potentialAction\":[{\"@type\":\"ReadAction\",\"target\":[\"https:\\\/\\\/aconteceunovale.com.br\\\/portal\\\/?p=123270\"]}]},{\"@type\":\"ImageObject\",\"inLanguage\":\"pt-BR\",\"@id\":\"https:\\\/\\\/aconteceunovale.com.br\\\/portal\\\/?p=123270#primaryimage\",\"url\":\"https:\\\/\\\/aconteceunovale.com.br\\\/portal\\\/wp-content\\\/uploads\\\/2016\\\/11\\\/prefeitura_timoteo.jpg\",\"contentUrl\":\"https:\\\/\\\/aconteceunovale.com.br\\\/portal\\\/wp-content\\\/uploads\\\/2016\\\/11\\\/prefeitura_timoteo.jpg\",\"width\":678,\"height\":427},{\"@type\":\"BreadcrumbList\",\"@id\":\"https:\\\/\\\/aconteceunovale.com.br\\\/portal\\\/?p=123270#breadcrumb\",\"itemListElement\":[{\"@type\":\"ListItem\",\"position\":1,\"name\":\"In\u00edcio\",\"item\":\"https:\\\/\\\/aconteceunovale.com.br\\\/portal\\\/\"},{\"@type\":\"ListItem\",\"position\":2,\"name\":\"Ex-prefeito de Tim\u00f3teo \u00e9 condenado por improbidade administrativa\"}]},{\"@type\":\"WebSite\",\"@id\":\"https:\\\/\\\/aconteceunovale.com.br\\\/portal\\\/#website\",\"url\":\"https:\\\/\\\/aconteceunovale.com.br\\\/portal\\\/\",\"name\":\"Aconteceu no Vale\",\"description\":\"Portal de Not\u00edcias\",\"potentialAction\":[{\"@type\":\"SearchAction\",\"target\":{\"@type\":\"EntryPoint\",\"urlTemplate\":\"https:\\\/\\\/aconteceunovale.com.br\\\/portal\\\/?s={search_term_string}\"},\"query-input\":{\"@type\":\"PropertyValueSpecification\",\"valueRequired\":true,\"valueName\":\"search_term_string\"}}],\"inLanguage\":\"pt-BR\"},{\"@type\":\"Person\",\"@id\":\"https:\\\/\\\/aconteceunovale.com.br\\\/portal\\\/#\\\/schema\\\/person\\\/633529146f2c94272bef50ac2953d589\",\"name\":\"Aconteceu no Vale\",\"description\":\"Equipe de reportagem do Aconteceu no Vale, portal de not\u00edcias do Vale do Jequitinhonha, em Minas Gerais. Cobrimos as 51 cidades do Vale desde 2013. Sugest\u00f5es de pauta e pedidos de corre\u00e7\u00e3o: contato@aconteceunovale.com.br\",\"sameAs\":[\"http:\\\/\\\/www.aconteceunovale.com.br\"],\"url\":\"https:\\\/\\\/aconteceunovale.com.br\\\/portal\\\/?author=1\"}]}<\/script>\n<!-- \/ Yoast SEO plugin. -->","yoast_head_json":{"title":"Ex-prefeito de Tim\u00f3teo \u00e9 condenado por improbidade administrativa - Aconteceu no Vale","robots":{"index":"index","follow":"follow","max-snippet":"max-snippet:-1","max-image-preview":"max-image-preview:large","max-video-preview":"max-video-preview:-1"},"canonical":"https:\/\/aconteceunovale.com.br\/portal\/?p=123270","og_locale":"pt_BR","og_type":"article","og_title":"Ex-prefeito de Tim\u00f3teo \u00e9 condenado por improbidade administrativa - Aconteceu no Vale","og_description":"O ex-prefeito de Tim\u00f3teo Geraldo Nascimento de Oliveira e o empres\u00e1rio Fai\u00e7al Jannani foram condenados a devolver aos cofres p\u00fablicos R$ 100 mil e pagar multa civil equivalente ao valor do dano. Eles tamb\u00e9m tiveram suspensos seus direitos pol\u00edticos por dez anos e est\u00e3o proibidos de contratar com o poder p\u00fablico ou receber benef\u00edcios ou [&hellip;]","og_url":"https:\/\/aconteceunovale.com.br\/portal\/?p=123270","og_site_name":"Aconteceu no Vale","article_publisher":"https:\/\/www.facebook.com\/aconteceunovale\/","article_published_time":"2017-10-27T00:45:56+00:00","og_image":[{"width":678,"height":427,"url":"https:\/\/aconteceunovale.com.br\/portal\/wp-content\/uploads\/2016\/11\/prefeitura_timoteo.jpg","type":"image\/jpeg"}],"author":"Aconteceu no Vale","twitter_card":"summary_large_image","twitter_creator":"@noticiadosvales","twitter_site":"@noticiadosvales","twitter_misc":{"Escrito por":"Aconteceu no Vale","Est. tempo de leitura":"2 minutos"},"schema":{"@context":"https:\/\/schema.org","@graph":[{"@type":"Article","@id":"https:\/\/aconteceunovale.com.br\/portal\/?p=123270#article","isPartOf":{"@id":"https:\/\/aconteceunovale.com.br\/portal\/?p=123270"},"author":{"name":"Aconteceu no Vale","@id":"https:\/\/aconteceunovale.com.br\/portal\/#\/schema\/person\/633529146f2c94272bef50ac2953d589"},"headline":"Ex-prefeito de Tim\u00f3teo \u00e9 condenado por improbidade administrativa","datePublished":"2017-10-27T00:45:56+00:00","mainEntityOfPage":{"@id":"https:\/\/aconteceunovale.com.br\/portal\/?p=123270"},"wordCount":345,"commentCount":0,"image":{"@id":"https:\/\/aconteceunovale.com.br\/portal\/?p=123270#primaryimage"},"thumbnailUrl":"https:\/\/aconteceunovale.com.br\/portal\/wp-content\/uploads\/2016\/11\/prefeitura_timoteo.jpg","keywords":["Comarca de Tim\u00f3teo","condena\u00e7\u00e3o ex-prefeito de Tim\u00f3teo","ex-prefeito de Tim\u00f3teo","Ex-prefeito de Tim\u00f3teo \u00e9 condenado por improbidade administrativa","Fai\u00e7al Jannani","Geraldo Nascimento de Oliveira","Intermaq Internacional de M\u00e1quinas e Equipamentos","Investiga\u00e7\u00e3o Ex-prefeito de Tim\u00f3teo","processo ex-prefeito de Tim\u00f3teo","Tim\u00f3teo","TJMG","Tribunal de Justi\u00e7a de Minas Gerais","Visa Agropecu\u00e1ria e Empreedimentos","Visamotors M\u00e1quinas e Pertences","Visatec Constru\u00e7\u00f5es e Empreendimentos"],"articleSection":["Leste de Minas","Pol\u00edtica"],"inLanguage":"pt-BR","potentialAction":[{"@type":"CommentAction","name":"Comment","target":["https:\/\/aconteceunovale.com.br\/portal\/?p=123270#respond"]}]},{"@type":"WebPage","@id":"https:\/\/aconteceunovale.com.br\/portal\/?p=123270","url":"https:\/\/aconteceunovale.com.br\/portal\/?p=123270","name":"Ex-prefeito de Tim\u00f3teo \u00e9 condenado por improbidade administrativa - Aconteceu no Vale","isPartOf":{"@id":"https:\/\/aconteceunovale.com.br\/portal\/#website"},"primaryImageOfPage":{"@id":"https:\/\/aconteceunovale.com.br\/portal\/?p=123270#primaryimage"},"image":{"@id":"https:\/\/aconteceunovale.com.br\/portal\/?p=123270#primaryimage"},"thumbnailUrl":"https:\/\/aconteceunovale.com.br\/portal\/wp-content\/uploads\/2016\/11\/prefeitura_timoteo.jpg","datePublished":"2017-10-27T00:45:56+00:00","author":{"@id":"https:\/\/aconteceunovale.com.br\/portal\/#\/schema\/person\/633529146f2c94272bef50ac2953d589"},"breadcrumb":{"@id":"https:\/\/aconteceunovale.com.br\/portal\/?p=123270#breadcrumb"},"inLanguage":"pt-BR","potentialAction":[{"@type":"ReadAction","target":["https:\/\/aconteceunovale.com.br\/portal\/?p=123270"]}]},{"@type":"ImageObject","inLanguage":"pt-BR","@id":"https:\/\/aconteceunovale.com.br\/portal\/?p=123270#primaryimage","url":"https:\/\/aconteceunovale.com.br\/portal\/wp-content\/uploads\/2016\/11\/prefeitura_timoteo.jpg","contentUrl":"https:\/\/aconteceunovale.com.br\/portal\/wp-content\/uploads\/2016\/11\/prefeitura_timoteo.jpg","width":678,"height":427},{"@type":"BreadcrumbList","@id":"https:\/\/aconteceunovale.com.br\/portal\/?p=123270#breadcrumb","itemListElement":[{"@type":"ListItem","position":1,"name":"In\u00edcio","item":"https:\/\/aconteceunovale.com.br\/portal\/"},{"@type":"ListItem","position":2,"name":"Ex-prefeito de Tim\u00f3teo \u00e9 condenado por improbidade administrativa"}]},{"@type":"WebSite","@id":"https:\/\/aconteceunovale.com.br\/portal\/#website","url":"https:\/\/aconteceunovale.com.br\/portal\/","name":"Aconteceu no Vale","description":"Portal de Not\u00edcias","potentialAction":[{"@type":"SearchAction","target":{"@type":"EntryPoint","urlTemplate":"https:\/\/aconteceunovale.com.br\/portal\/?s={search_term_string}"},"query-input":{"@type":"PropertyValueSpecification","valueRequired":true,"valueName":"search_term_string"}}],"inLanguage":"pt-BR"},{"@type":"Person","@id":"https:\/\/aconteceunovale.com.br\/portal\/#\/schema\/person\/633529146f2c94272bef50ac2953d589","name":"Aconteceu no Vale","description":"Equipe de reportagem do Aconteceu no Vale, portal de not\u00edcias do Vale do Jequitinhonha, em Minas Gerais. Cobrimos as 51 cidades do Vale desde 2013. Sugest\u00f5es de pauta e pedidos de corre\u00e7\u00e3o: contato@aconteceunovale.com.br","sameAs":["http:\/\/www.aconteceunovale.com.br"],"url":"https:\/\/aconteceunovale.com.br\/portal\/?author=1"}]}},"_links":{"self":[{"href":"https:\/\/aconteceunovale.com.br\/portal\/index.php?rest_route=\/wp\/v2\/posts\/123270","targetHints":{"allow":["GET"]}}],"collection":[{"href":"https:\/\/aconteceunovale.com.br\/portal\/index.php?rest_route=\/wp\/v2\/posts"}],"about":[{"href":"https:\/\/aconteceunovale.com.br\/portal\/index.php?rest_route=\/wp\/v2\/types\/post"}],"author":[{"embeddable":true,"href":"https:\/\/aconteceunovale.com.br\/portal\/index.php?rest_route=\/wp\/v2\/users\/1"}],"replies":[{"embeddable":true,"href":"https:\/\/aconteceunovale.com.br\/portal\/index.php?rest_route=%2Fwp%2Fv2%2Fcomments&post=123270"}],"version-history":[{"count":0,"href":"https:\/\/aconteceunovale.com.br\/portal\/index.php?rest_route=\/wp\/v2\/posts\/123270\/revisions"}],"wp:featuredmedia":[{"embeddable":true,"href":"https:\/\/aconteceunovale.com.br\/portal\/index.php?rest_route=\/wp\/v2\/media\/102589"}],"wp:attachment":[{"href":"https:\/\/aconteceunovale.com.br\/portal\/index.php?rest_route=%2Fwp%2Fv2%2Fmedia&parent=123270"}],"wp:term":[{"taxonomy":"category","embeddable":true,"href":"https:\/\/aconteceunovale.com.br\/portal\/index.php?rest_route=%2Fwp%2Fv2%2Fcategories&post=123270"},{"taxonomy":"post_tag","embeddable":true,"href":"https:\/\/aconteceunovale.com.br\/portal\/index.php?rest_route=%2Fwp%2Fv2%2Ftags&post=123270"}],"curies":[{"name":"wp","href":"https:\/\/api.w.org\/{rel}","templated":true}]}}