{"id":123168,"date":"2017-10-23T21:20:19","date_gmt":"2017-10-23T23:20:19","guid":{"rendered":"http:\/\/aconteceunovale.com.br\/portal\/?p=123168"},"modified":"2017-10-23T21:20:19","modified_gmt":"2017-10-23T23:20:19","slug":"morre-segunda-vitima-de-acidente-na-br-116-no-vale-do-jequitinhonha","status":"publish","type":"post","link":"https:\/\/aconteceunovale.com.br\/portal\/?p=123168","title":{"rendered":"Morre segunda v\u00edtima de acidente na BR-116, no Vale do Jequitinhonha"},"content":{"rendered":"<p>Faleceu na madrugada de hoje (23\/10\/2017) a segunda v\u00edtima de um grave acidente entre dois carros na altura do km 185 da BR-116, pr\u00f3ximo a Padre Para\u00edso, no Vale do Jequitinhonha. A colis\u00e3o frontal entre um Fiat Uno e um Fiat Linea aconteceu na manh\u00e3 da \u00faltima sexta-feira. Um idoso de 62 anos morreu no local. <\/p>\n<p>Segundo informa\u00e7\u00f5es da Pol\u00edcia Rodovi\u00e1ria Federal (PRF), o condutor do Linea invadiu a contram\u00e3o de dire\u00e7\u00e3o e colidiu contra o Uno. Com o impacto, o motorista do ve\u00edculo atingido, identificado como Ant\u00f4nio Amaral Costa, morreu no local. <\/p>\n<p>A esposa de Ant\u00f4nio foi socorrida em estado grave e encaminhada para um hospital em Te\u00f3filo Otoni. Dona Istelita n\u00e3o resistiu e veio a \u00f3bito nesta madrugada. O corpo dela foi necropsiado no IML de Te\u00f3filo Otoni e levado para Comercinho. <\/p>\n<p>O motorista do Linea, segundo a PRF, teve les\u00f5es em um dos bra\u00e7os. As causas do acidente s\u00e3o investigadas.<\/p>\n<p><img decoding=\"async\" src=\"http:\/\/aconteceunovale.com.br\/portal\/wp-content\/uploads\/2017\/10\/acidente_116_1.jpg\" alt=\"\" \/><\/p>\n<p><img decoding=\"async\" src=\"http:\/\/aconteceunovale.com.br\/portal\/wp-content\/uploads\/2017\/10\/acidente_116_2.jpg\" alt=\"\" \/><\/p>\n<p><img decoding=\"async\" src=\"http:\/\/aconteceunovale.com.br\/portal\/wp-content\/uploads\/2017\/10\/acidente_116_3.jpg\" alt=\"\" \/><\/p>\n<p><strong>VER PRIMEIRO<\/strong><\/p>\n<p>Receba as not\u00edcias do Aconteceu no Vale em primeira m\u00e3o. Clique em curtir no endere\u00e7o <a href=\"https:\/\/www.facebook.com\/aconteceunovale\" target=\"_blank\"><font color=\"red\">www.facebook.com\/aconteceunovale<\/font><\/a> ou no box abaixo:<\/p>\n<div class=\"fb-like\" data-href=\"https:\/\/www.facebook.com\/aconteceunovale\" data-width=\"120\" data-layout=\"standard\" data-action=\"like\" data-size=\"small\" data-show-faces=\"true\" data-share=\"true\"><\/div>\n<p><\/br><\/p>\n<p><em>(Fotos: Reprodu\u00e7\u00e3o WhatsApp)<\/em><\/p>\n","protected":false},"excerpt":{"rendered":"<p>Faleceu na madrugada de hoje (23\/10\/2017) a segunda v\u00edtima de um grave acidente entre dois carros na altura do km 185 da BR-116, pr\u00f3ximo a Padre Para\u00edso, no Vale do Jequitinhonha. A colis\u00e3o frontal entre um Fiat Uno e um Fiat Linea aconteceu na manh\u00e3 da \u00faltima sexta-feira. Um idoso de 62 anos morreu no [&hellip;]<\/p>\n","protected":false},"author":1,"featured_media":123020,"comment_status":"open","ping_status":"closed","sticky":false,"template":"","format":"standard","meta":{"amp_status":"","footnotes":""},"categories":[122],"tags":[3945,53529,8702,145050,82301,162526,182,162525,162527,162528,162822,541,4620,164],"class_list":["post-123168","post","type-post","status-publish","format-standard","has-post-thumbnail","hentry","category-mucuri","tag-acidente-na-br-116","tag-acidente-padre-paraiso","tag-acidente-perto-de-padre-paraiso","tag-acidente-perto-de-ponto-do-marambaia","tag-acidente-ponto-do-marambaia","tag-antonio-amaral-costa","tag-br-116","tag-colisao-frontal-na-br-116","tag-idoso-morre-em-colisao-frontal-entre-veiculos-na-br-116","tag-idoso-morre-em-colisao-frontal-entre-veiculos-na-br-116-no-vale-do-jequitinhonha","tag-morre-segunda-vitima-de-acidente-na-br-116","tag-no-vale-do-jequitinhonha","tag-ponto-do-marambaia","tag-teofilo-otoni"],"_links":{"self":[{"href":"https:\/\/aconteceunovale.com.br\/portal\/index.php?rest_route=\/wp\/v2\/posts\/123168","targetHints":{"allow":["GET"]}}],"collection":[{"href":"https:\/\/aconteceunovale.com.br\/portal\/index.php?rest_route=\/wp\/v2\/posts"}],"about":[{"href":"https:\/\/aconteceunovale.com.br\/portal\/index.php?rest_route=\/wp\/v2\/types\/post"}],"author":[{"embeddable":true,"href":"https:\/\/aconteceunovale.com.br\/portal\/index.php?rest_route=\/wp\/v2\/users\/1"}],"replies":[{"embeddable":true,"href":"https:\/\/aconteceunovale.com.br\/portal\/index.php?rest_route=%2Fwp%2Fv2%2Fcomments&post=123168"}],"version-history":[{"count":0,"href":"https:\/\/aconteceunovale.com.br\/portal\/index.php?rest_route=\/wp\/v2\/posts\/123168\/revisions"}],"wp:featuredmedia":[{"embeddable":true,"href":"https:\/\/aconteceunovale.com.br\/portal\/index.php?rest_route=\/wp\/v2\/media\/123020"}],"wp:attachment":[{"href":"https:\/\/aconteceunovale.com.br\/portal\/index.php?rest_route=%2Fwp%2Fv2%2Fmedia&parent=123168"}],"wp:term":[{"taxonomy":"category","embeddable":true,"href":"https:\/\/aconteceunovale.com.br\/portal\/index.php?rest_route=%2Fwp%2Fv2%2Fcategories&post=123168"},{"taxonomy":"post_tag","embeddable":true,"href":"https:\/\/aconteceunovale.com.br\/portal\/index.php?rest_route=%2Fwp%2Fv2%2Ftags&post=123168"}],"curies":[{"name":"wp","href":"https:\/\/api.w.org\/{rel}","templated":true}]}}