{"id":123165,"date":"2017-10-23T21:00:37","date_gmt":"2017-10-23T23:00:37","guid":{"rendered":"http:\/\/aconteceunovale.com.br\/portal\/?p=123165"},"modified":"2017-10-23T21:00:37","modified_gmt":"2017-10-23T23:00:37","slug":"palco-e-montado-no-centro-de-teofilo-otoni-para-receber-o-ex-presidente-lula","status":"publish","type":"post","link":"https:\/\/aconteceunovale.com.br\/portal\/?p=123165","title":{"rendered":"Palco \u00e9 montado no Centro de Te\u00f3filo Otoni para receber o ex-presidente Lula"},"content":{"rendered":"<p>Um palco est\u00e1 sendo montado na Pra\u00e7a Tiradentes, no Centro de Te\u00f3filo Otoni, para receber o ex-presidente Luiz In\u00e1cio Lula da Silva. Segundo informa\u00e7\u00f5es, Lula chegar\u00e1 a principal cidade do Vale do Mucuri por volta das 17h desta ter\u00e7a-feira (24\/10\/2017). <\/p>\n<p>Grupos favor\u00e1veis e contr\u00e1rios ao petista se mobilizam para a recep\u00e7\u00e3o. A Pol\u00edcia Militar divulgou que o policiamento ser\u00e1 refor\u00e7ado na regi\u00e3o central e em outros pontos da cidade para evitar qualquer tipo de confronto entre simpatizantes e manifestantes. <\/p>\n<p><img decoding=\"async\" src=\"http:\/\/aconteceunovale.com.br\/portal\/wp-content\/uploads\/2017\/10\/palco_teo_1.jpg\" alt=\"\" \/><em>Palco est\u00e1 sendo montado na Pra\u00e7a Tiradentes (Foto: Elvis Passos\/Facebook)<\/em><br \/>\n<\/br><\/p>\n<h4>Veja o roteiro completo da caravana Lula em Minas Gerais:<\/h4>\n<p><strong>Segunda-feira, 23 de outubro de 2017<\/strong><br \/>\nIpatinga<br \/>\n18h00 \u2013 Ato de Recep\u00e7\u00e3o do ex-Presidente Lula em Minas Gerais \u201cEm Defesa da Soberania Nacional\u201d<br \/>\nLocal: Pra\u00e7a dos Tr\u00eas Poderes<\/p>\n<p><strong>Ter\u00e7a-feira, 24 de outubro de 2017<\/strong><br \/>\n08h30 \u2013 Visita ao viveiro de mudas (MST)<br \/>\nGovernador Valadares<br \/>\n10h00 \u2013 Visita a Bacia do Rio Doce<br \/>\nLocal: Feira da Paz<br \/>\nTe\u00f3filo Otoni<br \/>\n17h00 \u2013 Visita a Universidade Federal do Vale do Jequitinhonha e Mucuri<br \/>\nLocal: Rua Cruzeiro, 01 \u2013 Jardim S\u00e3o Paulo<br \/>\n19h00 \u2013 Ato em Defesa da Educa\u00e7\u00e3o<\/p>\n<p><strong>Quarta-feira, 25 de outubro de 2017<\/strong><br \/>\n13h00 \u2013 Parada no trevo de Itaobim<br \/>\nLocal: Transversal da BR116 na entrada da cidade<br \/>\n15h00 \u2013 Parada na Ponte de Itinga<br \/>\nLocal: Pra\u00e7a em frente \u00e0 Ponte que cruza o Jequitinhonha<br \/>\nAra\u00e7ua\u00ed<br \/>\n18h00 \u2013 Ato Cultural do M\u00e9dio Jequitinhonha<br \/>\nLocal: Pra\u00e7a do Mercado<\/p>\n<p><strong>Quinta-feira, 26 de outubro de 2017<\/strong><br \/>\n08h30 \u2013 Visita ao Campus de Ara\u00e7ua\u00ed do IFNMG<br \/>\nLocal: BR 367, km 278, s\/n &#8211; Zona Rural<br \/>\nSalinas<br \/>\n13h00 \u2013 Visita ao Campus de Salinas do IFNMG  &#8211;<br \/>\nLocal: Rodovia MG-404, Km 02, s\/n &#8211; Zona Rural<br \/>\n15h00 \u2013 Visita ao centro de Salinas<br \/>\nLocal: Pra\u00e7a do Banco do Brasil<\/p>\n<p><strong>Sexta-feira, 27 de outubro de 2017<\/strong><br \/>\nMontes Claros<br \/>\n16h00 \u2013 Visita a complexo industrial<br \/>\n18h00 \u2013 Ato P\u00fablico pelo Desenvolvimento Regional<br \/>\nLocal: Pra\u00e7a da Catedral<\/p>\n<p><strong>S\u00e1bado, 28 de outubro de 2017<\/strong><br \/>\n09h00 \u2013 Visita a projeto de irriga\u00e7\u00e3o por gotejamento da ASPROPEM<br \/>\nLocal: BR135 (a 20km ap\u00f3s sair de Montes Claros)<br \/>\nBocai\u00fava<br \/>\n12h00 \u2013 Ato em Defesa da Agricultura Familiar<br \/>\nLocal: Pra\u00e7a do Mercado Municipal<br \/>\nDiamantina<br \/>\n18h30 \u2013 Ato Cultural do Alto Jequitinhonha<br \/>\nLocal: Pra\u00e7a da Rodovi\u00e1ria<\/p>\n<p><strong>Domingo, 29 de outubro de 2017<\/strong><br \/>\n09h00 \u2013 Reuni\u00e3o com reitores de universidade e institutos federais. (na Universidade Federal do Vale do Jequitinhonha e Mucuri)<br \/>\nLocal: Rua da Gl\u00f3ria, 187 \u2013 Centro<br \/>\nCordisburgo<br \/>\n14h00 \u2013 Recep\u00e7\u00e3o em Cordisburgo com Folia dos Reis e Congada<br \/>\nLocal: Entrada da cidade, em frente ao Portal do Grande Sert\u00e3o Veredas<br \/>\n15h00 \u2013 Visita ao Museu Casa Guimar\u00e3es Rosa<br \/>\nLocal: Av. Padre Jo\u00e3o, 443<\/p>\n<p><strong>Segunda-feira, 30 de outubro de 2017<\/strong><br \/>\nBelo Horizonte<br \/>\n18h00 \u2013 Ato de encerramento da Caravana Lula Pelo Brasil em Minas Gerais<br \/>\nLocal: Pra\u00e7a da Esta\u00e7\u00e3o<\/p>\n<p><strong>VER PRIMEIRO<\/strong><\/p>\n<p>Receba as not\u00edcias do Aconteceu no Vale em primeira m\u00e3o. Clique em curtir no endere\u00e7o <a href=\"https:\/\/www.facebook.com\/aconteceunovale\" target=\"_blank\"><font color=\"red\">www.facebook.com\/aconteceunovale<\/font><\/a> ou no box abaixo:<\/p>\n<div class=\"fb-like\" data-href=\"https:\/\/www.facebook.com\/aconteceunovale\" data-width=\"120\" data-layout=\"standard\" data-action=\"like\" data-size=\"small\" data-show-faces=\"true\" data-share=\"true\"><\/div>\n<p><\/br><\/p>\n<p><em>(Com Elvis Passos)<\/em><\/p>\n","protected":false},"excerpt":{"rendered":"<p>Um palco est\u00e1 sendo montado na Pra\u00e7a Tiradentes, no Centro de Te\u00f3filo Otoni, para receber o ex-presidente Luiz In\u00e1cio Lula da Silva. Segundo informa\u00e7\u00f5es, Lula chegar\u00e1 a principal cidade do Vale do Mucuri por volta das 17h desta ter\u00e7a-feira (24\/10\/2017). Grupos favor\u00e1veis e contr\u00e1rios ao petista se mobilizam para a recep\u00e7\u00e3o. A Pol\u00edcia Militar divulgou [&hellip;]<\/p>\n","protected":false},"author":1,"featured_media":123166,"comment_status":"open","ping_status":"closed","sticky":false,"template":"","format":"standard","meta":{"amp_status":"","footnotes":""},"categories":[125,122],"tags":[186,194,1017,645,162818,162819,30022,198,247,201,391,189,7147,162817,162820,210,162821,190,164,162816],"class_list":["post-123165","post","type-post","status-publish","format-standard","has-post-thumbnail","hentry","category-noticias","category-mucuri","tag-aracuai","tag-belo-horizonte","tag-bh","tag-bocaiuva","tag-caravana-lula-em-minas-gerais","tag-cidades-visitadas-por-lula-em-minas-gerais","tag-cordisburgo","tag-diamantina","tag-governador-valadares","tag-ipatinga","tag-itaobim","tag-itinga","tag-lula","tag-lula-em-minas-gerais","tag-lula-em-teofilo-otoni","tag-montes-claros","tag-palco-e-montado-no-centro-de-teofilo-otoni-para-receber-o-ex-presidente-lula","tag-salinas","tag-teofilo-otoni","tag-veja-o-roteiro-completo-da-caravana-lula-em-minas-gerais"],"_links":{"self":[{"href":"https:\/\/aconteceunovale.com.br\/portal\/index.php?rest_route=\/wp\/v2\/posts\/123165","targetHints":{"allow":["GET"]}}],"collection":[{"href":"https:\/\/aconteceunovale.com.br\/portal\/index.php?rest_route=\/wp\/v2\/posts"}],"about":[{"href":"https:\/\/aconteceunovale.com.br\/portal\/index.php?rest_route=\/wp\/v2\/types\/post"}],"author":[{"embeddable":true,"href":"https:\/\/aconteceunovale.com.br\/portal\/index.php?rest_route=\/wp\/v2\/users\/1"}],"replies":[{"embeddable":true,"href":"https:\/\/aconteceunovale.com.br\/portal\/index.php?rest_route=%2Fwp%2Fv2%2Fcomments&post=123165"}],"version-history":[{"count":0,"href":"https:\/\/aconteceunovale.com.br\/portal\/index.php?rest_route=\/wp\/v2\/posts\/123165\/revisions"}],"wp:featuredmedia":[{"embeddable":true,"href":"https:\/\/aconteceunovale.com.br\/portal\/index.php?rest_route=\/wp\/v2\/media\/123166"}],"wp:attachment":[{"href":"https:\/\/aconteceunovale.com.br\/portal\/index.php?rest_route=%2Fwp%2Fv2%2Fmedia&parent=123165"}],"wp:term":[{"taxonomy":"category","embeddable":true,"href":"https:\/\/aconteceunovale.com.br\/portal\/index.php?rest_route=%2Fwp%2Fv2%2Fcategories&post=123165"},{"taxonomy":"post_tag","embeddable":true,"href":"https:\/\/aconteceunovale.com.br\/portal\/index.php?rest_route=%2Fwp%2Fv2%2Ftags&post=123165"}],"curies":[{"name":"wp","href":"https:\/\/api.w.org\/{rel}","templated":true}]}}