{"id":123102,"date":"2017-10-21T23:54:56","date_gmt":"2017-10-22T01:54:56","guid":{"rendered":"http:\/\/aconteceunovale.com.br\/portal\/?p=123102"},"modified":"2017-10-21T23:54:56","modified_gmt":"2017-10-22T01:54:56","slug":"prefeitura-de-montes-claros-decreta-situacao-de-calamidade-em-razao-da-estiagem","status":"publish","type":"post","link":"https:\/\/aconteceunovale.com.br\/portal\/?p=123102","title":{"rendered":"Prefeitura de Montes Claros decreta situa\u00e7\u00e3o de calamidade em raz\u00e3o da estiagem"},"content":{"rendered":"<p>O prefeito de Montes Claros, Humberto Souto (PPS), assinou na quinta-feira (19\/10\/2017), o Decreto Municipal n\u00ba 3.583, que declara Situa\u00e7\u00e3o de Calamidade no munic\u00edpio em raz\u00e3o da estiagem e da falta de abastecimento de \u00e1gua pot\u00e1vel.<\/p>\n<p>\u201cA gravidade desse problema tem nos motivado a buscar solu\u00e7\u00f5es diariamente. O decreto \u00e9 um instrumento fundamental para a atua\u00e7\u00e3o do prefeito\u201d, explicou Humberto Souto. <\/p>\n<p>O texto do decreto prev\u00ea que, em caso de grave necessidade de abastecimento, a produ\u00e7\u00e3o excedente proveniente dos po\u00e7os particulares do munic\u00edpio poder\u00e1 ser usada para refor\u00e7ar o fornecimento de \u00e1gua para a popula\u00e7\u00e3o, atrav\u00e9s da Copasa. Com rela\u00e7\u00e3o a eventuais indeniza\u00e7\u00f5es que poderiam ser pagas aos propriet\u00e1rios desses po\u00e7os, o prefeito informou que \u201co departamento jur\u00eddico est\u00e1 debru\u00e7ado para encontrar uma forma legal de se fazer isso\u201d.<\/p>\n<p><img decoding=\"async\" src=\"http:\/\/aconteceunovale.com.br\/portal\/wp-content\/uploads\/2017\/10\/seca_moc_2.jpg\" alt=\"\" \/><em>Prefeito assinou decreto na <!--more-->quinta-feira (Foto: F\u00e1bio Mar\u00e7al\/Divulga\u00e7\u00e3o)<\/em><br \/>\n<\/br><\/p>\n<p>Al\u00e9m de prever a utiliza\u00e7\u00e3o da \u00e1gua fornecida pelos po\u00e7os para o abastecimento da popula\u00e7\u00e3o, o decreto tamb\u00e9m determina que, durante a vig\u00eancia da situa\u00e7\u00e3o de calamidade, diversas condutas estar\u00e3o vedadas aos cidad\u00e3os, como:<\/p>\n<p>&#8211; lavar cal\u00e7adas e quintais com utiliza\u00e7\u00e3o de mangueiras;<br \/>\n&#8211; lavar ve\u00edculos com mangueiras em domic\u00edlios ou em via p\u00fablica;<br \/>\n&#8211; lavar telhados, paredes ou calhas;<br \/>\n&#8211; aguar gramados ou jardins com o uso de mangueira;<br \/>\n&#8211; n\u00e3o consertar vazamentos constatados nas redes prediais nos prazos regulamentados.<\/p>\n<p>A n\u00e3o observ\u00e2ncia dessas regras poder\u00e1 ser punida com a suspens\u00e3o do fornecimento de \u00e1gua para o morador infrator.<\/p>\n<p><img decoding=\"async\" src=\"http:\/\/aconteceunovale.com.br\/portal\/wp-content\/uploads\/2017\/10\/seca_moc_1.jpg\" alt=\"\" \/><em>Seca castiga o munic\u00edpio de Montes Claros (Foto: F\u00e1bio Mar\u00e7al\/Divulga\u00e7\u00e3o)<\/em><br \/>\n<\/br><\/p>\n<p><strong>VER PRIMEIRO<\/strong><\/p>\n<p>Receba as not\u00edcias do Aconteceu no Vale em primeira m\u00e3o. Clique em curtir no endere\u00e7o <a href=\"https:\/\/www.facebook.com\/aconteceunovale\" target=\"_blank\"><font color=\"red\">www.facebook.com\/aconteceunovale<\/font><\/a> ou no box abaixo:<\/p>\n<div class=\"fb-like\" data-href=\"https:\/\/www.facebook.com\/aconteceunovale\" data-width=\"120\" data-layout=\"standard\" data-action=\"like\" data-size=\"small\" data-show-faces=\"true\" data-share=\"true\"><\/div>\n<p><\/br><\/p>\n<p><em>(Fonte: Prefeitura de Montes Claros)<\/em><\/p>\n","protected":false},"excerpt":{"rendered":"<p>O prefeito de Montes Claros, Humberto Souto (PPS), assinou na quinta-feira (19\/10\/2017), o Decreto Municipal n\u00ba 3.583, que declara Situa\u00e7\u00e3o de Calamidade no munic\u00edpio em raz\u00e3o da estiagem e da falta de abastecimento de \u00e1gua pot\u00e1vel. \u201cA gravidade desse problema tem nos motivado a buscar solu\u00e7\u00f5es diariamente. O decreto \u00e9 um instrumento fundamental para a [&hellip;]<\/p>\n","protected":false},"author":1,"featured_media":123103,"comment_status":"open","ping_status":"closed","sticky":false,"template":"","format":"standard","meta":{"amp_status":"","footnotes":""},"categories":[1236],"tags":[62301,152379,60874,62304,210,162701,60875,162702,162703,60873],"class_list":["post-123102","post","type-post","status-publish","format-standard","has-post-thumbnail","hentry","category-norte_de_minas","tag-barragem-de-juramento","tag-desabastecimento-de-agua-em-montes-claros","tag-estiagem-em-montes-claros","tag-falta-de-agua-em-montes-claros","tag-montes-claros","tag-prefeitura-de-montes-claros-decreta-situacao-de-calamidade-em-razao-da-estiagem","tag-seca-em-montes-claros","tag-situacao-de-calamidade","tag-situacao-de-calamidade-em-montes-claros","tag-situacao-de-emergencia-em-montes-claros"],"_links":{"self":[{"href":"https:\/\/aconteceunovale.com.br\/portal\/index.php?rest_route=\/wp\/v2\/posts\/123102","targetHints":{"allow":["GET"]}}],"collection":[{"href":"https:\/\/aconteceunovale.com.br\/portal\/index.php?rest_route=\/wp\/v2\/posts"}],"about":[{"href":"https:\/\/aconteceunovale.com.br\/portal\/index.php?rest_route=\/wp\/v2\/types\/post"}],"author":[{"embeddable":true,"href":"https:\/\/aconteceunovale.com.br\/portal\/index.php?rest_route=\/wp\/v2\/users\/1"}],"replies":[{"embeddable":true,"href":"https:\/\/aconteceunovale.com.br\/portal\/index.php?rest_route=%2Fwp%2Fv2%2Fcomments&post=123102"}],"version-history":[{"count":0,"href":"https:\/\/aconteceunovale.com.br\/portal\/index.php?rest_route=\/wp\/v2\/posts\/123102\/revisions"}],"wp:featuredmedia":[{"embeddable":true,"href":"https:\/\/aconteceunovale.com.br\/portal\/index.php?rest_route=\/wp\/v2\/media\/123103"}],"wp:attachment":[{"href":"https:\/\/aconteceunovale.com.br\/portal\/index.php?rest_route=%2Fwp%2Fv2%2Fmedia&parent=123102"}],"wp:term":[{"taxonomy":"category","embeddable":true,"href":"https:\/\/aconteceunovale.com.br\/portal\/index.php?rest_route=%2Fwp%2Fv2%2Fcategories&post=123102"},{"taxonomy":"post_tag","embeddable":true,"href":"https:\/\/aconteceunovale.com.br\/portal\/index.php?rest_route=%2Fwp%2Fv2%2Ftags&post=123102"}],"curies":[{"name":"wp","href":"https:\/\/api.w.org\/{rel}","templated":true}]}}