{"id":123094,"date":"2017-10-21T23:04:56","date_gmt":"2017-10-22T01:04:56","guid":{"rendered":"http:\/\/aconteceunovale.com.br\/portal\/?p=123094"},"modified":"2017-10-21T23:04:56","modified_gmt":"2017-10-22T01:04:56","slug":"policia-prende-homem-suspeito-de-colocar-fogo-na-estacao-ecologica-de-acaua-no-vale-do-jequitinhonha","status":"publish","type":"post","link":"https:\/\/aconteceunovale.com.br\/portal\/?p=123094","title":{"rendered":"Pol\u00edcia prende homem suspeito de colocar fogo na Esta\u00e7\u00e3o Ecol\u00f3gica de Acau\u00e3, no Vale do Jequitinhonha"},"content":{"rendered":"<p>O inc\u00eandio que consome a Esta\u00e7\u00e3o Ecol\u00f3gica de Acau\u00e3, no munic\u00edpio de Leme de Prado, \u00e9 de natureza criminosa. A informa\u00e7\u00e3o foi confirmada pelo Delegado da Comarca de Turmalina, Felipe Pontual Meira Rosa.<\/p>\n<p>Ap\u00f3s uma dilig\u00eancia realizada pela Policia Militar Ambiental, um homem com inicias C.G.S, foi preso e levado \u00e0 Delegacia de Policia Civil de Turmalina para prestar esclarecimentos sobre o inc\u00eandio na unidade de conserva\u00e7\u00e3o localizada entre os munic\u00edpios de Turmalina e Leme do Prado, no Vale do Jequitinhonha.<\/p>\n<p>Felipe Pontual decidiu por autuar o indiv\u00edduo em flagrante delito ap\u00f3s o mesmo confessar que iniciou o inc\u00eandio, atrav\u00e9s de uma \u201cbituca\u201d de cigarro. O delegado tamb\u00e9m disse que tal decis\u00e3o foi tomada em virtude de C.G.S j\u00e1 ter sido preso anteriormente, no ano de 2008, por um crime da mesma natureza, na mesma unidade de conserva\u00e7\u00e3o, com propor\u00e7\u00f5es semelhantes.<\/p>\n<p>A reitera\u00e7\u00e3o na pr\u00e1tica criminosa indica que o investigado possa ser \u201cpiroman\u00edaco\u201d, que segundo a psiquiatria \u00e9 um desejo m\u00f3rbido de atear fogo em coisas ou at\u00e9 mesmo em pessoas.<\/p>\n<p>No artigo 41 da lei 9.605\/98 sobre crimes ambientais, para quem provocar inc\u00eandio em mata ou floresta, a pena pode variar de dois a quatro anos e multa. Se o crime for culposo (sem inten\u00e7\u00e3o), a pena \u00e9 de deten\u00e7\u00e3o de seis meses a um ano e multa. Em todos os casos \u00e9 responsabilidade do criminoso recompor a \u00e1rea afetada.<\/p>\n<p><img decoding=\"async\" src=\"http:\/\/aconteceunovale.com.br\/portal\/wp-content\/uploads\/2017\/10\/incendio_acaua_1.jpeg\" alt=\"\" \/><em>Inc\u00eandio na Reserva de Acau\u00e3 come\u00e7ou na ter\u00e7a-feira (Foto: Esta\u00e7\u00e3o Ecol\u00f3gica de Acau\u00e3)<\/em><br \/>\n<\/br><\/p>\n<p><img decoding=\"async\" src=\"http:\/\/aconteceunovale.com.br\/portal\/wp-content\/uploads\/2017\/10\/incendio_acaua_2.jpeg\" alt=\"\" \/><em>N\u00e3o h\u00e1 suspeita de como o inc\u00eandio come\u00e7ou (Foto: Esta\u00e7\u00e3o Ecol\u00f3gica de Acau\u00e3)<\/em><br \/>\n<\/br><\/p>\n<h4>Reserva de Acau\u00e3<\/h4>\n<p>Criada em 1974, a esta\u00e7\u00e3o ecol\u00f3gica ocupa a \u00e1rea de 5.194 hectares nos munic\u00edpios de Leme do Prado e Turmalina. Sua vegeta\u00e7\u00e3o \u00e9 composta por cerrado denso com transi\u00e7\u00e3o para mata atl\u00e2ntica, a flora inclui plantas de grande e m\u00e9dio porte e fauna esp\u00e9cies como tatu, lobo-guar\u00e1, cutia, paca, caititu, macaco-prego, jacar\u00e9-de-papo-amarelo. A unidade ambiental conta ainda com mais de 190 esp\u00e9cies de p\u00e1ssaros.<\/p>\n<p><strong>VER PRIMEIRO<\/strong><\/p>\n<p>Receba as not\u00edcias do Aconteceu no Vale em primeira m\u00e3o. Clique em curtir no endere\u00e7o <a href=\"https:\/\/www.facebook.com\/aconteceunovale\" target=\"_blank\"><font color=\"red\">www.facebook.com\/aconteceunovale<\/font><\/a> ou no box abaixo:<\/p>\n<div class=\"fb-like\" data-href=\"https:\/\/www.facebook.com\/aconteceunovale\" data-width=\"120\" data-layout=\"standard\" data-action=\"like\" data-size=\"small\" data-show-faces=\"true\" data-share=\"true\"><\/div>\n<p><\/br><\/p>\n<p><em>(Com R\u00e1dio Turmalina e G1 Grande Minas)<\/em><\/p>\n","protected":false},"excerpt":{"rendered":"<p>O inc\u00eandio que consome a Esta\u00e7\u00e3o Ecol\u00f3gica de Acau\u00e3, no munic\u00edpio de Leme de Prado, \u00e9 de natureza criminosa. A informa\u00e7\u00e3o foi confirmada pelo Delegado da Comarca de Turmalina, Felipe Pontual Meira Rosa. Ap\u00f3s uma dilig\u00eancia realizada pela Policia Militar Ambiental, um homem com inicias C.G.S, foi preso e levado \u00e0 Delegacia de Policia Civil [&hellip;]<\/p>\n","protected":false},"author":1,"featured_media":122999,"comment_status":"open","ping_status":"closed","sticky":false,"template":"","format":"standard","meta":{"amp_status":"","footnotes":""},"categories":[120],"tags":[79635,162494,123981,162493,162490,162492,162491,541,162693,162489,178],"class_list":["post-123094","post","type-post","status-publish","format-standard","has-post-thumbnail","hentry","category-jequi","tag-acaua","tag-brigadistas-combatem-incendio-na-estacao-ecologica-de-acaua","tag-estacao-ecologica-de-acaua","tag-fogo-estacao-ecologica-de-acaua","tag-fogo-reserva-de-acaua","tag-incendio-estacao-ecologica-de-acaua","tag-incendio-reserva-de-acaua","tag-no-vale-do-jequitinhonha","tag-policia-prende-homem-suspeito-de-colocar-fogo-na-estacao-ecologica-de-acaua","tag-reserva-de-acaua","tag-turmalina"],"_links":{"self":[{"href":"https:\/\/aconteceunovale.com.br\/portal\/index.php?rest_route=\/wp\/v2\/posts\/123094","targetHints":{"allow":["GET"]}}],"collection":[{"href":"https:\/\/aconteceunovale.com.br\/portal\/index.php?rest_route=\/wp\/v2\/posts"}],"about":[{"href":"https:\/\/aconteceunovale.com.br\/portal\/index.php?rest_route=\/wp\/v2\/types\/post"}],"author":[{"embeddable":true,"href":"https:\/\/aconteceunovale.com.br\/portal\/index.php?rest_route=\/wp\/v2\/users\/1"}],"replies":[{"embeddable":true,"href":"https:\/\/aconteceunovale.com.br\/portal\/index.php?rest_route=%2Fwp%2Fv2%2Fcomments&post=123094"}],"version-history":[{"count":0,"href":"https:\/\/aconteceunovale.com.br\/portal\/index.php?rest_route=\/wp\/v2\/posts\/123094\/revisions"}],"wp:featuredmedia":[{"embeddable":true,"href":"https:\/\/aconteceunovale.com.br\/portal\/index.php?rest_route=\/wp\/v2\/media\/122999"}],"wp:attachment":[{"href":"https:\/\/aconteceunovale.com.br\/portal\/index.php?rest_route=%2Fwp%2Fv2%2Fmedia&parent=123094"}],"wp:term":[{"taxonomy":"category","embeddable":true,"href":"https:\/\/aconteceunovale.com.br\/portal\/index.php?rest_route=%2Fwp%2Fv2%2Fcategories&post=123094"},{"taxonomy":"post_tag","embeddable":true,"href":"https:\/\/aconteceunovale.com.br\/portal\/index.php?rest_route=%2Fwp%2Fv2%2Ftags&post=123094"}],"curies":[{"name":"wp","href":"https:\/\/api.w.org\/{rel}","templated":true}]}}