{"id":123087,"date":"2017-10-21T22:43:12","date_gmt":"2017-10-22T00:43:12","guid":{"rendered":"http:\/\/aconteceunovale.com.br\/portal\/?p=123087"},"modified":"2017-10-21T22:43:12","modified_gmt":"2017-10-22T00:43:12","slug":"beto-real-e-mazim-rocha-sao-eleitos-empresarios-destaques-2017-em-capelinha","status":"publish","type":"post","link":"https:\/\/aconteceunovale.com.br\/portal\/?p=123087","title":{"rendered":"Beto Real e Mazim Rocha s\u00e3o eleitos Empres\u00e1rios Destaques 2017 em Capelinha"},"content":{"rendered":"<p>A Associa\u00e7\u00e3o Comercial de Capelinha (ACIAC) realizou na noite dessa sexta-feira (20\/10) o evento Empres\u00e1rios Destaques 2017 e a comemora\u00e7\u00e3o dos 35 anos de funda\u00e7\u00e3o da entidade. De acordo com a ACIAC, a festa contou com cerca de 300 empres\u00e1rios e autoridades locais.<\/p>\n<p>Os empres\u00e1rios eleitos neste ano foram: Jos\u00e9 Vilmar Rocha (Mazim Rocha) e Deusdete Pinheiro (Beto Real). Eles receber\u00e3o homenagens em evento que ser\u00e1 realizado pela Federa\u00e7\u00e3o das Associa\u00e7\u00f5es Comerciais e Empresariais do Estado de Minas Gerais (FEDERAMINAS), em Arax\u00e1, no pr\u00f3ximo dia 25 de novembro.<\/p>\n<p>Durante o evento, tamb\u00e9m foram homenageados os senhores Miltinho Magalh\u00e3es, Dilson de Moraes e S\u00e9rgio Paranhos pelos relevantes servi\u00e7os prestados como volunt\u00e1rios \u00e0 Comunidade Capelinhense. <\/p>\n<p>Ainda durante a noite festiva, a diretoria da C\u00e2mara das Mulheres Empreendedoras de Capelinha (CMEC) fez a entrega da chave de uma moto 0 km a Samuel Jardim (ganhador do sorteio) e de cheque no valor de 7.735 \u00e0 Funda\u00e7\u00e3o Hospitalar S\u00e3o Vicente de Paulo, resultante da a\u00e7\u00e3o social promovida pela CMEC e ACIAC com apoio da comunidade.<\/p>\n<p><img decoding=\"async\" src=\"http:\/\/aconteceunovale.com.br\/portal\/wp-content\/uploads\/2017\/10\/premio_destaques_2017_1.jpg\" alt=\"\" \/><\/p>\n<p><img decoding=\"async\" src=\"http:\/\/aconteceunovale.com.br\/portal\/wp-content\/uploads\/2017\/10\/premio_destaques_2017_2.jpg\" alt=\"\" \/><\/p>\n<p><img decoding=\"async\" src=\"http:\/\/aconteceunovale.com.br\/portal\/wp-content\/uploads\/2017\/10\/premio_destaques_2017_3.jpg\" alt=\"\" \/><\/p>\n<p><img decoding=\"async\" src=\"http:\/\/aconteceunovale.com.br\/portal\/wp-content\/uploads\/2017\/10\/premio_destaques_2017_4.jpg\" alt=\"\" \/><\/p>\n<p><img decoding=\"async\" src=\"http:\/\/aconteceunovale.com.br\/portal\/wp-content\/uploads\/2017\/10\/premio_destaques_2017_5.jpg\" alt=\"\" \/><\/p>\n<p><strong>VER PRIMEIRO<\/strong><\/p>\n<p>Receba as not\u00edcias do Aconteceu no Vale em primeira m\u00e3o. Clique em curtir no endere\u00e7o <a href=\"https:\/\/www.facebook.com\/aconteceunovale\" target=\"_blank\"><font color=\"red\">www.facebook.com\/aconteceunovale<\/font><\/a> ou no box abaixo:<\/p>\n<div class=\"fb-like\" data-href=\"https:\/\/www.facebook.com\/aconteceunovale\" data-width=\"120\" data-layout=\"standard\" data-action=\"like\" data-size=\"small\" data-show-faces=\"true\" data-share=\"true\"><\/div>\n<p><\/br><\/p>\n<p><em>(Fotos: Divulga\u00e7\u00e3o\/ACIAC)<\/em><\/p>\n","protected":false},"excerpt":{"rendered":"<p>A Associa\u00e7\u00e3o Comercial de Capelinha (ACIAC) realizou na noite dessa sexta-feira (20\/10) o evento Empres\u00e1rios Destaques 2017 e a comemora\u00e7\u00e3o dos 35 anos de funda\u00e7\u00e3o da entidade. De acordo com a ACIAC, a festa contou com cerca de 300 empres\u00e1rios e autoridades locais. Os empres\u00e1rios eleitos neste ano foram: Jos\u00e9 Vilmar Rocha (Mazim Rocha) e [&hellip;]<\/p>\n","protected":false},"author":1,"featured_media":123089,"comment_status":"open","ping_status":"closed","sticky":false,"template":"","format":"standard","meta":{"amp_status":"","footnotes":""},"categories":[125,120],"tags":[177,162684,162681,162680,162691,132,162692,162686,162689,162683,162687,147128,14099,162685,162682,162688,162690],"class_list":["post-123087","post","type-post","status-publish","format-standard","has-post-thumbnail","hentry","category-noticias","category-jequi","tag-aciac","tag-associacao-comercial-de-capelinha","tag-beto-real","tag-beto-real-e-mazim-rocha-sao-eleitos-empresarios-destaques-2017-em-capelinha","tag-camara-das-mulheres-empreendedoras-de-capelinha","tag-capelinha","tag-cmec","tag-deusdete-pinheiro","tag-dilson-de-moraes","tag-empresarios-destaques-2017-em-capelinha","tag-federacao-das-associacoes-comerciais-e-empresariais-do-estado-de-minas-gerais","tag-federaminas","tag-fundacao-hospitalar-sao-vicente-de-paulo","tag-jose-vilmar-rocha","tag-mazim-rocha","tag-miltinho-magalhaes","tag-sergio-paranhos"],"_links":{"self":[{"href":"https:\/\/aconteceunovale.com.br\/portal\/index.php?rest_route=\/wp\/v2\/posts\/123087","targetHints":{"allow":["GET"]}}],"collection":[{"href":"https:\/\/aconteceunovale.com.br\/portal\/index.php?rest_route=\/wp\/v2\/posts"}],"about":[{"href":"https:\/\/aconteceunovale.com.br\/portal\/index.php?rest_route=\/wp\/v2\/types\/post"}],"author":[{"embeddable":true,"href":"https:\/\/aconteceunovale.com.br\/portal\/index.php?rest_route=\/wp\/v2\/users\/1"}],"replies":[{"embeddable":true,"href":"https:\/\/aconteceunovale.com.br\/portal\/index.php?rest_route=%2Fwp%2Fv2%2Fcomments&post=123087"}],"version-history":[{"count":0,"href":"https:\/\/aconteceunovale.com.br\/portal\/index.php?rest_route=\/wp\/v2\/posts\/123087\/revisions"}],"wp:featuredmedia":[{"embeddable":true,"href":"https:\/\/aconteceunovale.com.br\/portal\/index.php?rest_route=\/wp\/v2\/media\/123089"}],"wp:attachment":[{"href":"https:\/\/aconteceunovale.com.br\/portal\/index.php?rest_route=%2Fwp%2Fv2%2Fmedia&parent=123087"}],"wp:term":[{"taxonomy":"category","embeddable":true,"href":"https:\/\/aconteceunovale.com.br\/portal\/index.php?rest_route=%2Fwp%2Fv2%2Fcategories&post=123087"},{"taxonomy":"post_tag","embeddable":true,"href":"https:\/\/aconteceunovale.com.br\/portal\/index.php?rest_route=%2Fwp%2Fv2%2Ftags&post=123087"}],"curies":[{"name":"wp","href":"https:\/\/api.w.org\/{rel}","templated":true}]}}