{"id":123044,"date":"2017-10-21T18:46:02","date_gmt":"2017-10-21T20:46:02","guid":{"rendered":"http:\/\/aconteceunovale.com.br\/portal\/?p=123044"},"modified":"2017-10-21T18:46:02","modified_gmt":"2017-10-21T20:46:02","slug":"ministerio-publico-acusa-delegado-de-rio-pardo-de-minas-de-improbidade","status":"publish","type":"post","link":"https:\/\/aconteceunovale.com.br\/portal\/?p=123044","title":{"rendered":"Minist\u00e9rio P\u00fablico acusa delegado de Rio Pardo de Minas de improbidade"},"content":{"rendered":"<p>O Minist\u00e9rio P\u00fablico de Minas Gerais (MPMG) divulgou nota na quinta-feira (19\/10\/2017) informando sobre o afastamento do delegado da Pol\u00edcia Civil em Rio Pardo de Minas, no Norte do estado, por improbidade administrativa. De acordo com o MPMG, Lu\u00eds Cl\u00e1udio Freitas do Nascimento n\u00e3o comparecia \u00e0 delegacia e designou um investigador de pol\u00edcia para \u201cexercer fun\u00e7\u00f5es privativas do cargo de delegado\u201d. <\/p>\n<p>O MPMG afirma ainda que o delegado determinou que as ocorr\u00eancias que chegassem \u00e0 delegacia fossem repassadas por e-mail ou telefone para que ele tomasse as provid\u00eancias.<\/p>\n<p>Na aus\u00eancia do delegado, segundo o Minist\u00e9rio P\u00fablico, \u201cv\u00e1rios atos il\u00edcitos foram praticados, como a libera\u00e7\u00e3o de presos em flagrante, pris\u00f5es ilegais, arquivamentos irregulares e extravio de Inqu\u00e9ritos Policiais\u201d. Na a\u00e7\u00e3o, o MPMG pediu ainda que o delegado e o investigador percam os cargos.<\/p>\n<p>O delegado Lu\u00eds Cl\u00e1udio n\u00e3o foi localizado para falar sobre o caso. O delegado regional em Taiobeiras, Jo\u00e3o Marcos, afirmou que a Delegacia Regional ainda n\u00e3o foi notificada oficialmente sobre o afastamento.<\/p>\n<p>Confira a \u00edntegra da nota divulgada pelo MPMG:<\/p>\n<p><em>O Minist\u00e9rio P\u00fablico de Minas Gerais (MPMG), por meio da Promotoria de Justi\u00e7a de Rio Pardo de Minas, obteve decis\u00e3o na Justi\u00e7a para afastar liminarmente o delegado de Pol\u00edcia da cidade por atos de improbidade administrativa. O MPMG pede tamb\u00e9m que o delegado e um investigador que acobertava seus atos percam os cargos p\u00fablicos e que paguem indeniza\u00e7\u00e3o por dano moral ao Estado.<\/p>\n<p>Segundo apurado, o delegado de Pol\u00edcia n\u00e3o comparecia nem ao expediente nem aos plant\u00f5es regularmente. Com sua aus\u00eancia, v\u00e1rios atos il\u00edcitos foram praticados, como a libera\u00e7\u00e3o de presos em flagrante, pris\u00f5es ilegais, arquivamentos irregulares e extravio de Inqu\u00e9ritos Policiais, al\u00e9m de aus\u00eancia de respostas a requisi\u00e7\u00f5es da Promotoria de Justi\u00e7a. <\/p>\n<p>De acordo com o MPMG, um investigador foi escolhido por ele, por meio de uma portaria, para exercer fun\u00e7\u00f5es privativas do cargo de delegado de Pol\u00edcia. A autoridade policial determinou que lhe fossem enviados, por e-mail ou telefone, todos os expedientes que chegassem \u00e0 delegacia para o seu conhecimento e provid\u00eancias, as quais eram repassadas ao investigador, que as executava usando uma assinatura digitalizada do delegado.<\/em><\/p>\n<p><strong>VER PRIMEIRO<\/strong><\/p>\n<p>Receba as not\u00edcias do Aconteceu no Vale em primeira m\u00e3o. Clique em curtir no endere\u00e7o <a href=\"https:\/\/www.facebook.com\/aconteceunovale\" target=\"_blank\"><font color=\"red\">www.facebook.com\/aconteceunovale<\/font><\/a> ou no box abaixo:<\/p>\n<div class=\"fb-like\" data-href=\"https:\/\/www.facebook.com\/aconteceunovale\" data-width=\"120\" data-layout=\"standard\" data-action=\"like\" data-size=\"small\" data-show-faces=\"true\" data-share=\"true\"><\/div>\n<p><\/br><\/p>\n<p><em>(Com G1 Grande Minas e MPMG)<\/em><\/p>\n","protected":false},"excerpt":{"rendered":"<p>O Minist\u00e9rio P\u00fablico de Minas Gerais (MPMG) divulgou nota na quinta-feira (19\/10\/2017) informando sobre o afastamento do delegado da Pol\u00edcia Civil em Rio Pardo de Minas, no Norte do estado, por improbidade administrativa. De acordo com o MPMG, Lu\u00eds Cl\u00e1udio Freitas do Nascimento n\u00e3o comparecia \u00e0 delegacia e designou um investigador de pol\u00edcia para \u201cexercer [&hellip;]<\/p>\n","protected":false},"author":1,"featured_media":123045,"comment_status":"open","ping_status":"closed","sticky":false,"template":"","format":"standard","meta":{"amp_status":"","footnotes":""},"categories":[1236],"tags":[162563,162567,162562,162565,162566,162564,162568,162569,19674,19675,421,419],"class_list":["post-123044","post","type-post","status-publish","format-standard","has-post-thumbnail","hentry","category-norte_de_minas","tag-afastamento-delegado-rio-pardo-de-minas","tag-delegado-da-policia-civil-em-rio-pardo-de-minas","tag-delegado-de-rio-pardo-de-minas","tag-delegado-luis-claudio","tag-delegado-regional-em-taiobeiras","tag-investigacao-delegado-de-rio-pardo-de-minas","tag-luis-claudio-freitas-do-nascimento","tag-ministerio-publico-acusa-delegado-de-rio-pardo-de-minas-de-improbidade","tag-ministerio-publico-de-minas-gerais","tag-mpmg","tag-rio-pardo-de-minas","tag-taiobeiras"],"_links":{"self":[{"href":"https:\/\/aconteceunovale.com.br\/portal\/index.php?rest_route=\/wp\/v2\/posts\/123044","targetHints":{"allow":["GET"]}}],"collection":[{"href":"https:\/\/aconteceunovale.com.br\/portal\/index.php?rest_route=\/wp\/v2\/posts"}],"about":[{"href":"https:\/\/aconteceunovale.com.br\/portal\/index.php?rest_route=\/wp\/v2\/types\/post"}],"author":[{"embeddable":true,"href":"https:\/\/aconteceunovale.com.br\/portal\/index.php?rest_route=\/wp\/v2\/users\/1"}],"replies":[{"embeddable":true,"href":"https:\/\/aconteceunovale.com.br\/portal\/index.php?rest_route=%2Fwp%2Fv2%2Fcomments&post=123044"}],"version-history":[{"count":0,"href":"https:\/\/aconteceunovale.com.br\/portal\/index.php?rest_route=\/wp\/v2\/posts\/123044\/revisions"}],"wp:featuredmedia":[{"embeddable":true,"href":"https:\/\/aconteceunovale.com.br\/portal\/index.php?rest_route=\/wp\/v2\/media\/123045"}],"wp:attachment":[{"href":"https:\/\/aconteceunovale.com.br\/portal\/index.php?rest_route=%2Fwp%2Fv2%2Fmedia&parent=123044"}],"wp:term":[{"taxonomy":"category","embeddable":true,"href":"https:\/\/aconteceunovale.com.br\/portal\/index.php?rest_route=%2Fwp%2Fv2%2Fcategories&post=123044"},{"taxonomy":"post_tag","embeddable":true,"href":"https:\/\/aconteceunovale.com.br\/portal\/index.php?rest_route=%2Fwp%2Fv2%2Ftags&post=123044"}],"curies":[{"name":"wp","href":"https:\/\/api.w.org\/{rel}","templated":true}]}}