{"id":123033,"date":"2017-10-21T00:10:12","date_gmt":"2017-10-21T02:10:12","guid":{"rendered":"http:\/\/aconteceunovale.com.br\/portal\/?p=123033"},"modified":"2017-10-21T00:10:12","modified_gmt":"2017-10-21T02:10:12","slug":"ministerio-publico-requer-em-liminar-a-proibicao-de-novos-aumentos-na-tarifa-de-agua-em-guanhaes","status":"publish","type":"post","link":"https:\/\/aconteceunovale.com.br\/portal\/?p=123033","title":{"rendered":"Minist\u00e9rio P\u00fablico requer em liminar a proibi\u00e7\u00e3o de novos aumentos na tarifa de \u00e1gua em Guanh\u00e3es"},"content":{"rendered":"<p>O Minist\u00e9rio P\u00fablico de Minas Gerais (MPMG), por meio da Promotoria de Defesa do Consumidor de Guanh\u00e3es, prop\u00f4s A\u00e7\u00e3o Civil P\u00fablica em car\u00e1ter de urg\u00eancia requerendo, em liminar, que o munic\u00edpio e o Servi\u00e7o Aut\u00f4nomo de \u00c1gua e Esgoto (SAAE) sejam proibidos de reajustar a tarifa de \u00e1gua e esgoto at\u00e9  transitar em julgado o processo que investiga den\u00fancia de aumento abusivo, sob pena de multa di\u00e1ria de R$1 mil.<\/p>\n<p>O reajuste foi estabelecido por portaria e sem a participa\u00e7\u00e3o dos representantes dos usu\u00e1rios, o que afronta a legisla\u00e7\u00e3o.<\/p>\n<p>O MPMG requer na a\u00e7\u00e3o que o SAAE e o munic\u00edpio sejam condenados a restituir ao consumidor os valores cobrados a mais e que sejam proibidos de reajustar tarifas enquanto o munic\u00edpio n\u00e3o criar ag\u00eancia reguladora ou enquanto n\u00e3o se associar \u00e0 ag\u00eancia j\u00e1 existente. <\/p>\n<p>Requer ainda que seja decretada a ilegalidade do art. 74 da Lei Municipal n\u00ba2.028\/2003 e dos atos que majoram as tarifas de \u00e1gua em desacordo com a Lei n\u00ba 11.455\/2007, que estabelece as diretrizes nacionais para o saneamento b\u00e1sico.<\/p>\n<p>Tudo isso tamb\u00e9m sob pena de multa di\u00e1ria de R$ 1 mil, extensiva aos representantes do munic\u00edpio e do SAAE, a ser destinada ao Fundo Estadual de Defesa do Consumidor.<\/p>\n<p>Para o MPMG, a forma de reajuste violou  a legisla\u00e7\u00e3o sobre o saneamento b\u00e1sico e tamb\u00e9m o direito do consumidor de ser informado sobre os crit\u00e9rios adotados na fixa\u00e7\u00e3o do pre\u00e7o. <\/p>\n<p>Hist\u00f3rico &#8211; A Promotoria de Defesa do Consumidor de Guanh\u00e3es instaurou Inqu\u00e9rito Civil a partir da not\u00edcia de reajuste de tarifa abusivo, sem discuss\u00e3o pr\u00e9via do SAAE com os usu\u00e1rios e sem estudo de adequa\u00e7\u00e3o de investimento e de custos. <\/p>\n<p>Segundo informa\u00e7\u00e3o inicial do SAAE &#8211; ap\u00f3s ser oficiado pelo MPMG -, o \u00faltimo reajuste teria ocorrido em 2003.<\/p>\n<p>Diante da aparente contradi\u00e7\u00e3o entre as informa\u00e7\u00f5es prestadas pelo SAAE, o MPMG tornou a oficiar a autarquia, que, desta vez, informou que reajusta a tarifa a cada 12 meses, com base no art. 74 da Lei Municipal n\u00ba2.028\/2003. <\/p>\n<p>Segundo o promotor de Justi\u00e7a Guilherme Heringer de Carvalho Rocha, \u201co SAAE n\u00e3o apresentou qualquer justificativa para o reajuste, limitando-se a dizer que o valor corresponde \u00e0 m\u00e9dia dos \u00edndices oficiais de infla\u00e7\u00e3o acumulados no per\u00edodo dos \u00faltimos 12 meses, embora tenhamos a informa\u00e7\u00e3o de que a infla\u00e7\u00e3o acumulada de 2016 foi de 6,29%, \u00edndice inferior ao reajuste aplicado\u201d.<\/p>\n<p>O promotor de Justi\u00e7a destaca ainda que, \u201cal\u00e9m de todos os equ\u00edvocos cometidos quanto \u00e0 pol\u00edtica tarif\u00e1ria, \u00e9 evidente o descontrole e a falta de investimento da autarquia, j\u00e1 que \u00e9 p\u00fablica e not\u00f3ria a aus\u00eancia de investimento em saneamento b\u00e1sico nos \u00faltimos anos \u2013 tanto que a comunidade guanhanense vem sofrendo com a falta d\u2019\u00e1gua\u201d.<\/p>\n<p><strong>VER PRIMEIRO<\/strong><\/p>\n<p>Receba as not\u00edcias do Aconteceu no Vale em primeira m\u00e3o. Clique em curtir no endere\u00e7o <a href=\"https:\/\/www.facebook.com\/aconteceunovale\" target=\"_blank\"><font color=\"red\">www.facebook.com\/aconteceunovale<\/font><\/a> ou no box abaixo:<\/p>\n<div class=\"fb-like\" data-href=\"https:\/\/www.facebook.com\/aconteceunovale\" data-width=\"120\" data-layout=\"standard\" data-action=\"like\" data-size=\"small\" data-show-faces=\"true\" data-share=\"true\"><\/div>\n<p><\/br><\/p>\n<p><em>(Fonte: MPMG)<\/em><\/p>\n","protected":false},"excerpt":{"rendered":"<p>O Minist\u00e9rio P\u00fablico de Minas Gerais (MPMG), por meio da Promotoria de Defesa do Consumidor de Guanh\u00e3es, prop\u00f4s A\u00e7\u00e3o Civil P\u00fablica em car\u00e1ter de urg\u00eancia requerendo, em liminar, que o munic\u00edpio e o Servi\u00e7o Aut\u00f4nomo de \u00c1gua e Esgoto (SAAE) sejam proibidos de reajustar a tarifa de \u00e1gua e esgoto at\u00e9 transitar em julgado o [&hellip;]<\/p>\n","protected":false},"author":1,"featured_media":70377,"comment_status":"open","ping_status":"closed","sticky":false,"template":"","format":"standard","meta":{"amp_status":"","footnotes":""},"categories":[121],"tags":[160030,162539,162541,155,19674,162537,19675,162542,162543,162540,160028,162538],"class_list":["post-123033","post","type-post","status-publish","format-standard","has-post-thumbnail","hentry","category-leste","tag-agua-em-guanhaes","tag-aumento-da-tarifa-de-agua-em-guanhaes","tag-aumento-do-preco-da-tarifa-de-agua-em-guanhaes","tag-guanhaes","tag-ministerio-publico-de-minas-gerais","tag-ministerio-publico-requer-em-liminar-a-proibicao-de-novos-aumentos-na-tarifa-de-agua-em-guanhaes","tag-mpmg","tag-proibicao-de-novos-aumentos-na-tarifa-de-agua-em-guanhaes","tag-promotoria-de-defesa-do-consumidor-de-guanhaes","tag-reajuste-da-tarifa-de-agua-em-guanhaes","tag-saae-de-guanhaes","tag-tarifa-de-agua-em-guanhaes"],"_links":{"self":[{"href":"https:\/\/aconteceunovale.com.br\/portal\/index.php?rest_route=\/wp\/v2\/posts\/123033","targetHints":{"allow":["GET"]}}],"collection":[{"href":"https:\/\/aconteceunovale.com.br\/portal\/index.php?rest_route=\/wp\/v2\/posts"}],"about":[{"href":"https:\/\/aconteceunovale.com.br\/portal\/index.php?rest_route=\/wp\/v2\/types\/post"}],"author":[{"embeddable":true,"href":"https:\/\/aconteceunovale.com.br\/portal\/index.php?rest_route=\/wp\/v2\/users\/1"}],"replies":[{"embeddable":true,"href":"https:\/\/aconteceunovale.com.br\/portal\/index.php?rest_route=%2Fwp%2Fv2%2Fcomments&post=123033"}],"version-history":[{"count":0,"href":"https:\/\/aconteceunovale.com.br\/portal\/index.php?rest_route=\/wp\/v2\/posts\/123033\/revisions"}],"wp:featuredmedia":[{"embeddable":true,"href":"https:\/\/aconteceunovale.com.br\/portal\/index.php?rest_route=\/wp\/v2\/media\/70377"}],"wp:attachment":[{"href":"https:\/\/aconteceunovale.com.br\/portal\/index.php?rest_route=%2Fwp%2Fv2%2Fmedia&parent=123033"}],"wp:term":[{"taxonomy":"category","embeddable":true,"href":"https:\/\/aconteceunovale.com.br\/portal\/index.php?rest_route=%2Fwp%2Fv2%2Fcategories&post=123033"},{"taxonomy":"post_tag","embeddable":true,"href":"https:\/\/aconteceunovale.com.br\/portal\/index.php?rest_route=%2Fwp%2Fv2%2Ftags&post=123033"}],"curies":[{"name":"wp","href":"https:\/\/api.w.org\/{rel}","templated":true}]}}