{"id":122977,"date":"2017-10-19T12:44:58","date_gmt":"2017-10-19T14:44:58","guid":{"rendered":"http:\/\/aconteceunovale.com.br\/portal\/?p=122977"},"modified":"2017-10-19T12:44:58","modified_gmt":"2017-10-19T14:44:58","slug":"alunos-de-creche-incendiada-em-janauba-voltam-as-aulas","status":"publish","type":"post","link":"https:\/\/aconteceunovale.com.br\/portal\/?p=122977","title":{"rendered":"Alunos de creche incendiada em Jana\u00faba voltam \u00e0s aulas"},"content":{"rendered":"<p>Os alunos da Creche Centro Municipal de Educa\u00e7\u00e3o Infantil Gente Inocente, incendiada pelo vigia Dami\u00e3o Soares dos Santos, retornaram \u00e0s aulas na manh\u00e3 desta quinta-feira (19\/10\/2017), ap\u00f3s 15 dias do ataque em Jana\u00faba. De acordo com a pedagoga do turno matutino, Eliane Santos, 26 crian\u00e7as compareceram ao novo pr\u00e9dio, no Bairro Veredas; cinco crian\u00e7as que presenciaram o ataque aos alunos participam das atividades. Na quarta (18), profissionais da educa\u00e7\u00e3o, psicologia e seguran\u00e7a se reuniram com os pais e a promotoria da Vara da Inf\u00e2ncia.<\/p>\n<p>\u201cO retorno de hoje superou as nossas expectativas; foi um n\u00famero expressivo diante do tamanho da trag\u00e9dia. Ainda temos crian\u00e7as feridas em casa e que n\u00e3o podem retornar, al\u00e9m das outras que seguem internadas. Mas nosso foco hoje foi oferecer uma recep\u00e7\u00e3o festiva, em um ambiente acolhedor, com programa\u00e7\u00e3o totalmente l\u00fadica: brincadeiras com animadores, conta\u00e7\u00e3o de hist\u00f3rias, teatro e guloseimas. Estamos com duas psic\u00f3logas de plant\u00e3o, em tempo integral\u201d, disse.<\/p>\n<p>As aulas come\u00e7aram \u00e0s 7h e seguem at\u00e9 \u00e0s 17h. No dia do ataque, 75 crian\u00e7as estavam na creche e participavam de atividades comemorativas \u00e0 Semana da Crian\u00e7a; 11 pessoas morreram. Foram nove crian\u00e7as, a professora Heley de Abreu Silva Batista, considerada hero\u00edna por salvar a vida de muitas crian\u00e7as, e o vigia. Professores e volunt\u00e1rios prepararam o espa\u00e7o para a recep\u00e7\u00e3o. O ambiente colorido e o engajamento dos profissionais ajudaram no recome\u00e7o.<\/p>\n<p>\u201cQuando os pais deixaram as crian\u00e7as conosco, sentimos confian\u00e7a. Os olhares de todos est\u00e3o brilhando. Ver este novo come\u00e7o nos ajuda a superar os momentos dif\u00edceis. Uma criancinha j\u00e1 se expressou: \u2018nossa tia, eu gostei muito daqui\u2019. Estou mais aliviada ao ver a alegria deles. At\u00e9 agora, em quatro horas de aulas, os alunos n\u00e3o fizeram men\u00e7\u00e3o ao ataque e est\u00e3o tranquilos. A maioria n\u00e3o presenciou e isso ajuda tamb\u00e9m\u201d, detalhou.<\/p>\n<p>Doze pessoas seguem internadas devido ao ataque, em hospitais de Belo Horizonte e Montes Claros. Na capital mineira, quatro crian\u00e7as e dois adultos permanecem no Hospital de Pronto-Socorro Jo\u00e3o XXIII. Uma crian\u00e7a de dois anos, que estava no Hospital Odilon Behrens (HBO), recebeu alta tamb\u00e9m na ter\u00e7a-feira (17). Em Montes Claros, cinco pessoas seguem internadas na Santa Casa, sendo tr\u00eas crian\u00e7as e dois adultos; e um paciente est\u00e1 no Hospital Universit\u00e1rio.<\/p>\n<p>Ma\u00edsa Barbosa dos Santos, tem 6 anos, e teve alta no dia 10, cinco dias ap\u00f3s o ataque. Ela n\u00e3o foi \u00e0 aula. \u201cEu sinto que a minha filha n\u00e3o est\u00e1 preparada, ela n\u00e3o est\u00e1 bem; ela inda fala que v\u00ea o tio jogando \u00e1gua nas crian\u00e7as e chora. Ela n\u00e3o entende que era \u00e1lcool. Neste restinho de ano, n\u00e3o vou lev\u00e1-la\u201d, disse a m\u00e3e, Joana D&#8217;arc Oliveira Santos.<\/p>\n<p><img decoding=\"async\" src=\"http:\/\/aconteceunovale.com.br\/portal\/wp-content\/uploads\/2017\/10\/volta_janauba_1.jpeg\" alt=\"\" \/><em>Alunos da creche incendiada agora estudam provisoriamente no pr\u00e9dio da Unidade de Atendimento Infanto-juvenil de Jana\u00faba (Foto: Divulga\u00e7\u00e3o\/Prefeitura de Jana\u00faba)<\/em><br \/>\n<\/br><\/p>\n<h4>Prepara\u00e7\u00e3o<\/h4>\n<p>Professores e profissionais da educa\u00e7\u00e3o passaram por uma prepara\u00e7\u00e3o de retorno \u00e0s aulas. Na segunda-feira (16), todos os profissionais da educa\u00e7\u00e3o tiveram um dia de reflex\u00e3o; um di\u00e1cono da igreja falou sobre a quest\u00e3o espiritual e, na sequ\u00eancia, uma psic\u00f3loga participou da atividade. \u201cEsta psic\u00f3loga nos orientou sobre o momento de luto, que temos de passar, sobre o medo e, acima de tudo, disse da import\u00e2ncia de falarmos a verdade para as crian\u00e7as\u201d, disse.<\/p>\n<p>Na ter\u00e7a-feira (17), a mesma psic\u00f3loga se reuniu somente com os profissionais da Creche Gente Inocente. \u201cFoi um momento de escuta, de ouvi-las, para avalia\u00e7\u00e3o no retorno. Neste mesmo dia, as professoras come\u00e7aram os trabalhos de ornamenta\u00e7\u00e3o e organiza\u00e7\u00e3o das voltas, que durou at\u00e9 a quarta-feira\u201d, completou.<\/p>\n<p>Na quarta, por volta das 17h, os pais foram conhecer as novas instala\u00e7\u00f5es. A promotora da inf\u00e2ncia e juventude participou da reuni\u00e3o. \u201cO MP est\u00e1 acompanhando todo o caso, inclusive a pedag\u00f3gica. Haver\u00e1 uma reuni\u00e3o entre a promotoria e as fam\u00edlias\u201d, concluiu.<\/p>\n<p><img decoding=\"async\" src=\"http:\/\/aconteceunovale.com.br\/portal\/wp-content\/uploads\/2017\/10\/volta_janauba_2.jpg\" alt=\"\" \/><em>Crian\u00e7as foram recebias em ambiente acolhedor (Foto: Eliane Santos\/G1)<\/em><br \/>\n<\/br><\/p>\n<p><img decoding=\"async\" src=\"http:\/\/aconteceunovale.com.br\/portal\/wp-content\/uploads\/2017\/10\/volta_janauba_3.jpg\" alt=\"\" \/><em>Professoras preparam espa\u00e7o para recep\u00e7\u00e3o de alunos (Foto: Eliane Santos\/G1)<\/em><br \/>\n<\/br><\/p>\n<p><img decoding=\"async\" src=\"http:\/\/aconteceunovale.com.br\/portal\/wp-content\/uploads\/2017\/10\/volta_janauba_4.jpg\" alt=\"\" \/><em>Pais foram recebidos na Unidade de Atendimento Infanto-juvenil de Jana\u00faba, na quarta-feira (18), para apresentar o local e a proposta de trabalho (Foto: Lilian Claudine\/G1)<\/em><br \/>\n<\/br><\/p>\n<h4>Reconstru\u00e7\u00e3o<\/h4>\n<p>A reconstru\u00e7\u00e3o da creche Gente Inocente ser\u00e1 financiada por um grupo de empres\u00e1rios de Jana\u00faba e Montes Claros e a previs\u00e3o de retomada das aulas no local \u00e9 no in\u00edcio de 2018.<\/p>\n<p><strong>VER PRIMEIRO<\/strong><\/p>\n<p>Receba as not\u00edcias do Aconteceu no Vale em primeira m\u00e3o. Clique em curtir no endere\u00e7o <a href=\"https:\/\/www.facebook.com\/aconteceunovale\" target=\"_blank\"><font color=\"red\">www.facebook.com\/aconteceunovale<\/font><\/a> ou no box abaixo:<\/p>\n<div class=\"fb-like\" data-href=\"https:\/\/www.facebook.com\/aconteceunovale\" data-width=\"120\" data-layout=\"standard\" data-action=\"like\" data-size=\"small\" data-show-faces=\"true\" data-share=\"true\"><\/div>\n<p><\/br><\/p>\n<p><em>(Fonte: G1 Grande Minas e Ag\u00eancia Brasil)<\/em><\/p>\n","protected":false},"excerpt":{"rendered":"<p>Os alunos da Creche Centro Municipal de Educa\u00e7\u00e3o Infantil Gente Inocente, incendiada pelo vigia Dami\u00e3o Soares dos Santos, retornaram \u00e0s aulas na manh\u00e3 desta quinta-feira (19\/10\/2017), ap\u00f3s 15 dias do ataque em Jana\u00faba. De acordo com a pedagoga do turno matutino, Eliane Santos, 26 crian\u00e7as compareceram ao novo pr\u00e9dio, no Bairro Veredas; cinco crian\u00e7as que [&hellip;]<\/p>\n","protected":false},"author":1,"featured_media":122978,"comment_status":"open","ping_status":"closed","sticky":false,"template":"","format":"standard","meta":{"amp_status":"","footnotes":""},"categories":[40238,1236],"tags":[161971,161694,161579,162118,162483,162482,161478,161573,161970,161780,139815,161582,161451,161695,161439,161598,161596,161717,161565,161446,161585,161600,161453,161470,161587,161580,161696,161578,161586,161452,68838,161444,161460,161459,161801,162119,161436,161778,161779,57912,161477,695,161576,204,161481,161480,161574,161961,161479,161484,162097,161503,161572,1168,93873,20181,161781,131,22390,19326,161476,161588,43720,34259,162182,162183,162184,161733,161456,161441,161443,161442,33341,161583,161584,33228,161715,161577,161455,161716,161571,161570,161483,161597,161440,161445,161438,161437,161482,162181,161575],"class_list":["post-122977","post","type-post","status-publish","format-standard","has-post-thumbnail","hentry","category-educacao-2","category-norte_de_minas","tag-16-vitimas-do-ataque-em-creche-de-janauba-permanecem-internadas","tag-23-pessoas-ja-receberam-alta-medica-e-24-continuam-internadas-apos-ataque-em-creche-de-janauba","tag-a-conduta-dela-foi-heroica","tag-a-vida-e-o-sonho-da-professora-heley-batista","tag-alunos-de-creche-incendiada-em-janauba-voltam-as-aulas","tag-alunos-de-creche-incendiada-em-janauba-voltam-as-aulas-nesta-quinta-feira","tag-ana-clara-ferreira-silva","tag-andrea-rodrigues-moncao","tag-apos-uma-semana","tag-ataque-a-creche","tag-bruno-fernandes-barbosa","tag-campanha-busca-ajudar-familiares-e-vitimas-do-ataque-em-creche-de-janauba","tag-carlos-isaildon-mendes","tag-cecilia-davina-goncalves-dias","tag-centro-municipal-de-educacao-infantil-gente-inocente","tag-chega-a-10-o-numero-de-mortes-apos-incendio-criminoso-em-creche-de-janauba","tag-creche","tag-creche-deve-receber-nome-da-professora","tag-creche-gente-inocente","tag-creche-gente-inocente-janauba","tag-creche-incendiada-por-vigia-em-janauba-nao-tinha-extintor-e-nem-alvara-corpo-de-bombeiros","tag-criancas-vitimas-de-tragedia-em-creche-deixam-hospital-em-janauba","tag-damiao-soares-dos-santos","tag-deputados-prestam-solidariedade-a-vitimas-de-janauba","tag-disse-vigia-antes-de-atear-fogo-em-creche","tag-diz-delegado-sobre-professora-que-morreu-apos-ataque-em-creche-de-janauba","tag-ela-era-a-alegria-de-todos-a-dor-da-familia-da-crianca-dada-por-morta-antes-da-hora-apos-ataque-em-janauba","tag-eliane-ramos-dias","tag-eu-vou-dar-picole-para-voces","tag-fernando-pimentel-vai-a-janauba-e-michel-temer-lamenta-tragedia-com-criancas","tag-fundajan","tag-gente-inocente","tag-governo-de-minas-decreta-luto-oficial-de-tres-dias-apos-tragedia-com-criancas-em-janauba","tag-governo-de-minas-decreta-luto-oficial-de-tres-dias-apos-tragedia-em-janauba","tag-governo-federal-libera-r-8-7-milhoes-para-acoes-de-apoio-a-tragedia-de-janauba","tag-heroina-do-ataque-a-creche-em-janauba","tag-homem-ateia-fogo-em-creche-e-mata-criancas-em-janauba","tag-hospitais-de-janauba-alertam-para-atrasos-em-repasses-financeiros","tag-hospitais-de-janauba-alertam-para-precariedade-financeira","tag-hospital-regional-de-janauba","tag-iml-divulga-nomes-das-quatro-criancas-mortas-em-creche-de-janauba","tag-incendio","tag-italo-raique-dos-anjos-dias","tag-janauba","tag-juan-miguel-soares-silva","tag-juan-pablo-cruz-dos-santos","tag-kaio-phierre-dos-santos","tag-leia-a-carta-que-o-papa-francisco-mandou-para-as-vitimas-do-incendio-criminoso-em-janauba","tag-luiz-davi-carlos-rodrigues","tag-mais-duas-criancas-e-professora-morrem-apos-ataque-em-creche-de-janauba","tag-mais-duas-criancas-vitimas-do-incendio-criminoso-em-creche-de-janauba-recebem-alta","tag-mais-uma-crianca-e-professora-morrem-apos-ataque-em-creche-de-janauba","tag-maria-rita-barbosa-souza","tag-mec","tag-mendonca-filho","tag-michel-temer","tag-michel-temer-determina-auxilio-aos-afetados-pelo-incendio-criminoso-em-creche-de-janauba","tag-minas-gerais","tag-ministerio-da-educacao","tag-ministerio-da-saude","tag-ministerio-publico-designa-promotores-de-justica-para-acompanhar-caso-de-incendio-criminoso-em-creche-de-janauba","tag-ministerio-publico-instaura-inqueritos-para-apurar-fatos-relacionados-a-tragedia-de-janauba","tag-ministro-da-educacao","tag-ministro-da-saude","tag-ministro-diz-que-mec-vai-acelerar-analise-de-projetos-para-janauba","tag-ministro-visita-a-creche-gente-inocente","tag-ministro-visita-a-creche-gente-inocente-e-diz-que-mec-vai-acelerar-analise-de-projetos-para-janauba","tag-morre-mais-uma-crianca-vitima-do-incendio-criminoso-em-creche-de-janauba","tag-morre-vigia-que-ateou-fogo-em-creche-e-matou-criancas-em-janauba","tag-morte-de-criancas-em-creche-de-janauba","tag-morte-de-criancas-em-janauba","tag-morte-de-criancas-no-centro-municipal-de-educacao-infantil-gente-inocente","tag-mortes","tag-multidao-acompanha-cortejo-de-professora-morta-no-ataque-em-creche-de-janauba","tag-multidao-se-despede-de-professora-morta-no-ataque-em-creche-de-janauba","tag-no-norte-de-minas","tag-ordem-nacional-do-merito","tag-patricia-dias-de-oliveira","tag-prefeitura-de-janauba-decreta-luto-oficial-de-sete-dias-apos-tragedia-com-criancas","tag-presidente-concede-ordem-nacional-do-merito-a-professora-que-morreu-apos-salvar-criancas-em-janauba","tag-rosangela-souza-barbosa","tag-sobe-para-nove-o-numero-de-mortos-apos-ataque-em-creche-de-janauba","tag-sobe-para-seis-o-numero-de-criancas-mortas-apos-ataque-em-creche-de-janauba","tag-talita-vitoria-bispo","tag-tragedia-centro-municipal-de-educacao-infantil-gente-inocente","tag-tragedia-creche-gente-inocente-janauba","tag-tragedia-em-creche-de-janauba","tag-tragedia-em-janauba","tag-vigia-premeditou-ataque-a-creche-e-trancou-portas-antes-de-atear-fogo","tag-visita-do-ministro-mendonca-filho","tag-weberty-kaique-dos-anjos-dias"],"_links":{"self":[{"href":"https:\/\/aconteceunovale.com.br\/portal\/index.php?rest_route=\/wp\/v2\/posts\/122977","targetHints":{"allow":["GET"]}}],"collection":[{"href":"https:\/\/aconteceunovale.com.br\/portal\/index.php?rest_route=\/wp\/v2\/posts"}],"about":[{"href":"https:\/\/aconteceunovale.com.br\/portal\/index.php?rest_route=\/wp\/v2\/types\/post"}],"author":[{"embeddable":true,"href":"https:\/\/aconteceunovale.com.br\/portal\/index.php?rest_route=\/wp\/v2\/users\/1"}],"replies":[{"embeddable":true,"href":"https:\/\/aconteceunovale.com.br\/portal\/index.php?rest_route=%2Fwp%2Fv2%2Fcomments&post=122977"}],"version-history":[{"count":0,"href":"https:\/\/aconteceunovale.com.br\/portal\/index.php?rest_route=\/wp\/v2\/posts\/122977\/revisions"}],"wp:featuredmedia":[{"embeddable":true,"href":"https:\/\/aconteceunovale.com.br\/portal\/index.php?rest_route=\/wp\/v2\/media\/122978"}],"wp:attachment":[{"href":"https:\/\/aconteceunovale.com.br\/portal\/index.php?rest_route=%2Fwp%2Fv2%2Fmedia&parent=122977"}],"wp:term":[{"taxonomy":"category","embeddable":true,"href":"https:\/\/aconteceunovale.com.br\/portal\/index.php?rest_route=%2Fwp%2Fv2%2Fcategories&post=122977"},{"taxonomy":"post_tag","embeddable":true,"href":"https:\/\/aconteceunovale.com.br\/portal\/index.php?rest_route=%2Fwp%2Fv2%2Ftags&post=122977"}],"curies":[{"name":"wp","href":"https:\/\/api.w.org\/{rel}","templated":true}]}}