{"id":122974,"date":"2017-10-19T12:21:42","date_gmt":"2017-10-19T14:21:42","guid":{"rendered":"http:\/\/aconteceunovale.com.br\/portal\/?p=122974"},"modified":"2017-10-19T12:21:42","modified_gmt":"2017-10-19T14:21:42","slug":"morre-em-montes-claros-o-padre-espanhol-henrique-munaiz-puig","status":"publish","type":"post","link":"https:\/\/aconteceunovale.com.br\/portal\/?p=122974","title":{"rendered":"Morre em Montes Claros o padre espanhol Henrique Mun\u00e1iz Puig"},"content":{"rendered":"<p>Morreu na manh\u00e3 desta quinta-feira (19\/10\/2017), aos 86 anos, o padre espanhol Henrique Mun\u00e1iz Puig. O motivo da morte foi Leucemia Miel\u00f3ide aguda. O religioso nasceu em 25 de dezembro de 1930 na cidade espanhola de Pontevedra, na regi\u00e3o de Gal\u00edcia. Foi para o Norte de Minas em meados de 1965 e se dedicava a sua miss\u00e3o presbiteral, o compromisso social. Ele sempre se preocupava em realizar boas a\u00e7\u00f5es em Montes Claros.<\/p>\n<p>O sacerdote j\u00e1 foi homenageado com a Medalha Ivan Jos\u00e9 Lopes, maior honraria da cidade, conferida \u00e0 personalidades que contribuem de alguma forma para a constru\u00e7\u00e3o e desenvolvimento do Munic\u00edpio.<\/p>\n<p>Ele tamb\u00e9m foi agraciado com a Medalha de Honra ao M\u00e9rito na Gest\u00e3o \u2018Ant\u00f4nio Lafet\u00e1 Rebello\u2019, que \u00e9 concedida pelo Munic\u00edpio de Montes Claros em homenagem a homens e mulheres que dedicaram parte do seu trabalho para a cidade ou que transformaram suas atividades profissionais em extens\u00e3o da dedica\u00e7\u00e3o e do amor que sentem pela cidade.<\/p>\n<p>Recebeu ainda o t\u00edtulo de Cidad\u00e3o de Montes Claros, na gest\u00e3o do prefeito Moacir Lopes, a Medalha da Inconfid\u00eancia, na gest\u00e3o do governador Aureliano Chaves, e a Medalha de Honra da Inconfid\u00eancia, na gest\u00e3o do governador Ant\u00f4nio Anastasia.<\/p>\n<p><img decoding=\"async\" src=\"http:\/\/aconteceunovale.com.br\/portal\/wp-content\/uploads\/2017\/10\/padre_espanhol_moc.jpeg\" alt=\"\" \/><em>Padre Henrique Mun\u00e1iz tinha 86 anos (Foto: Arquidiocese de Montes Claros\/Divulga\u00e7\u00e3o)<\/em><br \/>\n<\/br><\/p>\n<h4>Trabalho Solid\u00e1rio<\/h4>\n<p>O sacerdote tinha sonho de proporcionar \u00e0 crian\u00e7as e jovens carentes de Montes Claros uma educa\u00e7\u00e3o de qualidade, e desenvolveu no Bairro Cintra o Col\u00e9gio S\u00e3o Luiz S\u00e3o Gonzaga; s\u00e3o cerca de 90 crian\u00e7as que recebem educa\u00e7\u00e3o b\u00e1sica e 90 jovens e adultos que t\u00eam acesso \u00e0 educa\u00e7\u00e3o para jovens e adultos (EJA).<\/p>\n<p>Ainda na unidade, ele instalou o projeto Nossa Senhora das Dores, com a\u00e7\u00f5es de acolhimento a jovens com problemas com \u00e1lcool e outras drogas, proporcionando apoio psicol\u00f3gico e atividades que ajudam a melhorar a autoestima. O projeto fez 25 anos em 2016 e assiste, atualmente, cerca de 200 adolescentes e seus familiares. No total, mais de mil pessoas foram acolhidas.<\/p>\n<p>Al\u00e9m desta obra social, o P\u00e1roco construiu algo semelhante no Bairro Carmelo, o Centro Educacional Ap\u00f3stolo Santiago, oferecendo educa\u00e7\u00e3o do primeiro ao quinto ano do ensino fundamental. Diariamente, estudam 85 alunos da regi\u00e3o.<\/p>\n<h4>Trabalho Mission\u00e1rio<\/h4>\n<p>Atrav\u00e9s de seus esfor\u00e7os, o Pe. Henrique fundou a igreja de nossa senhora da consola\u00e7\u00e3o, no Bairro Cintra, a igreja de Santa Rita, no Bairro Santa Rita, Igreja de Nossa Senhora de Lourdes, no Bairro de Lourdes e a igreja de Nossa Senhora de F\u00e1tima, no Bairro Delfino Magalh\u00e3es. Ele tamb\u00e9m colaborou com a funda\u00e7\u00e3o das ordens religiosas das Irm\u00e3s Carmelitas e das Irm\u00e3s Filhas de Jesus. Padre Henrique inaugurou em 2015 a capela Ap\u00f3stolo Santiago; a constru\u00e7\u00e3o \u00e9 uma homenagem aos 50 anos de trabalho do P\u00e1roco em Montes Claros.<\/p>\n<h4>Vel\u00f3rio<\/h4>\n<p>O corpo ser\u00e1 velado das 15h \u00e0s 18h30 na Igreja Matriz de Nossa Senhora da Consola\u00e7\u00e3o \u2013 Bairro Cintra; em seguida Missa. Em seguida, o corpo ser\u00e1 trasladado para o Centro Educacional Ap\u00f3stolo S\u00e3o Tiago O Maior<\/p>\n<p>O sepultamento e missa ser\u00e1 na sexta-feira (20); na parte da manh\u00e3, no Carmelo Maria M\u00e3e da Igreja e Paulo VI, ter\u00e1 missa de corpo presente e em seguida sepultamento &#8211; hor\u00e1rio a ser definido.<\/p>\n<p><strong>VER PRIMEIRO<\/strong><\/p>\n<p>Receba as not\u00edcias do Aconteceu no Vale em primeira m\u00e3o. Clique em curtir no endere\u00e7o <a href=\"https:\/\/www.facebook.com\/aconteceunovale\" target=\"_blank\"><font color=\"red\">www.facebook.com\/aconteceunovale<\/font><\/a> ou no box abaixo:<\/p>\n<div class=\"fb-like\" data-href=\"https:\/\/www.facebook.com\/aconteceunovale\" data-width=\"120\" data-layout=\"standard\" data-action=\"like\" data-size=\"small\" data-show-faces=\"true\" data-share=\"true\"><\/div>\n<p><\/br><\/p>\n<p><em>(Fonte: G1 Grande Minas)<\/em><\/p>\n","protected":false},"excerpt":{"rendered":"<p>Morreu na manh\u00e3 desta quinta-feira (19\/10\/2017), aos 86 anos, o padre espanhol Henrique Mun\u00e1iz Puig. O motivo da morte foi Leucemia Miel\u00f3ide aguda. O religioso nasceu em 25 de dezembro de 1930 na cidade espanhola de Pontevedra, na regi\u00e3o de Gal\u00edcia. Foi para o Norte de Minas em meados de 1965 e se dedicava a [&hellip;]<\/p>\n","protected":false},"author":1,"featured_media":122975,"comment_status":"open","ping_status":"closed","sticky":false,"template":"","format":"standard","meta":{"amp_status":"","footnotes":""},"categories":[28848,1236],"tags":[42690,1018,162472,162476,162475,210,162481,162480,162479,162478,162474,162473,162477],"class_list":{"0":"post-122974","1":"post","2":"type-post","3":"status-publish","4":"format-standard","5":"has-post-thumbnail","6":"hentry","7":"category-mundo","8":"category-norte_de_minas","9":"tag-arquidiocese-de-montes-claros","10":"tag-destaque","11":"tag-henrique-munaiz-puig","12":"tag-leucemia-mieloide","13":"tag-leucemia-mieloide-aguda","14":"tag-montes-claros","16":"tag-padre-da-arquidiocese-de-montes-claros","17":"tag-padre-de-montes-claros","18":"tag-padre-de-pontevedra","20":"tag-padre-henrique-munaiz-puig","21":"tag-pontevedra"},"_links":{"self":[{"href":"https:\/\/aconteceunovale.com.br\/portal\/index.php?rest_route=\/wp\/v2\/posts\/122974","targetHints":{"allow":["GET"]}}],"collection":[{"href":"https:\/\/aconteceunovale.com.br\/portal\/index.php?rest_route=\/wp\/v2\/posts"}],"about":[{"href":"https:\/\/aconteceunovale.com.br\/portal\/index.php?rest_route=\/wp\/v2\/types\/post"}],"author":[{"embeddable":true,"href":"https:\/\/aconteceunovale.com.br\/portal\/index.php?rest_route=\/wp\/v2\/users\/1"}],"replies":[{"embeddable":true,"href":"https:\/\/aconteceunovale.com.br\/portal\/index.php?rest_route=%2Fwp%2Fv2%2Fcomments&post=122974"}],"version-history":[{"count":0,"href":"https:\/\/aconteceunovale.com.br\/portal\/index.php?rest_route=\/wp\/v2\/posts\/122974\/revisions"}],"wp:featuredmedia":[{"embeddable":true,"href":"https:\/\/aconteceunovale.com.br\/portal\/index.php?rest_route=\/wp\/v2\/media\/122975"}],"wp:attachment":[{"href":"https:\/\/aconteceunovale.com.br\/portal\/index.php?rest_route=%2Fwp%2Fv2%2Fmedia&parent=122974"}],"wp:term":[{"taxonomy":"category","embeddable":true,"href":"https:\/\/aconteceunovale.com.br\/portal\/index.php?rest_route=%2Fwp%2Fv2%2Fcategories&post=122974"},{"taxonomy":"post_tag","embeddable":true,"href":"https:\/\/aconteceunovale.com.br\/portal\/index.php?rest_route=%2Fwp%2Fv2%2Ftags&post=122974"}],"curies":[{"name":"wp","href":"https:\/\/api.w.org\/{rel}","templated":true}]}}