{"id":122935,"date":"2017-10-18T21:02:32","date_gmt":"2017-10-18T23:02:32","guid":{"rendered":"http:\/\/aconteceunovale.com.br\/portal\/?p=122935"},"modified":"2017-10-18T21:02:32","modified_gmt":"2017-10-18T23:02:32","slug":"maria-da-penha-pede-veto-de-michel-temer-a-mudancas-na-lei-que-leva-seu-nome","status":"publish","type":"post","link":"https:\/\/aconteceunovale.com.br\/portal\/?p=122935","title":{"rendered":"Maria da Penha pede veto de Michel Temer a mudan\u00e7as na lei que leva seu nome"},"content":{"rendered":"<p>A farmac\u00eautica Maria da Penha, que d\u00e1 nome \u00e0 lei que pune viol\u00eancia dom\u00e9stica e familiar, criticou o Projeto de Lei da C\u00e2mara (PLC) 07\/2016, que altera a norma, e pediu que o presidente Michel Temer vete as mudan\u00e7as. Aprovado no Senado na semana passada, a proposta aguarda san\u00e7\u00e3o presidencial.<\/p>\n<p>Maria da Penha alerta que as altera\u00e7\u00f5es propostas pelo deputado Sergio Vidigal (PDT-ES) podem ter sua constitucionalidade questionada e provocar um retrocesso no combate \u00e0 viol\u00eancia contra a mulher. \u201cMudan\u00e7as casu\u00edsticas na lei Maria da Penha colocam em risco uma proposta que foi constru\u00edda com o ac\u00famulo das lutas dos movimentos de mulheres h\u00e1 mais de 40 anos e com minha pr\u00f3pria hist\u00f3ria de vida. Por isso, eu pe\u00e7o, senhor Presidente Michel Temer, n\u00e3o sancione o PLC 07\/2016\u201d, afirma a ativista, em nota.<\/p>\n<p>O PLC 07\/2016 permite ao delegado de pol\u00edcia conceder medidas protetivas de urg\u00eancia \u00e0s mulheres que sofreram viol\u00eancia e a seus dependentes, uma prerrogativa que hoje \u00e9 exclusiva dos ju\u00edzes. A autoridade policial dever\u00e1 comunicar a decis\u00e3o ao juiz e tamb\u00e9m consultar o Minist\u00e9rio P\u00fablico em at\u00e9 24 horas, de acordo com a proposta, para definir pela manuten\u00e7\u00e3o da decis\u00e3o.<\/p>\n<p>Entre as medidas que podem ser aplicadas em caso de viol\u00eancia, est\u00e3o a proibi\u00e7\u00e3o de o agressor manter contato ou se aproximar da v\u00edtima, de seus familiares e das testemunhas, vetando-o de frequentar determinados lugares a fim de preservar a integridade f\u00edsica e psicol\u00f3gica da agredida, e o encaminhamento da mulher \u00e0 rede de apoio \u00e0s v\u00edtimas de viol\u00eancia.<\/p>\n<p>\u201cQue sejam destinados mais recursos or\u00e7ament\u00e1rios para as pol\u00edticas de enfrentamento \u00e0 viol\u00eancia dom\u00e9stica e familiar, que profissionais do sistema de Justi\u00e7a sejam capacitados, que as medidas protetivas sejam garantidas sem entraves burocr\u00e1ticos e efetivadas pol\u00edticas de preven\u00e7\u00e3o e assist\u00eancia especialmente \u00e0s mulheres negras e pobres e \u00e0quelas que se encontram em situa\u00e7\u00e3o de maior vulnerabilidade social\u201d, sugere Maria da Penha.<\/p>\n<p><img decoding=\"async\" src=\"http:\/\/aconteceunovale.com.br\/portal\/wp-content\/uploads\/2017\/10\/maria_da_penha.jpg\" alt=\"\" \/><em>Maria da Penha \u00e9 s\u00edmbolo do combate \u00e0 viol\u00eancia dom\u00e9stica (Marcelo Camargo\/Ag\u00eancia Brasil)<\/em><br \/>\n<\/br><\/p>\n<p><strong>Entidades<\/strong><\/p>\n<p>A rejei\u00e7\u00e3o \u00e0s mudan\u00e7as na lei tamb\u00e9m \u00e9 defendida por organiza\u00e7\u00f5es de defesa da mulher. \u201cN\u00f3s, mulheres que trabalhamos na proposta original, quer\u00edamos realmente garantir \u00e0s mulheres o acesso \u00e0 Justi\u00e7a, que \u00e9 uma garantia prevista n\u00e3o apenas na Constitui\u00e7\u00e3o, mas especificamente no caso das mulheres, em conven\u00e7\u00f5es internacionais das Na\u00e7\u00f5es Unidas e da Organiza\u00e7\u00e3o dos Estados Americanos [OEA]\u201d, explica Leila Linhares Barsted, diretora da ONG CEPIA \u2013 Cidadania, Estudo, Pesquisa, Informa\u00e7\u00e3o e A\u00e7\u00e3o e uma das redatoras do texto da Lei Maria da Penha.<\/p>\n<p>J\u00e1 a Associa\u00e7\u00e3o Nacional dos Membros do Minist\u00e9rio P\u00fablico (Conamp) alerta que a altera\u00e7\u00e3o na Lei Maria da Penha \u00e9 ilegal. A associa\u00e7\u00e3o aponta que a decis\u00e3o por medidas protetivas de urg\u00eancia \u201c\u00e9 uma grave inger\u00eancia nos direitos fundamentais do investigado\u201d.<\/p>\n<p><strong>VER PRIMEIRO<\/strong><\/p>\n<p>Receba as not\u00edcias do Aconteceu no Vale em primeira m\u00e3o. Clique em curtir no endere\u00e7o <a href=\"https:\/\/www.facebook.com\/aconteceunovale\" target=\"_blank\"><font color=\"red\">www.facebook.com\/aconteceunovale<\/font><\/a> ou no box abaixo:<\/p>\n<div class=\"fb-like\" data-href=\"https:\/\/www.facebook.com\/aconteceunovale\" data-width=\"120\" data-layout=\"standard\" data-action=\"like\" data-size=\"small\" data-show-faces=\"true\" data-share=\"true\"><\/div>\n<p><\/br><\/p>\n<p><em>(Fonte: Ag\u00eancia Brasil)<\/em><\/p>\n","protected":false},"excerpt":{"rendered":"<p>A farmac\u00eautica Maria da Penha, que d\u00e1 nome \u00e0 lei que pune viol\u00eancia dom\u00e9stica e familiar, criticou o Projeto de Lei da C\u00e2mara (PLC) 07\/2016, que altera a norma, e pediu que o presidente Michel Temer vete as mudan\u00e7as. Aprovado no Senado na semana passada, a proposta aguarda san\u00e7\u00e3o presidencial. Maria da Penha alerta que [&hellip;]<\/p>\n","protected":false},"author":1,"featured_media":122936,"comment_status":"open","ping_status":"closed","sticky":false,"template":"","format":"standard","meta":{"amp_status":"","footnotes":""},"categories":[6],"tags":[162423,162417,30158,162416,30609,162415,162419,162421,162420,162422,162414,162418,162413,81582],"class_list":["post-122935","post","type-post","status-publish","format-standard","has-post-thumbnail","hentry","category-br","tag-alteracao-lei-maria-da-penha","tag-diretora-da-ong-cepia","tag-lei-maria-da-penha","tag-leila-linhares-barsted","tag-maria-da-penha","tag-maria-da-penha-alerta","tag-maria-da-penha-e-simbolo-do-combate-a-violencia-domestica","tag-maria-da-penha-maia-fernandes","tag-maria-da-penha-pede-veto-de-michel-temer-a-mudancas-na-lei-que-leva-seu-nome","tag-mudanca-lei-maria-da-penha","tag-mulher-que-deu-nome-a-lei-maria-da-penha","tag-plc-072016","tag-quem-e-maria-da-penha","tag-violencia-domestica"],"_links":{"self":[{"href":"https:\/\/aconteceunovale.com.br\/portal\/index.php?rest_route=\/wp\/v2\/posts\/122935","targetHints":{"allow":["GET"]}}],"collection":[{"href":"https:\/\/aconteceunovale.com.br\/portal\/index.php?rest_route=\/wp\/v2\/posts"}],"about":[{"href":"https:\/\/aconteceunovale.com.br\/portal\/index.php?rest_route=\/wp\/v2\/types\/post"}],"author":[{"embeddable":true,"href":"https:\/\/aconteceunovale.com.br\/portal\/index.php?rest_route=\/wp\/v2\/users\/1"}],"replies":[{"embeddable":true,"href":"https:\/\/aconteceunovale.com.br\/portal\/index.php?rest_route=%2Fwp%2Fv2%2Fcomments&post=122935"}],"version-history":[{"count":0,"href":"https:\/\/aconteceunovale.com.br\/portal\/index.php?rest_route=\/wp\/v2\/posts\/122935\/revisions"}],"wp:featuredmedia":[{"embeddable":true,"href":"https:\/\/aconteceunovale.com.br\/portal\/index.php?rest_route=\/wp\/v2\/media\/122936"}],"wp:attachment":[{"href":"https:\/\/aconteceunovale.com.br\/portal\/index.php?rest_route=%2Fwp%2Fv2%2Fmedia&parent=122935"}],"wp:term":[{"taxonomy":"category","embeddable":true,"href":"https:\/\/aconteceunovale.com.br\/portal\/index.php?rest_route=%2Fwp%2Fv2%2Fcategories&post=122935"},{"taxonomy":"post_tag","embeddable":true,"href":"https:\/\/aconteceunovale.com.br\/portal\/index.php?rest_route=%2Fwp%2Fv2%2Ftags&post=122935"}],"curies":[{"name":"wp","href":"https:\/\/api.w.org\/{rel}","templated":true}]}}