{"id":12289,"date":"2013-10-16T19:29:33","date_gmt":"2013-10-16T19:29:33","guid":{"rendered":"http:\/\/aconteceunovale.com.br\/portal\/?p=12289"},"modified":"2013-10-16T19:29:33","modified_gmt":"2013-10-16T19:29:33","slug":"homem-e-morto-enquanto-tomava-sorvete-em-governador-valadares","status":"publish","type":"post","link":"https:\/\/aconteceunovale.com.br\/portal\/?p=12289","title":{"rendered":"Homem \u00e9 morto enquanto tomava sorvete em Governador Valadares"},"content":{"rendered":"<p>A pol\u00edcia investiga a morte de um homem de 50 anos assassinado a tiros na manh\u00e3 desta quarta-feira (16), em Governador Valadares, no Leste de Minas Gerais.<\/p>\n<p>De acordo com informa\u00e7\u00f5es da Pol\u00edcia Militar, a v\u00edtima foi morta enquanto tomava um sorvete em uma mercearia, que fica na Rua Carlos Chagas, no Bairro Altin\u00f3polis.<\/p>\n<p>Ainda segundo a pol\u00edcia, a v\u00edtima j\u00e1 tem 12 passagens pela pol\u00edcia e saiu recentemente da pris\u00e3o. Ele era suspeito de ter assassinado o cunhado.<\/p>\n<p>\u201cQuando chegamos ao local a v\u00edtima estava ca\u00edda no ch\u00e3o pr\u00f3ximo a uma mesa. Ainda n\u00e3o temos informa\u00e7\u00f5es sobre poss\u00edveis autores do crime, mas apuramos que ele era suspeito de ter matado o cunhado h\u00e1 aproximadamente 4 meses, e por isso ele estava preso, mas havia sido solto recentemente\u201d, diz o sargento Luciano Rodrigues da Silva.<\/p>\n<p>Fonte: G1\/PM<\/p>\n","protected":false},"excerpt":{"rendered":"<p>A pol\u00edcia investiga a morte de um homem de 50 anos assassinado a tiros na manh\u00e3 desta quarta-feira (16), em Governador Valadares, no Leste de Minas Gerais. De acordo com informa\u00e7\u00f5es da Pol\u00edcia Militar, a v\u00edtima foi morta enquanto tomava um sorvete em uma mercearia, que fica na Rua Carlos Chagas, no Bairro Altin\u00f3polis. Ainda [&hellip;]<\/p>\n","protected":false},"author":1,"featured_media":12290,"comment_status":"open","ping_status":"open","sticky":false,"template":"","format":"standard","meta":{"amp_status":"","footnotes":""},"categories":[121],"tags":[247],"class_list":["post-12289","post","type-post","status-publish","format-standard","has-post-thumbnail","hentry","category-leste","tag-governador-valadares"],"_links":{"self":[{"href":"https:\/\/aconteceunovale.com.br\/portal\/index.php?rest_route=\/wp\/v2\/posts\/12289","targetHints":{"allow":["GET"]}}],"collection":[{"href":"https:\/\/aconteceunovale.com.br\/portal\/index.php?rest_route=\/wp\/v2\/posts"}],"about":[{"href":"https:\/\/aconteceunovale.com.br\/portal\/index.php?rest_route=\/wp\/v2\/types\/post"}],"author":[{"embeddable":true,"href":"https:\/\/aconteceunovale.com.br\/portal\/index.php?rest_route=\/wp\/v2\/users\/1"}],"replies":[{"embeddable":true,"href":"https:\/\/aconteceunovale.com.br\/portal\/index.php?rest_route=%2Fwp%2Fv2%2Fcomments&post=12289"}],"version-history":[{"count":0,"href":"https:\/\/aconteceunovale.com.br\/portal\/index.php?rest_route=\/wp\/v2\/posts\/12289\/revisions"}],"wp:featuredmedia":[{"embeddable":true,"href":"https:\/\/aconteceunovale.com.br\/portal\/index.php?rest_route=\/wp\/v2\/media\/12290"}],"wp:attachment":[{"href":"https:\/\/aconteceunovale.com.br\/portal\/index.php?rest_route=%2Fwp%2Fv2%2Fmedia&parent=12289"}],"wp:term":[{"taxonomy":"category","embeddable":true,"href":"https:\/\/aconteceunovale.com.br\/portal\/index.php?rest_route=%2Fwp%2Fv2%2Fcategories&post=12289"},{"taxonomy":"post_tag","embeddable":true,"href":"https:\/\/aconteceunovale.com.br\/portal\/index.php?rest_route=%2Fwp%2Fv2%2Ftags&post=12289"}],"curies":[{"name":"wp","href":"https:\/\/api.w.org\/{rel}","templated":true}]}}