{"id":122885,"date":"2017-10-17T22:34:37","date_gmt":"2017-10-18T00:34:37","guid":{"rendered":"http:\/\/aconteceunovale.com.br\/portal\/?p=122885"},"modified":"2017-10-17T22:34:37","modified_gmt":"2017-10-18T00:34:37","slug":"criminosos-fortemente-armados-explodem-carro-forte-na-br-251-no-norte-de-minas","status":"publish","type":"post","link":"https:\/\/aconteceunovale.com.br\/portal\/?p=122885","title":{"rendered":"Criminosos fortemente armados explodem carro-forte na BR-251, no Norte de Minas"},"content":{"rendered":"<p>Bandidos explodiram um carro-forte na tarde desta ter\u00e7a-feira (17\/10\/2017), na BR-251, perto do distrito de Vale das Cancelas, munic\u00edpio de Gr\u00e3o Mogol, no Norte de Minas Gerais. As primeiras informa\u00e7\u00f5es d\u00e3o conta de que pelo menos cinco indiv\u00edduos bloquearam a rodovia e interceptaram o ve\u00edculo utilizado no transporte de valores que seguia no sentido Salinas.<\/p>\n<p>Os bandidos, fortemente armados e com muita viol\u00eancia, renderam os seguran\u00e7as, que desceram do carro-forte e foram desarmados. Testemunhas ainda contaram que eles se esconderam no mato, enquanto os assaltantes explodiram o ve\u00edculo e roubaram os malotes com os valores. <\/p>\n<p>Ainda n\u00e3o se sabe quanto foi levado do carro-forte. Segundo a pol\u00edcia, os quatro seguran\u00e7as, que estavam no ve\u00edculo, foram encontrados j\u00e1 na noite desta ter\u00e7a. Eles alegaram que foram obrigados a deixar o carro e fugir para um matagal.<\/p>\n<p>As informa\u00e7\u00f5es iniciais apontam ainda que os suspeitos fugiram em dire\u00e7\u00e3o \u00e0 cidade de Montes Claros, em um carro de cor clara. Durante rastreamentos, um ve\u00edculo queimado, possivelmente usado pelos criminosos, foi encontrado a cerca de dois quil\u00f4metros da comunidade de Bocaina. Os autores evadiram em outro carro \u00e9 s\u00e3o procurados. <\/p>\n<p>Um colete a prova de balas e um suporte para arma foram encontrados no ve\u00edculo incendiado. O ve\u00edculo possu\u00eda uma chapa de a\u00e7o na parte traseira com tr\u00eas buracos, que para a pol\u00edcia, s\u00e3o utilizados para colocar armamento de grosso calibre.<\/p>\n<p><strong>V\u00eddeo:<\/strong><\/p>\n<p><iframe loading=\"lazy\" width=\"640\" height=\"360\" src=\"https:\/\/www.youtube.com\/embed\/LL0mWZLev8A\" frameborder=\"0\" allowfullscreen><\/iframe><br \/>\n<\/br><\/p>\n<p><strong>Fotos:<\/strong><\/p>\n<p><img decoding=\"async\" src=\"http:\/\/aconteceunovale.com.br\/portal\/wp-content\/uploads\/2017\/10\/explosao_carro_forte_nm_1.png\" alt=\"\" \/><\/p>\n<p><img decoding=\"async\" src=\"http:\/\/aconteceunovale.com.br\/portal\/wp-content\/uploads\/2017\/10\/explosao_carro_forte_nm_2.png\" alt=\"\" \/><\/p>\n<p><img decoding=\"async\" src=\"http:\/\/aconteceunovale.com.br\/portal\/wp-content\/uploads\/2017\/10\/explosao_carro_forte_nm_3.png\" alt=\"\" \/><\/p>\n<p><img decoding=\"async\" src=\"http:\/\/aconteceunovale.com.br\/portal\/wp-content\/uploads\/2017\/10\/explosao_carro_forte_nm_4.jpg\" alt=\"\" \/><\/p>\n<p><img decoding=\"async\" src=\"http:\/\/aconteceunovale.com.br\/portal\/wp-content\/uploads\/2017\/10\/explosao_carro_forte_nm_5.jpg\" alt=\"\" \/><\/p>\n<p><img decoding=\"async\" src=\"http:\/\/aconteceunovale.com.br\/portal\/wp-content\/uploads\/2017\/10\/explosao_carro_forte_nm_6.jpg\" alt=\"\" \/><\/p>\n<p><img decoding=\"async\" src=\"http:\/\/aconteceunovale.com.br\/portal\/wp-content\/uploads\/2017\/10\/explosao_carro_forte_nm_7.jpg\" alt=\"\" \/><\/p>\n<p><img decoding=\"async\" src=\"http:\/\/aconteceunovale.com.br\/portal\/wp-content\/uploads\/2017\/10\/explosao_carro_forte_nm_8.jpg\" alt=\"\" \/><\/p>\n<p><img decoding=\"async\" src=\"http:\/\/aconteceunovale.com.br\/portal\/wp-content\/uploads\/2017\/10\/explosao_carro_forte_nm_9.jpg\" alt=\"\" \/><\/p>\n<p><img decoding=\"async\" src=\"http:\/\/aconteceunovale.com.br\/portal\/wp-content\/uploads\/2017\/10\/explosao_carro_forte_nm_10.jpg\" alt=\"\" \/><br \/>\n<\/br><\/p>\n<p><strong>VER PRIMEIRO<\/strong><\/p>\n<p>Receba as not\u00edcias do Aconteceu no Vale em primeira m\u00e3o. Clique em curtir no endere\u00e7o <a href=\"https:\/\/www.facebook.com\/aconteceunovale\" target=\"_blank\"><font color=\"red\">www.facebook.com\/aconteceunovale<\/font><\/a> ou no box abaixo:<\/p>\n<div class=\"fb-like\" data-href=\"https:\/\/www.facebook.com\/aconteceunovale\" data-width=\"120\" data-layout=\"standard\" data-action=\"like\" data-size=\"small\" data-show-faces=\"true\" data-share=\"true\"><\/div>\n<p><\/br><\/p>\n<p><em>(Com informa\u00e7\u00f5es do G1, Estado de Minas, Hoje em Dia e PM \/ Imagens: Divulga\u00e7\u00e3o PM)<\/em><\/p>\n","protected":false},"excerpt":{"rendered":"<p>Bandidos explodiram um carro-forte na tarde desta ter\u00e7a-feira (17\/10\/2017), na BR-251, perto do distrito de Vale das Cancelas, munic\u00edpio de Gr\u00e3o Mogol, no Norte de Minas Gerais. As primeiras informa\u00e7\u00f5es d\u00e3o conta de que pelo menos cinco indiv\u00edduos bloquearam a rodovia e interceptaram o ve\u00edculo utilizado no transporte de valores que seguia no sentido Salinas. [&hellip;]<\/p>\n","protected":false},"author":1,"featured_media":122886,"comment_status":"open","ping_status":"closed","sticky":false,"template":"","format":"standard","meta":{"amp_status":"","footnotes":""},"categories":[1236],"tags":[162318,162323,162315,162320,162314,162319,162313,1018,162321,162316,1153,210,33228,162317,162322,73056],"class_list":["post-122885","post","type-post","status-publish","format-standard","has-post-thumbnail","hentry","category-norte_de_minas","tag-assalto-carro-forte-na-br-251","tag-assalto-carro-forte-no-norte-de-minas","tag-ataque-carro-forte-na-br-251","tag-ataque-carro-forte-no-norte-de-minas","tag-carro-forte-na-br-251","tag-carro-forte-no-norte-de-minas","tag-criminosos-fortemente-armados-explodem-carro-forte-na-br-251","tag-destaque","tag-explosao-carro-forte-no-norte-de-minas","tag-explosao-de-carro-forte-na-br-251","tag-grao-mogol","tag-montes-claros","tag-no-norte-de-minas","tag-roubo-carro-forte-na-br-251","tag-roubo-carro-forte-no-norte-de-minas","tag-vale-das-cancelas"],"_links":{"self":[{"href":"https:\/\/aconteceunovale.com.br\/portal\/index.php?rest_route=\/wp\/v2\/posts\/122885","targetHints":{"allow":["GET"]}}],"collection":[{"href":"https:\/\/aconteceunovale.com.br\/portal\/index.php?rest_route=\/wp\/v2\/posts"}],"about":[{"href":"https:\/\/aconteceunovale.com.br\/portal\/index.php?rest_route=\/wp\/v2\/types\/post"}],"author":[{"embeddable":true,"href":"https:\/\/aconteceunovale.com.br\/portal\/index.php?rest_route=\/wp\/v2\/users\/1"}],"replies":[{"embeddable":true,"href":"https:\/\/aconteceunovale.com.br\/portal\/index.php?rest_route=%2Fwp%2Fv2%2Fcomments&post=122885"}],"version-history":[{"count":0,"href":"https:\/\/aconteceunovale.com.br\/portal\/index.php?rest_route=\/wp\/v2\/posts\/122885\/revisions"}],"wp:featuredmedia":[{"embeddable":true,"href":"https:\/\/aconteceunovale.com.br\/portal\/index.php?rest_route=\/wp\/v2\/media\/122886"}],"wp:attachment":[{"href":"https:\/\/aconteceunovale.com.br\/portal\/index.php?rest_route=%2Fwp%2Fv2%2Fmedia&parent=122885"}],"wp:term":[{"taxonomy":"category","embeddable":true,"href":"https:\/\/aconteceunovale.com.br\/portal\/index.php?rest_route=%2Fwp%2Fv2%2Fcategories&post=122885"},{"taxonomy":"post_tag","embeddable":true,"href":"https:\/\/aconteceunovale.com.br\/portal\/index.php?rest_route=%2Fwp%2Fv2%2Ftags&post=122885"}],"curies":[{"name":"wp","href":"https:\/\/api.w.org\/{rel}","templated":true}]}}