{"id":122882,"date":"2017-10-17T21:44:05","date_gmt":"2017-10-17T23:44:05","guid":{"rendered":"http:\/\/aconteceunovale.com.br\/portal\/?p=122882"},"modified":"2017-10-17T21:44:05","modified_gmt":"2017-10-17T23:44:05","slug":"confira-como-votaram-os-senadores-na-sessao-que-devolveu-mandato-a-aecio-neves","status":"publish","type":"post","link":"https:\/\/aconteceunovale.com.br\/portal\/?p=122882","title":{"rendered":"Confira como votaram os senadores na sess\u00e3o que devolveu mandato a A\u00e9cio Neves"},"content":{"rendered":"<p>O plen\u00e1rio do Senado decidiu reverter a decis\u00e3o da Primeira Turma do Supremo Tribunal Federal (STF) e, com isso, p\u00f4s fim ao afastamento parlamentar do senador A\u00e9cio Neves (PSDB-MG), que havia sido imposto pelos ministros da Corte no \u00faltimo dia 26.<\/p>\n<p>Com os votos de 44 senadores contra a manuten\u00e7\u00e3o das medidas cautelares e de 26 favor\u00e1veis, os parlamentares impediram o afastamento de A\u00e9cio, o seu recolhimento domiciliar noturno e reverteram a obriga\u00e7\u00e3o de entregar o passaporte. N\u00e3o foram registradas absten\u00e7\u00f5es.<\/p>\n<p>A vota\u00e7\u00e3o ocorre ap\u00f3s a maioria dos ministros do STF decidir, na semana passada, que o tribunal n\u00e3o pode afastar parlamentares por meio de medidas cautelares sem o aval do Congresso Nacional. No fim de setembro, a Primeira Turma da Corte havia decidido, por 3 votos a 2, afastar A\u00e9cio do exerc\u00edcio do mandato ao analisar pedido da Procuradoria-Geral da Rep\u00fablica (PGR) no inqu\u00e9rito em que o tucano foi denunciado por corrup\u00e7\u00e3o passiva e obstru\u00e7\u00e3o de Justi\u00e7a, com base nas dela\u00e7\u00f5es premiadas dos executivos da J&#038;F.<\/p>\n<h4>Confira como votaram os senadores:<\/h4>\n<p><strong>SIM (contra A\u00e9cio Neves &#8211; 26 senadores)<\/strong><br \/>\n&#8211; Acir Gurgacz (PDT-RO)<br \/>\n&#8211; Alvaro Dias (PODE-PR)<br \/>\n&#8211; Ana Am\u00e9lia (PP-RS)<br \/>\n&#8211; \u00c2ngela Portela (PDT-RR)<br \/>\n&#8211; Antonio Carlos Valadares (PSB-SE)<br \/>\n&#8211; F\u00e1tima Bezerra (PT-RN)<br \/>\n&#8211; Humberto Costa (PT-PE)<br \/>\n&#8211; Jo\u00e3o Capiberibe (PSB-AP)<br \/>\n&#8211; Jos\u00e9 Medeiros (PODE-MT)<br \/>\n&#8211; Jos\u00e9 Pimentel (PT-CE)<br \/>\n&#8211; K\u00e1tia Abreu (PMDB-TO)<br \/>\n&#8211; Lasier Martins (PSD-RS)<br \/>\n&#8211; L\u00eddice da Mata (PSB-BA)<br \/>\n&#8211; Lindbergh Farias (PT-RJ)<br \/>\n&#8211; L\u00facia V\u00e2nia (PSB-GO)<br \/>\n&#8211; Magno Malta (PR-ES)<br \/>\n&#8211; Otto Alencar (PSD-BA)<br \/>\n&#8211; Paulo Paim (PT-RS)<br \/>\n&#8211; Paulo Rocha (PT-PA)<br \/>\n&#8211; Randolfe Rodrigues (REDE-AP)<br \/>\n&#8211; Regina Sousa (PT-PI)<br \/>\n&#8211; Reguffe (S\/PARTIDO-DF)<br \/>\n&#8211; Roberto Requi\u00e3o (PMDB-PR)<br \/>\n&#8211; Rom\u00e1rio (PODE-RJ)<br \/>\n&#8211; Ronaldo Caiado (DEM-GO)<br \/>\n&#8211; Walter Pinheiro (S\/PARTIDO-BA)<\/p>\n<p><strong>N\u00c3O (a favor de A\u00e9cio Neves &#8211; 44 senadores)<\/strong><br \/>\n&#8211; Airton Sandoval (PMDB-SP)<br \/>\n&#8211; Antonio Anastasia (PSDB-MG)<br \/>\n&#8211; Ata\u00eddes Oliveira (PSDB-TO)<br \/>\n&#8211; Benedito de Lira (PP-AL)<br \/>\n&#8211; C\u00e1ssio Cunha Lima (PSDB-PB)<br \/>\n&#8211; Cidinho Santos (PR-MT)<br \/>\n&#8211; Ciro Nogueira (PP-PI)<br \/>\n&#8211; Dalirio Beber (PSDB-SC)<br \/>\n&#8211; D\u00e1rio Berger (PMDB-SC)<br \/>\n&#8211; Davi Alcolumbre (DEM-AP)<br \/>\n&#8211; Edison Lob\u00e3o (PMDB-MA)<br \/>\n&#8211; Eduardo Amorim (PSDB-SE)<br \/>\n&#8211; Eduardo Braga (PMDB-AM)<br \/>\n&#8211; Eduardo Lopes (PRB-RJ)<br \/>\n&#8211; Elmano F\u00e9rrer (PMDB-PI)<br \/>\n&#8211; Fernando Bezerra Coelho (PMDB-PE)<br \/>\n&#8211; Fernando Collor (PTC-AL)<br \/>\n&#8211; Flexa Ribeiro (PSDB-PA)<br \/>\n&#8211; Garibaldi Alves Filho (PMDB-RN)<br \/>\n&#8211; H\u00e9lio Jos\u00e9 (PROS-DF)<br \/>\n&#8211; Ivo Cassol (PP-RO)<br \/>\n&#8211; Jader Barbalho (PMDB-PA)<br \/>\n&#8211; Jo\u00e3o Alberto Souza (PMDB-MA)<br \/>\n&#8211; Jos\u00e9 Agripino (DEM-RN)<br \/>\n&#8211; Jos\u00e9 Maranh\u00e3o (PMDB-PB)<br \/>\n&#8211; Jos\u00e9 Serra (PSDB-SP)<br \/>\n&#8211; Maria do Carmo Alves (DEM-SE)<br \/>\n&#8211; Marta Suplicy (PMDB-SP)<br \/>\n&#8211; Omar Aziz (PSD-AM)<br \/>\n&#8211; Paulo Bauer (PSDB-SC)<br \/>\n&#8211; Pedro Chaves (PSC-MS)<br \/>\n&#8211; Raimundo Lira (PMDB-PB)<br \/>\n&#8211; Renan Calheiros (PMDB-AL)<br \/>\n&#8211; Roberto Rocha (PSDB-MA)<br \/>\n&#8211; Romero Juc\u00e1 (PMDB-RR)<br \/>\n&#8211; Simone Tebet (PMDB-MS)<br \/>\n&#8211; Tasso Jereissati (PSDB-CE)<br \/>\n&#8211; Telm\u00e1rio Mota (PTB-RR)<br \/>\n&#8211; Valdir Raupp (PMDB-RO)<br \/>\n&#8211; Vicentinho Alves (PR-TO)<br \/>\n&#8211; Waldemir Moka (PMDB-MS)<br \/>\n&#8211; Wellington Fagundes (PR-MT)<br \/>\n&#8211; Wilder Morais (PP-GO)<br \/>\n&#8211; Zeze Perrella (PMDB-MG)<\/p>\n<p><strong>AUSENTE (9 senadores)<\/strong><br \/>\n&#8211; Armando Monteiro (PTB-PE)<br \/>\n&#8211; Cristovam Buarque (PPS-DF)<br \/>\n&#8211; Gladson Cameli (PP-AC)<br \/>\n&#8211; Gleisi Hoffmann (PT-PR)<br \/>\n&#8211; Jorge Viana (PT-AC)<br \/>\n&#8211; Ricardo Ferra\u00e7o (PSDB-ES)<br \/>\n&#8211; Rose de Freitas (PMDB-ES)<br \/>\n&#8211; S\u00e9rgio Petec\u00e3o (PSD-AC)<br \/>\n&#8211; Vanessa Grazziotin (PCDOB-AM)<\/p>\n<p><strong>PRESIDENTE (1 senador)<\/strong><br \/>\n&#8211; Eun\u00edcio Oliveira (PMDB-CE)<\/p>\n<p><strong>VER PRIMEIRO<\/strong><\/p>\n<p>Receba as not\u00edcias do Aconteceu no Vale em primeira m\u00e3o. Clique em curtir no endere\u00e7o <a href=\"https:\/\/www.facebook.com\/aconteceunovale\" target=\"_blank\"><font color=\"red\">www.facebook.com\/aconteceunovale<\/font><\/a> ou no box abaixo:<\/p>\n<div class=\"fb-like\" data-href=\"https:\/\/www.facebook.com\/aconteceunovale\" data-width=\"120\" data-layout=\"standard\" data-action=\"like\" data-size=\"small\" data-show-faces=\"true\" data-share=\"true\"><\/div>\n<p><\/br><\/p>\n<p><em>(Fonte: Ag\u00eancia Brasil e Senado Federal)<\/em><\/p>\n","protected":false},"excerpt":{"rendered":"<p>O plen\u00e1rio do Senado decidiu reverter a decis\u00e3o da Primeira Turma do Supremo Tribunal Federal (STF) e, com isso, p\u00f4s fim ao afastamento parlamentar do senador A\u00e9cio Neves (PSDB-MG), que havia sido imposto pelos ministros da Corte no \u00faltimo dia 26. Com os votos de 44 senadores contra a manuten\u00e7\u00e3o das medidas cautelares e de [&hellip;]<\/p>\n","protected":false},"author":1,"featured_media":122883,"comment_status":"open","ping_status":"closed","sticky":false,"template":"","format":"standard","meta":{"amp_status":"","footnotes":""},"categories":[6,40240],"tags":[162308,2728,162312,162309,1018,92245,153052,7882,153038,21938,162289,162292,162291,162290,50854,162310,162311,28511,28510],"class_list":["post-122882","post","type-post","status-publish","format-standard","has-post-thumbnail","hentry","category-br","category-politica-2","tag-a-favor-de-aecio-neves","tag-aecio-neves","tag-confira-como-votaram-os-senadores-na-sessao-que-devolveu-mandato-a-aecio-neves","tag-contra-aecio-neves","tag-destaque","tag-mandato","tag-primeira-turma-do-supremo-tribunal-federal","tag-psdb","tag-psdb-mg","tag-senado","tag-senado-absolve-aecio-neves","tag-senado-derruba-afastamento-parlamentar-de-aecio-neves","tag-senado-devolve-mandado-de-aecio-neves","tag-senado-libera-aecio-neves","tag-senador-aecio-neves","tag-senador-contra-aecio-neves","tag-senador-favoravel-a-aecio-neves","tag-stf","tag-supremo-tribunal-federal"],"_links":{"self":[{"href":"https:\/\/aconteceunovale.com.br\/portal\/index.php?rest_route=\/wp\/v2\/posts\/122882","targetHints":{"allow":["GET"]}}],"collection":[{"href":"https:\/\/aconteceunovale.com.br\/portal\/index.php?rest_route=\/wp\/v2\/posts"}],"about":[{"href":"https:\/\/aconteceunovale.com.br\/portal\/index.php?rest_route=\/wp\/v2\/types\/post"}],"author":[{"embeddable":true,"href":"https:\/\/aconteceunovale.com.br\/portal\/index.php?rest_route=\/wp\/v2\/users\/1"}],"replies":[{"embeddable":true,"href":"https:\/\/aconteceunovale.com.br\/portal\/index.php?rest_route=%2Fwp%2Fv2%2Fcomments&post=122882"}],"version-history":[{"count":0,"href":"https:\/\/aconteceunovale.com.br\/portal\/index.php?rest_route=\/wp\/v2\/posts\/122882\/revisions"}],"wp:featuredmedia":[{"embeddable":true,"href":"https:\/\/aconteceunovale.com.br\/portal\/index.php?rest_route=\/wp\/v2\/media\/122883"}],"wp:attachment":[{"href":"https:\/\/aconteceunovale.com.br\/portal\/index.php?rest_route=%2Fwp%2Fv2%2Fmedia&parent=122882"}],"wp:term":[{"taxonomy":"category","embeddable":true,"href":"https:\/\/aconteceunovale.com.br\/portal\/index.php?rest_route=%2Fwp%2Fv2%2Fcategories&post=122882"},{"taxonomy":"post_tag","embeddable":true,"href":"https:\/\/aconteceunovale.com.br\/portal\/index.php?rest_route=%2Fwp%2Fv2%2Ftags&post=122882"}],"curies":[{"name":"wp","href":"https:\/\/api.w.org\/{rel}","templated":true}]}}