{"id":122868,"date":"2017-10-17T20:11:15","date_gmt":"2017-10-17T22:11:15","guid":{"rendered":"http:\/\/aconteceunovale.com.br\/portal\/?p=122868"},"modified":"2017-10-17T20:11:15","modified_gmt":"2017-10-17T22:11:15","slug":"rio-fanado-corre-risco-de-extincao","status":"publish","type":"post","link":"https:\/\/aconteceunovale.com.br\/portal\/?p=122868","title":{"rendered":"Rio Fanado corre risco de extin\u00e7\u00e3o"},"content":{"rendered":"<p>O Rio Fanado, que tem cerca de 120 km de extens\u00e3o e passa pelos munic\u00edpios de Angel\u00e2ndia, Capelinha, Turmalina e Minas Novas, no Vale do Jequitinhonha, est\u00e1 secando e pode ser extinto em poucos anos. A den\u00fancia foi feita por ambientalistas, prefeitos e vereadores da regi\u00e3o aos deputados da Comiss\u00e3o de Participa\u00e7\u00e3o Popular da Assembleia Legislativa de Minas Gerais (ALMG) nesta ter\u00e7a-feira (17\/10\/17).<\/p>\n<p>O presidente do Movimento SOS Fanado, Daniel Costa Souza, explicou que a situa\u00e7\u00e3o \u00e9 cr\u00edtica e pede provid\u00eancias urgentes. Ele defendeu que o Estado realize a\u00e7\u00f5es para recupera\u00e7\u00e3o e prote\u00e7\u00e3o de nascentes, assim como de fiscaliza\u00e7\u00e3o das outorgas de \u00e1gua.<\/p>\n<p>\u201cO que se v\u00ea \u00e9 irresponsabilidade na gest\u00e3o. Pagamos taxa de esgoto, mas n\u00e3o temos contrapartidas. As cidades que vivem do rio clamam por a\u00e7\u00f5es concretas para a sua prote\u00e7\u00e3o\u201d, disse.<\/p>\n<p>O ambientalista tamb\u00e9m citou como causas para o quase desaparecimento do Rio Fanado a irriga\u00e7\u00e3o irregular de grandes lavouras de caf\u00e9 e eucalipto, o desmatamento sem controle, as queimadas em grande escala e o despejo de esgoto sem tratamento.<\/p>\n<p>Ele acrescentou que a eros\u00e3o causada pela abertura de estradas, as lavras de min\u00e9rio e a aus\u00eancia de cercamentos de nascentes para preserva\u00e7\u00e3o das matas ciliares tamb\u00e9m s\u00e3o entraves para a recupera\u00e7\u00e3o do curso de \u00e1gua.<\/p>\n<p>\u201cTemos que conscientizar as comunidades, cobrar o tratamento do esgoto e a constru\u00e7\u00e3o de barragens, al\u00e9m da inclus\u00e3o do rio no Plano Plurianual de A\u00e7\u00e3o Governamental (PPAG)\u201d, completou Daniel.<\/p>\n<p><img decoding=\"async\" src=\"http:\/\/aconteceunovale.com.br\/portal\/wp-content\/uploads\/2017\/10\/rio_fanado.jpg\" alt=\"\" \/><em>Rio Fanado corre risco de extin\u00e7\u00e3o (Foto: Reprodu\u00e7\u00e3o\/R\u00e1dio Turmalina)<\/em><br \/>\n<\/br><\/p>\n<h4>Prefeitos apontam caminhos para recupera\u00e7\u00e3o<\/h4>\n<p>Os gestores das cidades impactadas pela destrui\u00e7\u00e3o do Rio Fanado evitaram apontar culpados, mas fizeram cobran\u00e7as e sugeriram a\u00e7\u00f5es de recupera\u00e7\u00e3o da bacia hidrogr\u00e1fica.<\/p>\n<p>O prefeito de Turmalina, Carlos Barbosa Xavier, por exemplo, destacou que a crise h\u00eddrica \u00e9 mais grave no Vale do Jequitinhonha. Para ele, apesar da responsabilidade ser de todos, existe omiss\u00e3o dos agricultores e do governo, que n\u00e3o faz a fiscaliza\u00e7\u00e3o necess\u00e1ria. \u201cVivemos uma situa\u00e7\u00e3o de calamidade p\u00fablica\u201d, lamentou.<\/p>\n<p>O prefeito de Angel\u00e2ndia, Jo\u00e3o Paulo Souza, e o vice-prefeito de Minas Novas, Jos\u00e9 Felipe Mota, afirmaram que \u00e9 preciso buscar novas formas de capta\u00e7\u00e3o de \u00e1gua, assim como de constru\u00e7\u00e3o de barragens. J\u00e1 o prefeito de Capelinha, Tadeu Filipe Fernandes de Abreu, cobrou a\u00e7\u00f5es efetivas do Estado, no sentido de recuperar nascentes e matas ciliares.<\/p>\n<p><img decoding=\"async\" src=\"http:\/\/aconteceunovale.com.br\/portal\/wp-content\/uploads\/2017\/10\/rio_fanado_2.jpg\" alt=\"\" \/><em>Gestores das cidades impactadas evitaram apontar culpados, mas fizeram cobran\u00e7as e sugeriram a\u00e7\u00f5es de recupera\u00e7\u00e3o do curso de \u00e1gua (Foto: Clarissa Bar\u00e7ante\/ALMG)<\/em><br \/>\n<\/br><\/p>\n<h4>Copasa reconhece passivo, mas garante mais recursos<\/h4>\n<p>O diretor de Opera\u00e7\u00f5es Norte da Copasa, Gilson de Carvalho Queiroz Filho, entende que o problema deve ser resolvido por diversos atores, entre eles a concession\u00e1ria de \u00e1gua e esgoto.<\/p>\n<p>Ele destacou que a mudan\u00e7a clim\u00e1tica mundial levou a uma significativa queda nos volumes de chuva nos \u00faltimos tr\u00eas anos. \u201cA \u00e1gua \u00e9 usada para beber e tamb\u00e9m para a agricultura. Por isso, temos que encontrar um equil\u00edbrio no uso. A monocultura de eucalipto, por exemplo, deve ser mais bem regulada pelo Estado\u201d, salientou.<\/p>\n<p>Gilson citou os programas estaduais Cultivando \u00c1gua Boa, o Pro-Manaciais e o Plantando o Futuro como a\u00e7\u00f5es de recupera\u00e7\u00e3o de bacias hidrogr\u00e1ficas e nascentes. Ele reconheceu que a Copasa e sua subsidi\u00e1ria Copanor t\u00eam um passivo no que se refere ao recolhimento de esgoto, mas, conforme disse, hoje existem mais recursos para o incremento de iniciativas e investimentos ambientais.<\/p>\n<p>\u201cPodemos e queremos trabalhar nas diversas regi\u00f5es do Estado, inclusive na Bacia do Rio Fanado\u201d, garantiu o representante da Copasa.<\/p>\n<h4>Deputados prop\u00f5em grupo de estudos no Jequitinhonha<\/h4>\n<p>Ap\u00f3s os debates, os parlamentares sugeriram a\u00e7\u00f5es e medidas de gest\u00e3o das \u00e1guas no Vale do Jequitinhonha e na Bacia do Rio Fanado. Os deputados Rog\u00e9rio Correia e Doutor Jean Freire (ambos do PT) propuseram formar um grupo t\u00e9cnico para avaliar o que \u00e9 necess\u00e1rio para salvar o rio.<\/p>\n<p>&#8220;Esse grupo tra\u00e7aria um diagn\u00f3stico e, a partir disso, programas de execu\u00e7\u00e3o e interven\u00e7\u00e3o da crise h\u00eddrica. Seriam a\u00e7\u00f5es de curto, m\u00e9dio e longo prazo&#8221;, afirmou o deputado Rog\u00e9rio Correia.<\/p>\n<p>O presidente da comiss\u00e3o e autor do requerimento que motivou o debate, deputado Doutor Jean Freire, lembrou a amea\u00e7a de extin\u00e7\u00e3o de outros rios do Vale do Jequitinhonha. Ele alertou que, somente agora que as cidades sofrem com a falta de \u00e1gua, os \u00f3rg\u00e3os de governo est\u00e3o sendo responsabilizados.<\/p>\n<p>O parlamentar teve, ainda, diversos pedidos de provid\u00eancias referentes ao debate aprovados na comiss\u00e3o.<\/p>\n<p><strong>Fiscaliza\u00e7\u00e3o<\/strong> \u2013 Os deputados Tito Torres e Gustavo Valadares (ambos do PSDB) cobraram mais interven\u00e7\u00f5es do Governo do Estado na gest\u00e3o dos rios mineiros, tendo em vista a escassez de \u00e1gua. Para ambos, \u00e9 preciso verificar como est\u00e3o sendo usados os recursos h\u00eddricos pelo agroneg\u00f3cio e pelas ind\u00fastrias.<\/p>\n<p>O deputado Gustavo Santana (PR) defendeu a elabora\u00e7\u00e3o de uma pol\u00edtica p\u00fablica baseada na preserva\u00e7\u00e3o das nascentes, com a fiscaliza\u00e7\u00e3o do uso da \u00e1gua tanto pelas comunidades ribeirinhas como por agricultores e ind\u00fastrias. <\/p>\n<p>Ao final, a deputada Mar\u00edlia Campos (PT) e o deputado Geraldo Pimenta (PCdoB) manifestaram seu apoio \u00e0 defesa do Rio Fanado e a uma melhor gest\u00e3o das bacias hidrogr\u00e1ficas mineiras.<\/p>\n<p><strong>VER PRIMEIRO<\/strong><\/p>\n<p>Receba as not\u00edcias do Aconteceu no Vale em primeira m\u00e3o. Clique em curtir no endere\u00e7o <a href=\"https:\/\/www.facebook.com\/aconteceunovale\" target=\"_blank\"><font color=\"red\">www.facebook.com\/aconteceunovale<\/font><\/a> ou no box abaixo:<\/p>\n<div class=\"fb-like\" data-href=\"https:\/\/www.facebook.com\/aconteceunovale\" data-width=\"120\" data-layout=\"standard\" data-action=\"like\" data-size=\"small\" data-show-faces=\"true\" data-share=\"true\"><\/div>\n<p><\/br><\/p>\n<p><em>(Fonte: ALMG)<\/em><\/p>\n","protected":false},"excerpt":{"rendered":"<p>O Rio Fanado, que tem cerca de 120 km de extens\u00e3o e passa pelos munic\u00edpios de Angel\u00e2ndia, Capelinha, Turmalina e Minas Novas, no Vale do Jequitinhonha, est\u00e1 secando e pode ser extinto em poucos anos. A den\u00fancia foi feita por ambientalistas, prefeitos e vereadores da regi\u00e3o aos deputados da Comiss\u00e3o de Participa\u00e7\u00e3o Popular da Assembleia [&hellip;]<\/p>\n","protected":false},"author":1,"featured_media":122869,"comment_status":"open","ping_status":"closed","sticky":false,"template":"","format":"standard","meta":{"amp_status":"","footnotes":""},"categories":[120],"tags":[752,657,24358,132,162282,162281,1018,162288,162275,162277,162273,35243,162284,162286,137,162270,162280,162283,44374,67612,162271,6965,162276,162279,162278,162272,162274,162287,23263,178,162285],"class_list":["post-122868","post","type-post","status-publish","format-standard","has-post-thumbnail","hentry","category-jequi","tag-almg","tag-angelandia","tag-assembleia-legislativa-de-minas-gerais","tag-capelinha","tag-carlos-barbosa-xavier","tag-daniel-costa-souza","tag-destaque","tag-diretor-de-operacoes-norte-da-copasa","tag-extensao-do-rio-fanado","tag-extincao-do-rio-fanado","tag-fanado","tag-gilson-de-carvalho-queiroz-filho","tag-joao-paulo-souza","tag-jose-felipe-mota","tag-minas-novas","tag-mobilizacao-em-prol-da-revitalizacao-do-rio-fanado","tag-movimento-sos-fanado","tag-prefeito-de-angelandia","tag-prefeito-de-capelinha","tag-prefeito-de-turmalina","tag-revitalizacao-do-rio-fanado","tag-rio-fanado","tag-seca-do-rio-fanado","tag-situacao-critica-do-rio-fanado","tag-situacao-do-rio-fanado","tag-sos-fanado","tag-sos-rio-fanado","tag-tadeu-fernandes-de-abreu","tag-tadeu-filipe-fernandes-de-abreu","tag-turmalina","tag-vice-prefeito-de-minas-novas"],"_links":{"self":[{"href":"https:\/\/aconteceunovale.com.br\/portal\/index.php?rest_route=\/wp\/v2\/posts\/122868","targetHints":{"allow":["GET"]}}],"collection":[{"href":"https:\/\/aconteceunovale.com.br\/portal\/index.php?rest_route=\/wp\/v2\/posts"}],"about":[{"href":"https:\/\/aconteceunovale.com.br\/portal\/index.php?rest_route=\/wp\/v2\/types\/post"}],"author":[{"embeddable":true,"href":"https:\/\/aconteceunovale.com.br\/portal\/index.php?rest_route=\/wp\/v2\/users\/1"}],"replies":[{"embeddable":true,"href":"https:\/\/aconteceunovale.com.br\/portal\/index.php?rest_route=%2Fwp%2Fv2%2Fcomments&post=122868"}],"version-history":[{"count":0,"href":"https:\/\/aconteceunovale.com.br\/portal\/index.php?rest_route=\/wp\/v2\/posts\/122868\/revisions"}],"wp:featuredmedia":[{"embeddable":true,"href":"https:\/\/aconteceunovale.com.br\/portal\/index.php?rest_route=\/wp\/v2\/media\/122869"}],"wp:attachment":[{"href":"https:\/\/aconteceunovale.com.br\/portal\/index.php?rest_route=%2Fwp%2Fv2%2Fmedia&parent=122868"}],"wp:term":[{"taxonomy":"category","embeddable":true,"href":"https:\/\/aconteceunovale.com.br\/portal\/index.php?rest_route=%2Fwp%2Fv2%2Fcategories&post=122868"},{"taxonomy":"post_tag","embeddable":true,"href":"https:\/\/aconteceunovale.com.br\/portal\/index.php?rest_route=%2Fwp%2Fv2%2Ftags&post=122868"}],"curies":[{"name":"wp","href":"https:\/\/api.w.org\/{rel}","templated":true}]}}