{"id":122860,"date":"2017-10-17T15:59:25","date_gmt":"2017-10-17T17:59:25","guid":{"rendered":"http:\/\/aconteceunovale.com.br\/portal\/?p=122860"},"modified":"2017-10-17T16:09:52","modified_gmt":"2017-10-17T18:09:52","slug":"bezerro-nasce-com-tres-orelhas-na-zona-rural-de-capelinha-no-vale-do-jequitinhonha","status":"publish","type":"post","link":"https:\/\/aconteceunovale.com.br\/portal\/?p=122860","title":{"rendered":"Bezerro nasce com tr\u00eas orelhas na zona rural de Capelinha, no Vale do Jequitinhonha"},"content":{"rendered":"<p>Um bezerro de apar\u00eancia bizarra tem chamado a aten\u00e7\u00e3o na propriedade do casal Telino Camargos e F\u00e1tima Azevedo, na comunidade do Espig\u00e3o, munic\u00edpio de Capelinha, no Vale do Jequitinhonha. No dia 2 de outubro de 2017, uma das vacas do s\u00edtio pariu um filhote com tr\u00eas orelhas. <\/p>\n<p>Segundo veterin\u00e1rios, casos assim, que s\u00e3o defeitos cong\u00eanitos, ou seja, adquiridos durante a gesta\u00e7\u00e3o, podem ser causados por fatores gen\u00e9ticos \u2013 no caso de a vaca ter algum grau de parentesco com o touro, por exemplo \u2013 ou ambientais \u2013 agentes infecciosos (v\u00edrus) ou ingest\u00e3o de plantas t\u00f3xicas. O bezerro, que ainda n\u00e3o tem nome, passa bem.<\/p>\n<p>Um v\u00eddeo registrado pelo Blog RegisCap mostra a orelha extra do animal. Confira: <\/p>\n<p><iframe loading=\"lazy\" width=\"640\" height=\"360\" src=\"https:\/\/www.youtube.com\/embed\/gHYLvTWsTqk\" frameborder=\"0\" allowfullscreen><\/iframe><br \/>\n<\/br><\/p>\n<p><strong>VER PRIMEIRO<\/strong><\/p>\n<p>Receba as not\u00edcias do Aconteceu no Vale em primeira m\u00e3o. Clique em curtir no endere\u00e7o <a href=\"https:\/\/www.facebook.com\/aconteceunovale\" target=\"_blank\"><font color=\"red\">www.facebook.com\/aconteceunovale<\/font><\/a> ou no box abaixo:<\/p>\n<div class=\"fb-like\" data-href=\"https:\/\/www.facebook.com\/aconteceunovale\" data-width=\"120\" data-layout=\"standard\" data-action=\"like\" data-size=\"small\" data-show-faces=\"true\" data-share=\"true\"><\/div>\n<p><\/br><\/p>\n<p><em>(Com Blog RegisCap \/ Edi\u00e7\u00e3o Aconteceu no Vale)<\/em><\/p>\n","protected":false},"excerpt":{"rendered":"<p>Um bezerro de apar\u00eancia bizarra tem chamado a aten\u00e7\u00e3o na propriedade do casal Telino Camargos e F\u00e1tima Azevedo, na comunidade do Espig\u00e3o, munic\u00edpio de Capelinha, no Vale do Jequitinhonha. No dia 2 de outubro de 2017, uma das vacas do s\u00edtio pariu um filhote com tr\u00eas orelhas. Segundo veterin\u00e1rios, casos assim, que s\u00e3o defeitos cong\u00eanitos, [&hellip;]<\/p>\n","protected":false},"author":1,"featured_media":122861,"comment_status":"open","ping_status":"closed","sticky":false,"template":"","format":"standard","meta":{"amp_status":"","footnotes":""},"categories":[120],"tags":[162266,162267,162264,162265,162263,132,1018,162269,541,162268],"class_list":["post-122860","post","type-post","status-publish","format-standard","has-post-thumbnail","hentry","category-jequi","tag-bezerro-com-tres-orelhas","tag-bezerro-com-tres-orelhas-em-capelinha","tag-bezerro-nasce-com-tres-orelhas","tag-bezerro-nasce-com-tres-orelhas-em-capelinha","tag-bezerro-nasce-com-tres-orelhas-na-zona-rural-de-capelinha","tag-capelinha","tag-destaque","tag-fatima-azevedo","tag-no-vale-do-jequitinhonha","tag-telino-camargos"],"_links":{"self":[{"href":"https:\/\/aconteceunovale.com.br\/portal\/index.php?rest_route=\/wp\/v2\/posts\/122860","targetHints":{"allow":["GET"]}}],"collection":[{"href":"https:\/\/aconteceunovale.com.br\/portal\/index.php?rest_route=\/wp\/v2\/posts"}],"about":[{"href":"https:\/\/aconteceunovale.com.br\/portal\/index.php?rest_route=\/wp\/v2\/types\/post"}],"author":[{"embeddable":true,"href":"https:\/\/aconteceunovale.com.br\/portal\/index.php?rest_route=\/wp\/v2\/users\/1"}],"replies":[{"embeddable":true,"href":"https:\/\/aconteceunovale.com.br\/portal\/index.php?rest_route=%2Fwp%2Fv2%2Fcomments&post=122860"}],"version-history":[{"count":0,"href":"https:\/\/aconteceunovale.com.br\/portal\/index.php?rest_route=\/wp\/v2\/posts\/122860\/revisions"}],"wp:featuredmedia":[{"embeddable":true,"href":"https:\/\/aconteceunovale.com.br\/portal\/index.php?rest_route=\/wp\/v2\/media\/122861"}],"wp:attachment":[{"href":"https:\/\/aconteceunovale.com.br\/portal\/index.php?rest_route=%2Fwp%2Fv2%2Fmedia&parent=122860"}],"wp:term":[{"taxonomy":"category","embeddable":true,"href":"https:\/\/aconteceunovale.com.br\/portal\/index.php?rest_route=%2Fwp%2Fv2%2Fcategories&post=122860"},{"taxonomy":"post_tag","embeddable":true,"href":"https:\/\/aconteceunovale.com.br\/portal\/index.php?rest_route=%2Fwp%2Fv2%2Ftags&post=122860"}],"curies":[{"name":"wp","href":"https:\/\/api.w.org\/{rel}","templated":true}]}}