{"id":122858,"date":"2017-10-17T14:36:38","date_gmt":"2017-10-17T16:36:38","guid":{"rendered":"http:\/\/aconteceunovale.com.br\/portal\/?p=122858"},"modified":"2017-10-17T14:36:38","modified_gmt":"2017-10-17T16:36:38","slug":"aprovadas-resolucoes-sobre-rezoneamento-em-juiz-de-fora-uberaba-e-montes-claros","status":"publish","type":"post","link":"https:\/\/aconteceunovale.com.br\/portal\/?p=122858","title":{"rendered":"Aprovadas Resolu\u00e7\u00f5es sobre rezoneamento em Juiz de Fora, Uberaba e Montes Claros"},"content":{"rendered":"<p>A Corte Eleitoral aprovou na \u00faltima quarta-feira (11), por unanimidade, as Resolu\u00e7\u00f5es n\u00ba 1.047\/2017, 1.048\/2017 e 1.049\/2017, que disp\u00f5em sobre os limites territoriais das zonas eleitorais de Uberaba, Juiz de Fora e Montes Claros, respectivamente. Ap\u00f3s a extin\u00e7\u00e3o\/transforma\u00e7\u00e3o em postos de atendimento de algumas zonas eleitorais dessas cidades &#8211; duas zonas de Juiz de Fora (154\u00aa e 155\u00aa ZE), a 277\u00aa Zona de Uberaba e a 325\u00aa de Montes Claros -, os ju\u00edzes das zonas remanescentes apresentaram ao TRE uma proposta de redesenho do territ\u00f3rio dos respectivos munic\u00edpios. <\/p>\n<p>Os ju\u00edzes tamb\u00e9m indicaram as zonas eleitorais \u00e0s quais ficar\u00e3o vinculados os postos de atendimento criados a partir da extin\u00e7\u00e3o das zonas originais, conforme disposto na Resolu\u00e7\u00e3o do TRE-MG n\u00ba 1.039, de 17 de agosto de 2017.  <\/p>\n<p><strong>Uberaba <\/strong><\/p>\n<p>De acordo com a Resolu\u00e7\u00e3o n\u00ba 1.047\/2017, fica extinta a 277\u00aa Zona Eleitoral de Uberaba e redistribu\u00eddo o eleitorado das demais, sendo que todas abranger\u00e3o parte do munic\u00edpio de Uberaba. A 276\u00aa Zona Eleitoral ser\u00e1 composta tamb\u00e9m por toda a \u00e1rea territorial do munic\u00edpio de Delta, a 326\u00aa Zona Eleitoral ser\u00e1 composta tamb\u00e9m pelos munic\u00edpios de Campo Florido e de Conquista (que ter\u00e1 um posto de atendimento local para atender os eleitores do munic\u00edpio) e a 347\u00aa Zona Eleitoral pelos munic\u00edpios de \u00c1gua Comprida e de Ver\u00edssimo. A 277\u00aa Zona de Uberaba tem atualmente 56.622 eleitores, sendo 2.820 da cidade de Ver\u00edssimo e 53.802 da pr\u00f3pria cidade de Uberaba. <\/p>\n<p>O posto de atendimento criado em decorr\u00eancia da extin\u00e7\u00e3o da 277\u00aa Zona Eleitoral ficar\u00e1 vinculado \u00e0 276\u00aa Zona Eleitoral de Uberaba (Foro Eleitoral), mas essa extin\u00e7\u00e3o e a altera\u00e7\u00e3o da jurisdi\u00e7\u00e3o de Ver\u00edssimo s\u00f3 ser\u00e3o efetivadas ap\u00f3s o dia 9 de fevereiro de 2018, devido ao recadastramento biom\u00e9trico em andamento no munic\u00edpio. Apenas o remanejamento da extinta 86\u00aa Zona Eleitoral, de Conquista, para a 326\u00aa Zona Eleitoral, de Uberaba, entrar\u00e1 em vigor no dia 26 deste m\u00eas de outubro. <\/p>\n<p><strong>Juiz de Fora <\/strong><\/p>\n<p>Nos termos da Resolu\u00e7\u00e3o n\u00ba 1.048\/2017, os postos de atendimento criados a partir da extin\u00e7\u00e3o da 154\u00aa e da 155\u00aa Zonas Eleitorais de Juiz de Fora, ficar\u00e3o vinculados \u00e0 349\u00aa e \u00e0 153\u00aa ZE, respectivamente. Com a redistribui\u00e7\u00e3o do eleitorado, a 153\u00aa tamb\u00e9m abranger\u00e1 os distritos de Igrejinha, Penido, Valadares e Ros\u00e1rio de Minas; a 315\u00aa Zona Eleitoral ser\u00e1 composta, tamb\u00e9m, pelos distritos de Sarandira, Caet\u00e9 e Toledos e a 349\u00aa Zona Eleitoral pelos distritos de Humait\u00e1, Pirapetinga, Monte Verde e Torre\u00f5es. A 154\u00aa Zona Eleitoral tem 59.589 eleitores, e a 155\u00aa possui 52.061 eleitores. <\/p>\n<p><strong>Montes Claros <\/strong><\/p>\n<p>O posto de atendimento criado em decorr\u00eancia da extin\u00e7\u00e3o da 325\u00aa Zona Eleitoral de Montes Claros ficar\u00e1 vinculado \u00e0 317\u00aa Zona Eleitoral, de acordo com a Resolu\u00e7\u00e3o n\u00ba 1.049\/2017. A Zona 325\u00aa tem 64.814 eleitores, sendo que os munic\u00edpios de Glaucil\u00e2ndia (3.645 eleitores) e Itacambira (4.826 eleitores) ser\u00e3o transferidos para a 184\u00aa Zona Eleitoral e o de Juramento (4.227 eleitores) para a 185\u00aa Zona Eleitoral.           <\/p>\n<p>Veja a \u00edntegra das Resolu\u00e7\u00f5es em <a href=\"http:\/\/www.tre-mg.jus.br\/legislacao\/resolucoes-do-tre\/tre-mg-resolucoes\" target=\"_blank\">http:\/\/www.tre-mg.jus.br\/legislacao\/resolucoes-do-tre\/tre-mg-resolucoes <\/a><\/p>\n<p><strong>VER PRIMEIRO<\/strong><\/p>\n<p>Receba as not\u00edcias do Aconteceu no Vale em primeira m\u00e3o. Clique em curtir no endere\u00e7o <a href=\"https:\/\/www.facebook.com\/aconteceunovale\" target=\"_blank\"><font color=\"red\">www.facebook.com\/aconteceunovale<\/font><\/a> ou no box abaixo:<\/p>\n<div class=\"fb-like\" data-href=\"https:\/\/www.facebook.com\/aconteceunovale\" data-width=\"120\" data-layout=\"standard\" data-action=\"like\" data-size=\"small\" data-show-faces=\"true\" data-share=\"true\"><\/div>\n<p><\/br><\/p>\n<p><em>(Fonte: TRE-MG)<\/em><\/p>\n","protected":false},"excerpt":{"rendered":"<p>A Corte Eleitoral aprovou na \u00faltima quarta-feira (11), por unanimidade, as Resolu\u00e7\u00f5es n\u00ba 1.047\/2017, 1.048\/2017 e 1.049\/2017, que disp\u00f5em sobre os limites territoriais das zonas eleitorais de Uberaba, Juiz de Fora e Montes Claros, respectivamente. Ap\u00f3s a extin\u00e7\u00e3o\/transforma\u00e7\u00e3o em postos de atendimento de algumas zonas eleitorais dessas cidades &#8211; duas zonas de Juiz de Fora [&hellip;]<\/p>\n","protected":false},"author":1,"featured_media":92935,"comment_status":"open","ping_status":"closed","sticky":false,"template":"","format":"standard","meta":{"amp_status":"","footnotes":""},"categories":[123,1236,40240],"tags":[162256,162259,162258,206,210,162260,162262,162261,220,162257],"class_list":["post-122858","post","type-post","status-publish","format-standard","has-post-thumbnail","hentry","category-gerais","category-norte_de_minas","category-politica-2","tag-aprovadas-resolucoes-sobre-rezoneamento-em-juiz-de-fora","tag-aprovadas-resolucoes-sobre-rezoneamento-em-montes-claros","tag-aprovadas-resolucoes-sobre-rezoneamento-em-uberaba-e-montes-claros","tag-juiz-de-fora","tag-montes-claros","tag-rezoneamento-em-juiz-de-fora","tag-rezoneamento-em-montes-claros","tag-rezoneamento-em-uberaba","tag-uberaba","tag-uberaba-e-montes-claros"],"_links":{"self":[{"href":"https:\/\/aconteceunovale.com.br\/portal\/index.php?rest_route=\/wp\/v2\/posts\/122858","targetHints":{"allow":["GET"]}}],"collection":[{"href":"https:\/\/aconteceunovale.com.br\/portal\/index.php?rest_route=\/wp\/v2\/posts"}],"about":[{"href":"https:\/\/aconteceunovale.com.br\/portal\/index.php?rest_route=\/wp\/v2\/types\/post"}],"author":[{"embeddable":true,"href":"https:\/\/aconteceunovale.com.br\/portal\/index.php?rest_route=\/wp\/v2\/users\/1"}],"replies":[{"embeddable":true,"href":"https:\/\/aconteceunovale.com.br\/portal\/index.php?rest_route=%2Fwp%2Fv2%2Fcomments&post=122858"}],"version-history":[{"count":0,"href":"https:\/\/aconteceunovale.com.br\/portal\/index.php?rest_route=\/wp\/v2\/posts\/122858\/revisions"}],"wp:featuredmedia":[{"embeddable":true,"href":"https:\/\/aconteceunovale.com.br\/portal\/index.php?rest_route=\/wp\/v2\/media\/92935"}],"wp:attachment":[{"href":"https:\/\/aconteceunovale.com.br\/portal\/index.php?rest_route=%2Fwp%2Fv2%2Fmedia&parent=122858"}],"wp:term":[{"taxonomy":"category","embeddable":true,"href":"https:\/\/aconteceunovale.com.br\/portal\/index.php?rest_route=%2Fwp%2Fv2%2Fcategories&post=122858"},{"taxonomy":"post_tag","embeddable":true,"href":"https:\/\/aconteceunovale.com.br\/portal\/index.php?rest_route=%2Fwp%2Fv2%2Ftags&post=122858"}],"curies":[{"name":"wp","href":"https:\/\/api.w.org\/{rel}","templated":true}]}}