{"id":122747,"date":"2017-10-14T17:15:17","date_gmt":"2017-10-14T19:15:17","guid":{"rendered":"http:\/\/aconteceunovale.com.br\/portal\/?p=122747"},"modified":"2017-10-14T17:15:17","modified_gmt":"2017-10-14T19:15:17","slug":"jovem-e-assassinada-em-hotel-de-montes-claros","status":"publish","type":"post","link":"https:\/\/aconteceunovale.com.br\/portal\/?p=122747","title":{"rendered":"Jovem \u00e9 assassinada em hotel de Montes Claros"},"content":{"rendered":"<p>A Pol\u00edcia Militar (PM) de Montes Claros prendeu na noite dessa sexta-feira (13\/10\/2017) um rapaz de 20 anos suspeito de ter matado uma jovem em um quarto de hotel da cidade norte-mineira. Segundo a PM, D\u00e9bora Fagundes Dias, que tamb\u00e9m tinha 20 anos, foi encontrada sem sinais vitais por funcion\u00e1rios do estabelecimento, que funciona no Bairro Santo Ant\u00f4nio. A v\u00edtima estava com sinais de enforcamento.<\/p>\n<p>Ainda segundo a pol\u00edcia, o rapaz e a jovem teriam se hospedado no hotel na madrugada de quinta (12) para sexta-feira. Em um dado momento, j\u00e1 nesta sexta, o autor saiu do hotel alegando que iria resolver algo e que a mo\u00e7a ainda estava no quarto.<\/p>\n<p>Os funcion\u00e1rios suspeitaram da demora do rapaz e resolveram entrar no quarto, usando uma chave reserva, j\u00e1 que o hor\u00e1rio de sa\u00edda do estabelecimento havia expirado. Foi quando os funcion\u00e1rios viram a mo\u00e7a estrangulada, com um cinto no pesco\u00e7o.<\/p>\n<p>Ap\u00f3s a localiza\u00e7\u00e3o do corpo, o respons\u00e1vel pelo hotel acionou a PM, que passou a fazer um rastreamento, que incluiu busca de informa\u00e7\u00f5es sobre o autor nas redes sociais. A pol\u00edcia identificou que o rapaz estava em um \u00f4nibus com destino a Belo Horizonte. Os militares conseguiram interceptar o ve\u00edculo na Avenida Geraldo Athayde e prender o suspeito.<\/p>\n<p>Ap\u00f3s a deten\u00e7\u00e3o do suspeito, ele confessou aos militares que matou a jovem. O motivo seria uma vingan\u00e7a, alegando que a v\u00edtima havia planejado o assassinato dele, em data anterior, quando o autor foi baleado. O rapaz estava morando na capital mineira e veio para Montes Claros somente para cometer o crime, segundo a pol\u00edcia.<\/p>\n<p>Ele foi encaminhado \u00e0 Delegacia de Plant\u00e3o para demais provid\u00eancias. Ele foi ouvido pela autoridade policial, autuado em flagrante por crime de feminic\u00eddio e levado ao pres\u00eddio, onde permanece \u00e0 disposi\u00e7\u00e3o da Justi\u00e7a.<\/p>\n<p><img decoding=\"async\" src=\"http:\/\/aconteceunovale.com.br\/portal\/wp-content\/uploads\/2017\/10\/preso_homicidio_moc.jpg\" alt=\"\" \/><em>Suspeito foi preso durante tentativa de fuga (Foto: Reprodu\u00e7\u00e3o\/WhatsApp)<\/em><br \/>\n<\/br><\/p>\n<h3>Homic\u00eddios no Norte de Minas<\/h3>\n<p><strong>Bonito de Minas<\/strong><\/p>\n<p>Um homem de 27 anos morreu na quinta-feira (12) na zona rural de Bonito de Minas e a pol\u00edcia suspeita que o crime tenha sido cometido pelo tio dele, de 24. De acordo com a Pol\u00edcia Militar, os dois estavam em um bar quando houve um desentendimento em uma partida de baralho. O suspeito fugiu com um fac\u00e3o e ainda n\u00e3o foi localizado.<\/p>\n<p>A per\u00edcia constatou um corte profundo no pesco\u00e7o da v\u00edtima. O crime aconteceu no Povoado S\u00e3o Domingos e ser\u00e1 investigado pela Pol\u00edcia Civil.<\/p>\n<p><strong>Janu\u00e1ria<\/strong><\/p>\n<p>Um homem de 48 anos foi morto a facadas na Avenida Principal do Bairro Moradeiras, em Janu\u00e1ria, na tarde de quinta-feira. De acordo com a Pol\u00edcia Militar, socorristas do Samu estiveram no local e tentaram manobras de ressuscita\u00e7\u00e3o, mas a v\u00edtima n\u00e3o resistiu e veio a \u00f3bito. <\/p>\n<p>A Pol\u00edcia Militar j\u00e1 tem pistas do suspeito, mas ele ainda n\u00e3o foi preso. A motiva\u00e7\u00e3o do crime \u00e9 desconhecida e ser\u00e1 investigada. <\/p>\n<p><strong>Bras\u00edlia de Minas<\/strong><\/p>\n<p>Em Bras\u00edlia de Minas, um rapaz de 22 anos foi morto a tiros. O crime foi registrado na Rua Bogot\u00e1, na quinta-feira. De acordo com a PM, a v\u00edtima foi atingida no pesco\u00e7o e a motiva\u00e7\u00e3o do crime seria uma d\u00edvida do tr\u00e1fico de drogas. O autor \u00e9 procurado pela pol\u00edcia. <\/p>\n<p><strong>VER PRIMEIRO<\/strong><\/p>\n<p>Receba as not\u00edcias do Aconteceu no Vale em primeira m\u00e3o. Clique em curtir no endere\u00e7o <a href=\"https:\/\/www.facebook.com\/aconteceunovale\" target=\"_blank\"><font color=\"red\">www.facebook.com\/aconteceunovale<\/font><\/a> ou no box abaixo:<\/p>\n<div class=\"fb-like\" data-href=\"https:\/\/www.facebook.com\/aconteceunovale\" data-width=\"120\" data-layout=\"standard\" data-action=\"like\" data-size=\"small\" data-show-faces=\"true\" data-share=\"true\"><\/div>\n<p><\/br><\/p>\n<p><em>(Fonte: G1 Grande Minas)<\/em><\/p>\n","protected":false},"excerpt":{"rendered":"<p>A Pol\u00edcia Militar (PM) de Montes Claros prendeu na noite dessa sexta-feira (13\/10\/2017) um rapaz de 20 anos suspeito de ter matado uma jovem em um quarto de hotel da cidade norte-mineira. Segundo a PM, D\u00e9bora Fagundes Dias, que tamb\u00e9m tinha 20 anos, foi encontrada sem sinais vitais por funcion\u00e1rios do estabelecimento, que funciona no [&hellip;]<\/p>\n","protected":false},"author":1,"featured_media":122748,"comment_status":"open","ping_status":"closed","sticky":false,"template":"","format":"standard","meta":{"amp_status":"","footnotes":""},"categories":[1236],"tags":[162096,162089,1799,195,162087,159122,162094,38826,157636,25220,162093,205,162092,210,162088,162095,162091,162090],"class_list":["post-122747","post","type-post","status-publish","format-standard","has-post-thumbnail","hentry","category-norte_de_minas","tag-assassinado-em-bonito-de-minas","tag-assassinato-em-hotel-de-montes-claros","tag-bonito-de-minas","tag-brasilia-de-minas","tag-debora-fagundes-dias","tag-feminicidio-em-montes-claros","tag-homicidio-em-bonito-de-minas","tag-homicidio-em-brasilia-de-minas","tag-homicidio-em-januaria","tag-homicidio-em-montes-claros","tag-homicidios-no-norte-de-minas","tag-januaria","tag-jovem-e-assassinada-em-hotel-de-montes-claros","tag-montes-claros","tag-morte-em-hotel-de-montes-claros","tag-morto-em-bonito-de-minas","tag-mulher-enforcada-em-hotel-de-montes-claros","tag-mulher-morta-em-hotel-de-montes-claros"],"_links":{"self":[{"href":"https:\/\/aconteceunovale.com.br\/portal\/index.php?rest_route=\/wp\/v2\/posts\/122747","targetHints":{"allow":["GET"]}}],"collection":[{"href":"https:\/\/aconteceunovale.com.br\/portal\/index.php?rest_route=\/wp\/v2\/posts"}],"about":[{"href":"https:\/\/aconteceunovale.com.br\/portal\/index.php?rest_route=\/wp\/v2\/types\/post"}],"author":[{"embeddable":true,"href":"https:\/\/aconteceunovale.com.br\/portal\/index.php?rest_route=\/wp\/v2\/users\/1"}],"replies":[{"embeddable":true,"href":"https:\/\/aconteceunovale.com.br\/portal\/index.php?rest_route=%2Fwp%2Fv2%2Fcomments&post=122747"}],"version-history":[{"count":0,"href":"https:\/\/aconteceunovale.com.br\/portal\/index.php?rest_route=\/wp\/v2\/posts\/122747\/revisions"}],"wp:featuredmedia":[{"embeddable":true,"href":"https:\/\/aconteceunovale.com.br\/portal\/index.php?rest_route=\/wp\/v2\/media\/122748"}],"wp:attachment":[{"href":"https:\/\/aconteceunovale.com.br\/portal\/index.php?rest_route=%2Fwp%2Fv2%2Fmedia&parent=122747"}],"wp:term":[{"taxonomy":"category","embeddable":true,"href":"https:\/\/aconteceunovale.com.br\/portal\/index.php?rest_route=%2Fwp%2Fv2%2Fcategories&post=122747"},{"taxonomy":"post_tag","embeddable":true,"href":"https:\/\/aconteceunovale.com.br\/portal\/index.php?rest_route=%2Fwp%2Fv2%2Ftags&post=122747"}],"curies":[{"name":"wp","href":"https:\/\/api.w.org\/{rel}","templated":true}]}}