{"id":122734,"date":"2017-10-13T14:43:43","date_gmt":"2017-10-13T16:43:43","guid":{"rendered":"http:\/\/aconteceunovale.com.br\/portal\/?p=122734"},"modified":"2017-10-13T14:43:43","modified_gmt":"2017-10-13T16:43:43","slug":"dupla-e-presa-com-37-quilos-de-quartzo-em-olhos-dagua-no-norte-de-minas","status":"publish","type":"post","link":"https:\/\/aconteceunovale.com.br\/portal\/?p=122734","title":{"rendered":"Dupla \u00e9 presa com 37 quilos de quartzo em Olhos D\u2019\u00c1gua, no Norte de Minas"},"content":{"rendered":"<p>Dois homens, de 40 e 51 anos, foram presos com 37 quilos de quartzo sem origem fiscal, nessa quinta-feira (12\/10\/2017), na zona rural de Olhos D&#8217;\u00c1gua, no Norte de Minas. De acordo com a Pol\u00edcia Militar de Meio Ambiente, 16 quilos das pedras j\u00e1 estavam lapidados e prontos para o com\u00e9rcio. Com os suspeitos, tamb\u00e9m foram apreendidas por\u00e7\u00f5es de maconha. Os militares chegaram at\u00e9 o min\u00e9rio ap\u00f3s den\u00fancia.<\/p>\n<p>&#8220;Na den\u00fancia, pelo n\u00famero 181, fomos informados que os homens estavam comprando pedras de extra\u00e7\u00f5es ilegais na regi\u00e3o. No momento da abordagem, eles n\u00e3o ofereceram resist\u00eancia e confirmaram que s\u00e3o s\u00f3cios na compra de pedras; os dois s\u00e3o naturais de Curvelo. As pedras lapidadas s\u00e3o cristais amarronzados, usados em fabrica\u00e7\u00e3o de joias e semij\u00f3ias. Eles n\u00e3o tinham comprova\u00e7\u00e3o oficial da compra&#8221;, explicou o Comandante da Pol\u00edcia de Meio Ambiente, tenente-coronel Gild\u00e1sio R\u00f4mulo.<\/p>\n<p>A abordagem aos suspeitos aconteceu em uma estrada rural na regi\u00e3o da Comunidade de Pedra Negra. Os dois homens foram levados para a Delegacia de Plant\u00e3o de Montes Claros, com as por\u00e7\u00f5es de maconha. As pedras foram entregues na Pol\u00edcia Federal por se tratar de bem da Uni\u00e3o. O ve\u00edculo, com placas de Belo Horizonte, foi apreendido.<\/p>\n<p>&#8220;Ser\u00e1 instaurado inqu\u00e9rito e as pedras ser\u00e3o periciadas para se aferir valor comercial. \u00c9 poss\u00edvel que os envolvidos sejam indiciados por usurpa\u00e7\u00e3o de bens da Uni\u00e3o&#8221;, disse o delegado da Pol\u00edcia Federal, Thiago Garcia.<\/p>\n<p><img decoding=\"async\" src=\"http:\/\/aconteceunovale.com.br\/portal\/wp-content\/uploads\/2017\/10\/quartzo_olhosdagua_1.jpg\" alt=\"\" \/><em>Pol\u00edcia de Meio Ambiente apreendeu 37 quilos de quartzo (Foto: PM\/Divulga\u00e7\u00e3o)<\/em><br \/>\n<\/br><\/p>\n<p><img decoding=\"async\" src=\"http:\/\/aconteceunovale.com.br\/portal\/wp-content\/uploads\/2017\/10\/quartzo_olhosdagua_2.jpg\" alt=\"\" \/><em>Min\u00e9rios estavam em sacos de linha\u00e7a e caixa (Foto: Pol\u00edcia Militar\/Divulga\u00e7\u00e3o)<\/em><br \/>\n<\/br><\/p>\n<p><strong>VER PRIMEIRO<\/strong><\/p>\n<p>Receba as not\u00edcias do Aconteceu no Vale em primeira m\u00e3o. Clique em curtir no endere\u00e7o <a href=\"https:\/\/www.facebook.com\/aconteceunovale\" target=\"_blank\"><font color=\"red\">www.facebook.com\/aconteceunovale<\/font><\/a> ou no box abaixo:<\/p>\n<div class=\"fb-like\" data-href=\"https:\/\/www.facebook.com\/aconteceunovale\" data-width=\"120\" data-layout=\"standard\" data-action=\"like\" data-size=\"small\" data-show-faces=\"true\" data-share=\"true\"><\/div>\n<p><\/br><\/p>\n<p><em>(Fonte: G1 Grande Minas)<\/em><\/p>\n","protected":false},"excerpt":{"rendered":"<p>Dois homens, de 40 e 51 anos, foram presos com 37 quilos de quartzo sem origem fiscal, nessa quinta-feira (12\/10\/2017), na zona rural de Olhos D&#8217;\u00c1gua, no Norte de Minas. De acordo com a Pol\u00edcia Militar de Meio Ambiente, 16 quilos das pedras j\u00e1 estavam lapidados e prontos para o com\u00e9rcio. Com os suspeitos, tamb\u00e9m [&hellip;]<\/p>\n","protected":false},"author":1,"featured_media":122735,"comment_status":"open","ping_status":"closed","sticky":false,"template":"","format":"standard","meta":{"amp_status":"","footnotes":""},"categories":[1236],"tags":[162068,197,162064,162066,210,33228,973,162067,162065,162069],"class_list":["post-122734","post","type-post","status-publish","format-standard","has-post-thumbnail","hentry","category-norte_de_minas","tag-apreensao-de-quartzo-em-olhos-dagua","tag-curvelo","tag-dupla-e-presa-com-37-quilos-de-quartzo-em-olhos-dagua","tag-homens-presos-com-quartzo-em-olhos-dagua","tag-montes-claros","tag-no-norte-de-minas","tag-olhos-dagua","tag-presos-com-quartzo-em-olhos-dagua","tag-presos-em-olhos-dagua","tag-quartzo-apreendido-em-olhos-dagua"],"_links":{"self":[{"href":"https:\/\/aconteceunovale.com.br\/portal\/index.php?rest_route=\/wp\/v2\/posts\/122734","targetHints":{"allow":["GET"]}}],"collection":[{"href":"https:\/\/aconteceunovale.com.br\/portal\/index.php?rest_route=\/wp\/v2\/posts"}],"about":[{"href":"https:\/\/aconteceunovale.com.br\/portal\/index.php?rest_route=\/wp\/v2\/types\/post"}],"author":[{"embeddable":true,"href":"https:\/\/aconteceunovale.com.br\/portal\/index.php?rest_route=\/wp\/v2\/users\/1"}],"replies":[{"embeddable":true,"href":"https:\/\/aconteceunovale.com.br\/portal\/index.php?rest_route=%2Fwp%2Fv2%2Fcomments&post=122734"}],"version-history":[{"count":0,"href":"https:\/\/aconteceunovale.com.br\/portal\/index.php?rest_route=\/wp\/v2\/posts\/122734\/revisions"}],"wp:featuredmedia":[{"embeddable":true,"href":"https:\/\/aconteceunovale.com.br\/portal\/index.php?rest_route=\/wp\/v2\/media\/122735"}],"wp:attachment":[{"href":"https:\/\/aconteceunovale.com.br\/portal\/index.php?rest_route=%2Fwp%2Fv2%2Fmedia&parent=122734"}],"wp:term":[{"taxonomy":"category","embeddable":true,"href":"https:\/\/aconteceunovale.com.br\/portal\/index.php?rest_route=%2Fwp%2Fv2%2Fcategories&post=122734"},{"taxonomy":"post_tag","embeddable":true,"href":"https:\/\/aconteceunovale.com.br\/portal\/index.php?rest_route=%2Fwp%2Fv2%2Ftags&post=122734"}],"curies":[{"name":"wp","href":"https:\/\/api.w.org\/{rel}","templated":true}]}}