{"id":122732,"date":"2017-10-13T14:23:23","date_gmt":"2017-10-13T16:23:23","guid":{"rendered":"http:\/\/aconteceunovale.com.br\/portal\/?p=122732"},"modified":"2017-10-13T14:23:23","modified_gmt":"2017-10-13T16:23:23","slug":"horario-de-verao-comeca-neste-domingo-dia-15-de-outubro","status":"publish","type":"post","link":"https:\/\/aconteceunovale.com.br\/portal\/?p=122732","title":{"rendered":"Hor\u00e1rio de ver\u00e3o come\u00e7a neste domingo, dia 15 de outubro"},"content":{"rendered":"<p>O tradicional hor\u00e1rio de ver\u00e3o come\u00e7a \u00e0 zero hora deste domingo (15\/10\/2017). Com sua chegada, a popula\u00e7\u00e3o de dez estados e do Distrito Federal dever\u00e1 adiantar os rel\u00f3gios em uma hora. Essa altera\u00e7\u00e3o de hor\u00e1rio vigorar\u00e1 at\u00e9 17 de fevereiro de 2018, completando assim 126 dias de dura\u00e7\u00e3o.<\/p>\n<p>Segundo o engenheiro de planejamento energ\u00e9tico Wilson Fernandes Lage, da Cemig, o objetivo dessa mudan\u00e7a \u00e9 aumentar a seguran\u00e7a da opera\u00e7\u00e3o do sistema el\u00e9trico brasileiro. \u201cNesse per\u00edodo, h\u00e1 uma redu\u00e7\u00e3o da demanda m\u00e1xima por energia durante o hor\u00e1rio de pico de consumo, que ocorre entre 18h e 23h\u201d, afirma.<\/p>\n<p>O engenheiro avalia, ainda, que a altera\u00e7\u00e3o do hor\u00e1rio n\u00e3o tem nenhuma rela\u00e7\u00e3o com o aumento do consumo de energia decorrente das altas temperaturas, t\u00edpicas do ver\u00e3o, quando h\u00e1 uma maior utiliza\u00e7\u00e3o de equipamentos como aparelhos de ar-condicionado, geladeiras, ventiladores e freezers.<\/p>\n<p>\u201cDevido a esse aumento, o consumo na parte da tarde n\u00e3o \u00e9 alterado com o hor\u00e1rio de ver\u00e3o, mas a mudan\u00e7a colabora para que n\u00e3o haja a ocorr\u00eancia de um segundo pico de consumo, j\u00e1 que as pessoas passam a aproveitar por mais tempo a luz natural do dia, evitando assim a liga\u00e7\u00e3o simult\u00e2nea de chuveiros, por exemplo, e da ilumina\u00e7\u00e3o artificial\u201d, explica.<\/p>\n<p><strong>Redu\u00e7\u00e3o de consumo prevista para Minas Gerais<\/strong><\/p>\n<p>Com a ado\u00e7\u00e3o do hor\u00e1rio de ver\u00e3o, a Cemig espera uma redu\u00e7\u00e3o na demanda m\u00e1xima de 4,0%, equivalente a 350 megawatts (MW) de pot\u00eancia. Para se ter uma ideia, essa economia poderia abastecer a demanda de pico de munic\u00edpio de 800 mil habitantes, equivalente \u00e0 soma da popula\u00e7\u00e3o de Juiz de Fora e Sete Lagoas, em Minas Gerais.<\/p>\n<p>A redu\u00e7\u00e3o no consumo de energia \u00e9 um benef\u00edcio secund\u00e1rio, por\u00e9m sempre desej\u00e1vel, pois as condi\u00e7\u00f5es de gera\u00e7\u00e3o de energia est\u00e3o prejudicadas pelos baixos n\u00edveis de \u00e1gua em nossos rios e reservat\u00f3rios, devido a uma sequ\u00eancia de anos com chuvas reduzidas. Nesse sentido, a economia esperada \u00e9 de at\u00e9 0,5%, que representa cerca de 110.000 megawatts-hora (MWh), suficiente para abastecer Belo Horizonte por nove dias.<\/p>\n<p>Para os consumidores comerciais e residenciais, o consumo de energia pode reduzir at\u00e9 5%,, devido ao menor tempo de utiliza\u00e7\u00e3o da ilumina\u00e7\u00e3o artificial.<\/p>\n<p><strong>Economia prevista no Brasil<\/strong><\/p>\n<p>De acordo com as avalia\u00e7\u00f5es do Operador Nacional do Sistema El\u00e9trico (ONS), nos \u00faltimos anos o hor\u00e1rio de ver\u00e3o alcan\u00e7ou uma redu\u00e7\u00e3o m\u00e9dia de 4,5 % na demanda no hor\u00e1rio de pico e uma economia di\u00e1ria de 0,5%. A economia tida no per\u00edodo em que o hor\u00e1rio de ver\u00e3o vigora equivale \u00e0 demanda de uma cidade como Bras\u00edlia durante 30 dias.<\/p>\n<p>Al\u00e9m disso, o ONS estima que os ganhos com o hor\u00e1rio de ver\u00e3o chegam a R$ 147 milh\u00f5es. Esse valor representa o custo evitado em despacho de usinas t\u00e9rmicas por quest\u00f5es de seguran\u00e7a el\u00e9trica e atendimento \u00e0 ponta de carga no per\u00edodo de vig\u00eancia desse hor\u00e1rio.<\/p>\n<p><strong>Decreto<\/strong><\/p>\n<p>O Decreto Presidencial n\u00ba 6.558, de 2008, fixou as datas do hor\u00e1rio de ver\u00e3o. O in\u00edcio ocorre sempre a partir de zero hora do terceiro domingo do m\u00eas de outubro de cada ano. O t\u00e9rmino acontece \u00e0 zero hora do terceiro domingo do m\u00eas de fevereiro do ano seguinte, exceto quando coincide com o domingo de carnaval. Nesse caso, o encerramento \u00e9 adiado para o pr\u00f3ximo domingo daquele m\u00eas.<\/p>\n<p><strong>VER PRIMEIRO<\/strong><\/p>\n<p>Receba as not\u00edcias do Aconteceu no Vale em primeira m\u00e3o. Clique em curtir no endere\u00e7o <a href=\"https:\/\/www.facebook.com\/aconteceunovale\" target=\"_blank\"><font color=\"red\">www.facebook.com\/aconteceunovale<\/font><\/a> ou no box abaixo:<\/p>\n<div class=\"fb-like\" data-href=\"https:\/\/www.facebook.com\/aconteceunovale\" data-width=\"120\" data-layout=\"standard\" data-action=\"like\" data-size=\"small\" data-show-faces=\"true\" data-share=\"true\"><\/div>\n<p><\/br><\/p>\n<p><em>(Fonte: Ag\u00eancia Minas)<\/em><\/p>\n","protected":false},"excerpt":{"rendered":"<p>O tradicional hor\u00e1rio de ver\u00e3o come\u00e7a \u00e0 zero hora deste domingo (15\/10\/2017). Com sua chegada, a popula\u00e7\u00e3o de dez estados e do Distrito Federal dever\u00e1 adiantar os rel\u00f3gios em uma hora. Essa altera\u00e7\u00e3o de hor\u00e1rio vigorar\u00e1 at\u00e9 17 de fevereiro de 2018, completando assim 126 dias de dura\u00e7\u00e3o. Segundo o engenheiro de planejamento energ\u00e9tico Wilson [&hellip;]<\/p>\n","protected":false},"author":1,"featured_media":52020,"comment_status":"open","ping_status":"closed","sticky":false,"template":"","format":"standard","meta":{"amp_status":"","footnotes":""},"categories":[6,123],"tags":[347,162061,162063,345,161432,162062,161433,162060,140033],"class_list":["post-122732","post","type-post","status-publish","format-standard","has-post-thumbnail","hentry","category-br","category-gerais","tag-cemig","tag-data-de-inicio-do-horario-de-verao-2017","tag-dia-15-de-outubro","tag-horario-de-verao","tag-horario-de-verao-2017","tag-horario-de-verao-comeca-neste-domingo","tag-inicio-do-horario-de-verao-2017","tag-tradicional-horario-de-verao","tag-wilson-fernandes-lage"],"_links":{"self":[{"href":"https:\/\/aconteceunovale.com.br\/portal\/index.php?rest_route=\/wp\/v2\/posts\/122732","targetHints":{"allow":["GET"]}}],"collection":[{"href":"https:\/\/aconteceunovale.com.br\/portal\/index.php?rest_route=\/wp\/v2\/posts"}],"about":[{"href":"https:\/\/aconteceunovale.com.br\/portal\/index.php?rest_route=\/wp\/v2\/types\/post"}],"author":[{"embeddable":true,"href":"https:\/\/aconteceunovale.com.br\/portal\/index.php?rest_route=\/wp\/v2\/users\/1"}],"replies":[{"embeddable":true,"href":"https:\/\/aconteceunovale.com.br\/portal\/index.php?rest_route=%2Fwp%2Fv2%2Fcomments&post=122732"}],"version-history":[{"count":0,"href":"https:\/\/aconteceunovale.com.br\/portal\/index.php?rest_route=\/wp\/v2\/posts\/122732\/revisions"}],"wp:featuredmedia":[{"embeddable":true,"href":"https:\/\/aconteceunovale.com.br\/portal\/index.php?rest_route=\/wp\/v2\/media\/52020"}],"wp:attachment":[{"href":"https:\/\/aconteceunovale.com.br\/portal\/index.php?rest_route=%2Fwp%2Fv2%2Fmedia&parent=122732"}],"wp:term":[{"taxonomy":"category","embeddable":true,"href":"https:\/\/aconteceunovale.com.br\/portal\/index.php?rest_route=%2Fwp%2Fv2%2Fcategories&post=122732"},{"taxonomy":"post_tag","embeddable":true,"href":"https:\/\/aconteceunovale.com.br\/portal\/index.php?rest_route=%2Fwp%2Fv2%2Ftags&post=122732"}],"curies":[{"name":"wp","href":"https:\/\/api.w.org\/{rel}","templated":true}]}}