{"id":122680,"date":"2017-10-12T17:56:17","date_gmt":"2017-10-12T19:56:17","guid":{"rendered":"http:\/\/aconteceunovale.com.br\/portal\/?p=122680"},"modified":"2017-10-12T17:56:17","modified_gmt":"2017-10-12T19:56:17","slug":"apos-uma-semana-16-vitimas-do-ataque-em-creche-de-janauba-permanecem-internadas","status":"publish","type":"post","link":"https:\/\/aconteceunovale.com.br\/portal\/?p=122680","title":{"rendered":"Ap\u00f3s uma semana, 16 v\u00edtimas do ataque em creche de Jana\u00faba permanecem internadas"},"content":{"rendered":"<p>A trag\u00e9dia no Centro de Educa\u00e7\u00e3o Infantil (CEMI) Gente Inocente, em Jana\u00faba (MG), completa uma semana nesta quinta-feira (12\/10\/2017) e 16 pessoas permanecem internadas em hospitais de Montes Claros e Belo Horizonte, sendo 12 crian\u00e7as. Uma menina de cinco anos, que n\u00e3o teve o nome divulgado e estava no Hospital Jo\u00e3o XXIII, em Belo Horizonte, recebeu alta m\u00e9dica hoje.<\/p>\n<p>Onze pessoas morreram no inc\u00eandio, entre elas 9 crian\u00e7as, a professora Heley de Abreu Silva Batista e o vigia Dami\u00e3o Soares dos Santos. No ataque, Heley Batista teve 90% do corpo queimado tentando salvar os alunos. A creche ser\u00e1 reconstru\u00edda e ter\u00e1 o nome da professora, que morreu como hero\u00edna.<\/p>\n<p><img decoding=\"async\" src=\"http:\/\/aconteceunovale.com.br\/portal\/wp-content\/uploads\/2017\/10\/vitimas_janauba.jpg\" alt=\"\" \/><em>V\u00edtimas do inc\u00eandio criminoso na creche Gente Inocente (Foto: Reprodu\u00e7\u00e3o\/Inter TV)<\/em><br \/>\n<\/br><\/p>\n<h4>V\u00edtimas internadas<\/h4>\n<p>Oito pessoas permanecem internadas em hospitais de Belo Horizonte, sendo quatro crian\u00e7as e dois adultos no Pronto-Socorro Jo\u00e3o XXIII, uma crian\u00e7a est\u00e1 no Hospital Jo\u00e3o Paulo II e outra no Odilon Behrens. Em Montes Claros tamb\u00e9m s\u00e3o oito pacientes hospitalizados, sendo cinco crian\u00e7as e dois adultos na Santa Casa e uma v\u00edtima est\u00e1 no Hospital Universit\u00e1rio.<\/p>\n<p>A assessoria do Hospital Jo\u00e3o XXIII n\u00e3o divulgou o nome da menina liberada hoje. Entre os internados, duas mulheres t\u00eam quadro cl\u00ednico grave, duas crian\u00e7as est\u00e3o est\u00e1veis e outras duas apresentam quadro grave de sa\u00fade.<\/p>\n<p>De acordo com a Fhemig, um menino de cinco anos est\u00e1 internado no Hospital Infantil Jo\u00e3o Paulo II e permanece est\u00e1vel. Uma menina internada no local teve alta e saiu da unidade na tarde dessa quarta-feira (11).<\/p>\n<p>Entre a tarde de ter\u00e7a-feira (10) e a manh\u00e3 de quarta, outras duas crian\u00e7as internadas no Hospital Odilon Behrens haviam recebido alta. Na unidade, ainda h\u00e1 um menino de quatro anos internado.<\/p>\n<p><strong>VER PRIMEIRO<\/strong><\/p>\n<p>Receba as not\u00edcias do Aconteceu no Vale em primeira m\u00e3o. Clique em curtir no endere\u00e7o <a href=\"https:\/\/www.facebook.com\/aconteceunovale\" target=\"_blank\"><font color=\"red\">www.facebook.com\/aconteceunovale<\/font><\/a> ou no box abaixo:<\/p>\n<div class=\"fb-like\" data-href=\"https:\/\/www.facebook.com\/aconteceunovale\" data-width=\"120\" data-layout=\"standard\" data-action=\"like\" data-size=\"small\" data-show-faces=\"true\" data-share=\"true\"><\/div>\n<p><\/br><\/p>\n<p><em>(Com G1 Grande Minas)<\/em><\/p>\n","protected":false},"excerpt":{"rendered":"<p>A trag\u00e9dia no Centro de Educa\u00e7\u00e3o Infantil (CEMI) Gente Inocente, em Jana\u00faba (MG), completa uma semana nesta quinta-feira (12\/10\/2017) e 16 pessoas permanecem internadas em hospitais de Montes Claros e Belo Horizonte, sendo 12 crian\u00e7as. Uma menina de cinco anos, que n\u00e3o teve o nome divulgado e estava no Hospital Jo\u00e3o XXIII, em Belo Horizonte, [&hellip;]<\/p>\n","protected":false},"author":1,"featured_media":122681,"comment_status":"open","ping_status":"closed","sticky":false,"template":"","format":"standard","meta":{"amp_status":"","footnotes":""},"categories":[1236],"tags":[161971,161694,161579,161478,161573,161970,161780,139815,161582,161451,161695,161439,161598,161596,161717,161446,161585,161600,161453,161470,161587,161580,161696,161578,161586,161452,68838,161444,161460,161459,161801,161436,161778,161779,57912,161477,695,161576,204,161481,161480,161574,161961,161479,161484,161503,161572,20181,161781,131,22390,19326,161476,161588,43720,34259,161733,161456,161441,161443,161442,33341,161583,161584,33228,161715,161577,161455,161716,161571,161570,161483,161597,161440,161445,161438,161437,161482,161575],"class_list":["post-122680","post","type-post","status-publish","format-standard","has-post-thumbnail","hentry","category-norte_de_minas","tag-16-vitimas-do-ataque-em-creche-de-janauba-permanecem-internadas","tag-23-pessoas-ja-receberam-alta-medica-e-24-continuam-internadas-apos-ataque-em-creche-de-janauba","tag-a-conduta-dela-foi-heroica","tag-ana-clara-ferreira-silva","tag-andrea-rodrigues-moncao","tag-apos-uma-semana","tag-ataque-a-creche","tag-bruno-fernandes-barbosa","tag-campanha-busca-ajudar-familiares-e-vitimas-do-ataque-em-creche-de-janauba","tag-carlos-isaildon-mendes","tag-cecilia-davina-goncalves-dias","tag-centro-municipal-de-educacao-infantil-gente-inocente","tag-chega-a-10-o-numero-de-mortes-apos-incendio-criminoso-em-creche-de-janauba","tag-creche","tag-creche-deve-receber-nome-da-professora","tag-creche-gente-inocente-janauba","tag-creche-incendiada-por-vigia-em-janauba-nao-tinha-extintor-e-nem-alvara-corpo-de-bombeiros","tag-criancas-vitimas-de-tragedia-em-creche-deixam-hospital-em-janauba","tag-damiao-soares-dos-santos","tag-deputados-prestam-solidariedade-a-vitimas-de-janauba","tag-disse-vigia-antes-de-atear-fogo-em-creche","tag-diz-delegado-sobre-professora-que-morreu-apos-ataque-em-creche-de-janauba","tag-ela-era-a-alegria-de-todos-a-dor-da-familia-da-crianca-dada-por-morta-antes-da-hora-apos-ataque-em-janauba","tag-eliane-ramos-dias","tag-eu-vou-dar-picole-para-voces","tag-fernando-pimentel-vai-a-janauba-e-michel-temer-lamenta-tragedia-com-criancas","tag-fundajan","tag-gente-inocente","tag-governo-de-minas-decreta-luto-oficial-de-tres-dias-apos-tragedia-com-criancas-em-janauba","tag-governo-de-minas-decreta-luto-oficial-de-tres-dias-apos-tragedia-em-janauba","tag-governo-federal-libera-r-8-7-milhoes-para-acoes-de-apoio-a-tragedia-de-janauba","tag-homem-ateia-fogo-em-creche-e-mata-criancas-em-janauba","tag-hospitais-de-janauba-alertam-para-atrasos-em-repasses-financeiros","tag-hospitais-de-janauba-alertam-para-precariedade-financeira","tag-hospital-regional-de-janauba","tag-iml-divulga-nomes-das-quatro-criancas-mortas-em-creche-de-janauba","tag-incendio","tag-italo-raique-dos-anjos-dias","tag-janauba","tag-juan-miguel-soares-silva","tag-juan-pablo-cruz-dos-santos","tag-kaio-phierre-dos-santos","tag-leia-a-carta-que-o-papa-francisco-mandou-para-as-vitimas-do-incendio-criminoso-em-janauba","tag-luiz-davi-carlos-rodrigues","tag-mais-duas-criancas-e-professora-morrem-apos-ataque-em-creche-de-janauba","tag-mais-uma-crianca-e-professora-morrem-apos-ataque-em-creche-de-janauba","tag-maria-rita-barbosa-souza","tag-michel-temer","tag-michel-temer-determina-auxilio-aos-afetados-pelo-incendio-criminoso-em-creche-de-janauba","tag-minas-gerais","tag-ministerio-da-educacao","tag-ministerio-da-saude","tag-ministerio-publico-designa-promotores-de-justica-para-acompanhar-caso-de-incendio-criminoso-em-creche-de-janauba","tag-ministerio-publico-instaura-inqueritos-para-apurar-fatos-relacionados-a-tragedia-de-janauba","tag-ministro-da-educacao","tag-ministro-da-saude","tag-morre-mais-uma-crianca-vitima-do-incendio-criminoso-em-creche-de-janauba","tag-morre-vigia-que-ateou-fogo-em-creche-e-matou-criancas-em-janauba","tag-morte-de-criancas-em-creche-de-janauba","tag-morte-de-criancas-em-janauba","tag-morte-de-criancas-no-centro-municipal-de-educacao-infantil-gente-inocente","tag-mortes","tag-multidao-acompanha-cortejo-de-professora-morta-no-ataque-em-creche-de-janauba","tag-multidao-se-despede-de-professora-morta-no-ataque-em-creche-de-janauba","tag-no-norte-de-minas","tag-ordem-nacional-do-merito","tag-patricia-dias-de-oliveira","tag-prefeitura-de-janauba-decreta-luto-oficial-de-sete-dias-apos-tragedia-com-criancas","tag-presidente-concede-ordem-nacional-do-merito-a-professora-que-morreu-apos-salvar-criancas-em-janauba","tag-rosangela-souza-barbosa","tag-sobe-para-nove-o-numero-de-mortos-apos-ataque-em-creche-de-janauba","tag-sobe-para-seis-o-numero-de-criancas-mortas-apos-ataque-em-creche-de-janauba","tag-talita-vitoria-bispo","tag-tragedia-centro-municipal-de-educacao-infantil-gente-inocente","tag-tragedia-creche-gente-inocente-janauba","tag-tragedia-em-creche-de-janauba","tag-tragedia-em-janauba","tag-vigia-premeditou-ataque-a-creche-e-trancou-portas-antes-de-atear-fogo","tag-weberty-kaique-dos-anjos-dias"],"_links":{"self":[{"href":"https:\/\/aconteceunovale.com.br\/portal\/index.php?rest_route=\/wp\/v2\/posts\/122680","targetHints":{"allow":["GET"]}}],"collection":[{"href":"https:\/\/aconteceunovale.com.br\/portal\/index.php?rest_route=\/wp\/v2\/posts"}],"about":[{"href":"https:\/\/aconteceunovale.com.br\/portal\/index.php?rest_route=\/wp\/v2\/types\/post"}],"author":[{"embeddable":true,"href":"https:\/\/aconteceunovale.com.br\/portal\/index.php?rest_route=\/wp\/v2\/users\/1"}],"replies":[{"embeddable":true,"href":"https:\/\/aconteceunovale.com.br\/portal\/index.php?rest_route=%2Fwp%2Fv2%2Fcomments&post=122680"}],"version-history":[{"count":0,"href":"https:\/\/aconteceunovale.com.br\/portal\/index.php?rest_route=\/wp\/v2\/posts\/122680\/revisions"}],"wp:featuredmedia":[{"embeddable":true,"href":"https:\/\/aconteceunovale.com.br\/portal\/index.php?rest_route=\/wp\/v2\/media\/122681"}],"wp:attachment":[{"href":"https:\/\/aconteceunovale.com.br\/portal\/index.php?rest_route=%2Fwp%2Fv2%2Fmedia&parent=122680"}],"wp:term":[{"taxonomy":"category","embeddable":true,"href":"https:\/\/aconteceunovale.com.br\/portal\/index.php?rest_route=%2Fwp%2Fv2%2Fcategories&post=122680"},{"taxonomy":"post_tag","embeddable":true,"href":"https:\/\/aconteceunovale.com.br\/portal\/index.php?rest_route=%2Fwp%2Fv2%2Ftags&post=122680"}],"curies":[{"name":"wp","href":"https:\/\/api.w.org\/{rel}","templated":true}]}}