{"id":122677,"date":"2017-10-12T16:52:52","date_gmt":"2017-10-12T18:52:52","guid":{"rendered":"http:\/\/aconteceunovale.com.br\/portal\/?p=122677"},"modified":"2017-10-12T16:52:52","modified_gmt":"2017-10-12T18:52:52","slug":"santuario-nacional-de-aparecida-recebe-200-mil-fieis-no-feriado","status":"publish","type":"post","link":"https:\/\/aconteceunovale.com.br\/portal\/?p=122677","title":{"rendered":"Santu\u00e1rio Nacional de Aparecida recebe 200 mil fi\u00e9is no feriado"},"content":{"rendered":"<p>O Santu\u00e1rio Nacional de Nossa Senhora Aparecida, no munic\u00edpio de Aparecida (SP), recebe aproximadamente 200 mil visitantes hoje (12), cerca de 30 mil pessoas a mais que a estimativa inicial. No feriado do ano passado, que caiu em uma ter\u00e7a-feira, foram recebidos 150 mil fi\u00e9is. A celebra\u00e7\u00e3o este ano comemora os 300 anos da apari\u00e7\u00e3o da imagem de Nossa Senhora Aparecida.<\/p>\n<p>Milhares de romeiros vieram de cidades pr\u00f3ximas caminhando pelo acostamento da Rodovia Dutra, que liga S\u00e3o Paulo ao Rio de Janeiro, mesmo sob forte calor. A temperatura m\u00e9dia registrada na cidade \u00e9\u00a0 32 graus. Dentro do santu\u00e1rio, foram feitos 388 atendimentos m\u00e9dicos at\u00e9 as 14h, nenhum caso grave.<\/p>\n<p>Sebasti\u00e3o Henrique de Moraes, de 44 anos, levou 11 horas para percorrer 40 quil\u00f4metros a p\u00e9. Ele saiu de sua cidade, Pindamonhangaba (SP), na tarde de ontem (11) e ainda pretende voltar a p\u00e9. \u201cEste \u00e9 o s\u00e9timo ano que venho. Tive promessas para que meus dois filhos melhorassem, mas eles morreram. As outras foram recebidas, toda promessa que eu fa\u00e7o, eu recebo\u201d.<\/p>\n<p>O romeiro fez a peregrina\u00e7\u00e3o ao lado da fam\u00edlia de oito pessoas. Mesmo cansado, ele aguardava h\u00e1 mais de uma hora em uma fila para se aproximar da imagem da santa. \u201cQuero agradecer a ela, j\u00e1 que tenho essa chance, quero conversar com ela de pertinho\u201d.<\/p>\n<p><img decoding=\"async\" src=\"http:\/\/aconteceunovale.com.br\/portal\/wp-content\/uploads\/2017\/10\/aparecida_fieis.jpg\" alt=\"\" \/><em>Fi\u00e9is comemoram 300 anos da apari\u00e7\u00e3o da imagem de Nossa Senhora (Rovena Rosa\/Ag\u00eancia Brasil)<\/em><br \/>\n<\/br><\/p>\n<p><strong>Excurs\u00f5es<\/strong><\/p>\n<p>O estacionamento da bas\u00edlica, com capacidade para 3 mil carros e 2 mil \u00f4nibus, lotou logo no in\u00edcio da manh\u00e3. Lindalva Ribeiro, 60 anos, veio em uma excurs\u00e3o de \u00f4nibus da cidade de Ipia\u00fa, na Bahia. Foram 26 horas de viagem junto a 45 pessoas. \u201cEstamos aqui desde ter\u00e7a-feira. A gente est\u00e1 apaixonada por Aparecida, tudo muito lindo. Cada ano que a gente vem \u00e9 diferente. Sou devot\u00edssima. Agradecemos, pagamos promessas\u201d.<\/p>\n<p>Para o padre Jo\u00e3o Batista de Almeida, reitor do Santu\u00e1rio Nacional, a festa deste ano celebra 300 anos de gra\u00e7as e ben\u00e7\u00e3os. \u201cA hist\u00f3ria da santa vai continuar nessa caminhada mission\u00e1ria pelos pr\u00f3ximos 300 anos\u201d. Nesta edi\u00e7\u00e3o, a igreja e a Justi\u00e7a do Trabalho se uniram numa campanha para erradicar o trabalho infantil.<\/p>\n<p>\u201cTemos mais de 2,5 milh\u00f5es de crian\u00e7as trabalhando e perdendo o seu tempo de inf\u00e2ncia. Somamos for\u00e7a com a Justi\u00e7a do Trabalho, para tomar consci\u00eancia de que a crian\u00e7a precisa estudar e brincar. Criamos a\u00a0<em>#chegadetrabalhoinfantil<\/em>\u201d, disse.<\/p>\n<p>Em v\u00eddeo exibido durante a missa solene, \u00e0s 9h30, o Papa Francisco mandou recado ao povo brasileiro, desejando for\u00e7a para enfrentar a corrup\u00e7\u00e3o. O padre Jo\u00e3o comentou sobre a aus\u00eancia do papa, que havia prometido, assim que assumiu o papado, que viria para a festa de 300 de Nossa Senhora.<\/p>\n<p>\u201cNo ano passado, fomos a Roma levar a imagem e o papa j\u00e1 dava sinais de que n\u00e3o viria. A raz\u00e3o \u00e9 pastoral da igreja. Este ano, seria de visitas de bispos, ele tem que receber um por um. Uma viagem internacional iria custar uma semana a ele\u201d, disse o padre.<\/p>\n<p><strong>Aus\u00eancia de autoridades<\/strong><\/p>\n<p>O padre Jo\u00e3o falou ainda sobre a aus\u00eancia de autoridades na festividade \u2013 apenas o governador Geraldo Alckmin compareceu. \u201cA igreja est\u00e1 sempre de portas abertas a todos, s\u00e3o sempre bem-vindos. Mas n\u00e3o \u00e9 tradi\u00e7\u00e3o a presen\u00e7a de autoridades, a n\u00e3o ser Alckmin, que j\u00e1 vinha desde antes\u201d.<\/p>\n<p>O padre tamb\u00e9m respondeu ao questionamento de jornalistas a respeito da aus\u00eancia do presidente Michel Temer. \u201cN\u00f3s o convidamos, mas n\u00e3o \u00e9 tradi\u00e7\u00e3o. Se eu fosse presidente do Brasil viria. De repente, a assessoria [do presidente] n\u00e3o se atentou\u201d, disse o padre.<\/p>\n<p><strong>Alckmin<\/strong><\/p>\n<p>O governador Geraldo Alckmin disse que rezou pelos doentes, pelos que sofrem e pelo seu filho Thomaz Rodrigues Alckmin, que morreu em abril de 2015 em uma queda de helic\u00f3ptero. \u201c\u00c9 sempre uma emo\u00e7\u00e3o renovada, nossa senhora, padroeira do nosso pa\u00eds, a m\u00e3e nunca abandona, \u00e9 amor, sempre est\u00e1 presente. \u00c9 uma grande alegria\u201d.<\/p>\n<p>O governador falou ainda que a sua presen\u00e7a na festa da santa padroeira do pa\u00eds n\u00e3o tem liga\u00e7\u00e3o com a pol\u00edtica. \u201cN\u00e3o misturo pol\u00edtica e religi\u00e3o. Se amanh\u00e3 eu n\u00e3o for candidato a nada e n\u00e3o tiver nenhum cargo, continuarei vindo aqui na bas\u00edlica, como fa\u00e7o h\u00e1 d\u00e9cadas\u201d.<\/p>\n<p><strong>VER PRIMEIRO<\/strong><\/p>\n<p>Receba as not\u00edcias do Aconteceu no Vale em primeira m\u00e3o. Clique em curtir no endere\u00e7o <a href=\"https:\/\/www.facebook.com\/aconteceunovale\" target=\"_blank\"><font color=\"red\">www.facebook.com\/aconteceunovale<\/font><\/a> ou no box abaixo:<\/p>\n<div class=\"fb-like\" data-href=\"https:\/\/www.facebook.com\/aconteceunovale\" data-width=\"120\" data-layout=\"standard\" data-action=\"like\" data-size=\"small\" data-show-faces=\"true\" data-share=\"true\"><\/div>\n<p><\/br><\/p>\n<p><em>(Fonte: Ag\u00eancia Brasil)<\/em><\/p>\n","protected":false},"excerpt":{"rendered":"<p>O Santu\u00e1rio Nacional de Nossa Senhora Aparecida, no munic\u00edpio de Aparecida (SP), recebe aproximadamente 200 mil visitantes hoje (12), cerca de 30 mil pessoas a mais que a estimativa inicial. No feriado do ano passado, que caiu em uma ter\u00e7a-feira, foram recebidos 150 mil fi\u00e9is. A celebra\u00e7\u00e3o este ano comemora os 300 anos da apari\u00e7\u00e3o [&hellip;]<\/p>\n","protected":false},"author":1,"featured_media":122678,"comment_status":"open","ping_status":"closed","sticky":false,"template":"","format":"standard","meta":{"amp_status":"","footnotes":""},"categories":[6],"tags":[161949,161946,15624,161957,4606,1018,161951,161950,62847,161945,161953,48191,161954,18248,161955,161958,161948,161947,43691,126499,120274,35389,161969,161956,161952],"class_list":["post-122677","post","type-post","status-publish","format-standard","has-post-thumbnail","hentry","category-br","tag-300-anos-da-aparicao-da-imagem-de-nossa-senhora-aparecida","tag-300-anos-do-encontro-da-imagem-de-nossa-senhora-aparecida","tag-aparecida","tag-aparicao-da-imagem-de-nossa-senhora-aparecida-completa-300-anos","tag-brasilia","tag-destaque","tag-domingos-garcia","tag-felipe-pedroso","tag-fieis","tag-fieis-celebram-300-anos-do-encontro-da-imagem-de-nossa-senhora-aparecida","tag-guarantingueta","tag-joao-alves","tag-minas-de-ouro","tag-nossa-senhora-aparecida","tag-nossa-senhora-conceicao","tag-nossa-senhora-da-conceicao-aparecida","tag-padroeira-de-brasilia","tag-rainha-do-brasil","tag-rio-paraiba-do-sul","tag-santuario-de-nossa-senhora-aparecida","tag-santuario-nacional","tag-santuario-nacional-de-aparecida","tag-santuario-nacional-de-aparecida-recebe-200-mil-fieis-no-feriado","tag-silvana-da-rocha-alves","tag-vila-de-santo-antonio-de-guarantingueta"],"_links":{"self":[{"href":"https:\/\/aconteceunovale.com.br\/portal\/index.php?rest_route=\/wp\/v2\/posts\/122677","targetHints":{"allow":["GET"]}}],"collection":[{"href":"https:\/\/aconteceunovale.com.br\/portal\/index.php?rest_route=\/wp\/v2\/posts"}],"about":[{"href":"https:\/\/aconteceunovale.com.br\/portal\/index.php?rest_route=\/wp\/v2\/types\/post"}],"author":[{"embeddable":true,"href":"https:\/\/aconteceunovale.com.br\/portal\/index.php?rest_route=\/wp\/v2\/users\/1"}],"replies":[{"embeddable":true,"href":"https:\/\/aconteceunovale.com.br\/portal\/index.php?rest_route=%2Fwp%2Fv2%2Fcomments&post=122677"}],"version-history":[{"count":0,"href":"https:\/\/aconteceunovale.com.br\/portal\/index.php?rest_route=\/wp\/v2\/posts\/122677\/revisions"}],"wp:featuredmedia":[{"embeddable":true,"href":"https:\/\/aconteceunovale.com.br\/portal\/index.php?rest_route=\/wp\/v2\/media\/122678"}],"wp:attachment":[{"href":"https:\/\/aconteceunovale.com.br\/portal\/index.php?rest_route=%2Fwp%2Fv2%2Fmedia&parent=122677"}],"wp:term":[{"taxonomy":"category","embeddable":true,"href":"https:\/\/aconteceunovale.com.br\/portal\/index.php?rest_route=%2Fwp%2Fv2%2Fcategories&post=122677"},{"taxonomy":"post_tag","embeddable":true,"href":"https:\/\/aconteceunovale.com.br\/portal\/index.php?rest_route=%2Fwp%2Fv2%2Ftags&post=122677"}],"curies":[{"name":"wp","href":"https:\/\/api.w.org\/{rel}","templated":true}]}}