{"id":122674,"date":"2017-10-12T15:02:07","date_gmt":"2017-10-12T17:02:07","guid":{"rendered":"http:\/\/aconteceunovale.com.br\/portal\/?p=122674"},"modified":"2017-10-12T15:02:07","modified_gmt":"2017-10-12T17:02:07","slug":"acidentes-envolvendo-onibus-deixam-quase-40-feridos-em-minas-gerais","status":"publish","type":"post","link":"https:\/\/aconteceunovale.com.br\/portal\/?p=122674","title":{"rendered":"Acidentes envolvendo \u00f4nibus deixam quase 40 feridos em Minas Gerais"},"content":{"rendered":"<p>Quatro acidentes envolvendo \u00f4nibus de passageiros, registrados em pontos distintos de rodovias que cortam Minas Gerais, deixaram pelo menos 37 pessoas feridas nessa quarta-feira (11\/10\/2017), v\u00e9spera do feriado de Nossa Senhora Aparecida. <\/p>\n<p>Conforme a Pol\u00edcia Rodovi\u00e1ria Federal (PRF), o maior n\u00famero de v\u00edtimas foi registrado na BR-381, na altura de Tr\u00eas Cora\u00e7\u00f5es, no Sul de Minas, onde 20 pessoas sofreram les\u00f5es leves e graves. A colis\u00e3o traseira envolveu um \u00f4nibus da Gontijo, que seguia de S\u00e3o Paulo para \u00c1gua Boa, e um ve\u00edculo de carga. <\/p>\n<p>Segundo a corpora\u00e7\u00e3o, o acidente aconteceu por volta das 3h na altura do km 751. O tr\u00e2nsito j\u00e1 foi liberado no local.<\/p>\n<p><img decoding=\"async\" src=\"http:\/\/aconteceunovale.com.br\/portal\/wp-content\/uploads\/2017\/10\/acidente_gontijo_naque_1.jpg\" alt=\"\" \/><em>Acidente aconteceu na BR-381, em Naque (Foto: Divulga\u00e7\u00e3o\/Corpo de Bombeiros)<\/em><br \/>\n<\/br><\/p>\n<p>Ainda na BR-381, desta vez no munic\u00edpio de Naque, na regi\u00e3o Leste do Estado, outras duas pessoas ficaram feridas ap\u00f3s a batida entre outro \u00f4nibus da Gontijo e dois caminh\u00f5es. A batida aconteceu por volta das 4h no km 210 da rodovia. <\/p>\n<p>De acordo com os Bombeiros, o motorista do coletivo ficou preso \u00e0s ferragens e o outro ferido era o condutor da carreta. Eles foram socorridos pela corpora\u00e7\u00e3o, sendo um deles para o Hospital de Governador Valadares e o outro para um hospital de Ipatinga. Por volta das 9h o tr\u00e2nsito passou a fluir alternadamente nos dois sentidos e, meia hora depois, acabou completamente liberado.<\/p>\n<p><img decoding=\"async\" src=\"http:\/\/aconteceunovale.com.br\/portal\/wp-content\/uploads\/2017\/10\/acidente_gontijo_naque_2.jpg\" alt=\"\" \/><em>O motorista do \u00f4nibus ficou presos \u00e0s ferragens (Foto: Divulga\u00e7\u00e3o\/Corpo de Bombeiros)<\/em><br \/>\n<\/br><\/p>\n<p>Em Igarap\u00e9, na regi\u00e3o metropolitana de Belo Horizonte, ap\u00f3s uma carreta perder o controle e parar em &#8220;L&#8221; na BR-381, um \u00f4nibus n\u00e3o conseguiu parar e acabou batendo na traseira de dois caminh\u00f5es que estavam presos na reten\u00e7\u00e3o do fluxo, por volta das 5h30. Al\u00e9m destes ve\u00edculos, um carro de passeio tamb\u00e9m acabou atingido. <\/p>\n<p>Conforme a PRF, duas pessoas que estavam no \u00f4nibus de transporte de passageiros ficaram feridas, sendo um passageiro que sofreu les\u00f5es leves e o motorista do ve\u00edculo, que foi socorrido em estado grave. A pista foi liberada por volta das 8h e, segundo a corpora\u00e7\u00e3o, n\u00e3o h\u00e1 mais congestionamentos no local. <\/p>\n<p><strong>Norte de Minas<\/strong><\/p>\n<p>A colis\u00e3o entre uma carreta e um \u00f4nibus deixou ao menos treze pessoas feridas na madrugada de quarta-feira (11\/10\/2017) na BR-251, munic\u00edpio de Montes Claros, na regi\u00e3o Norte de Minas Gerais. De acordo com informa\u00e7\u00f5es da Pol\u00edcia Rodovi\u00e1ria Federal (PRF), o condutor do ve\u00edculo de carga, com placas de Jana\u00faba, perdeu o controle direcional e bateu em um coletivo que seguia de Montes Claros em dire\u00e7\u00e3o ao Cear\u00e1. <\/p>\n<p>Com o impacto, o \u00f4nibus tombou e fechou a pista, que s\u00f3 foi completamente liberada por volta das 6h30. As v\u00edtimas foram socorridas para hospitais de Montes Claros com ferimentos leves. As causas do acidente ainda ser\u00e3o investigadas. <\/p>\n<p><img decoding=\"async\" src=\"http:\/\/aconteceunovale.com.br\/portal\/wp-content\/uploads\/2017\/10\/acidente_bus_nm.jpg\" alt=\"\" \/><em>\u00d4nibus tombou ap\u00f3s colis\u00e3o (Foto: R\u00e1dio Itatiaia)<\/em><br \/>\n<\/br><\/p>\n<p><strong>VER PRIMEIRO<\/strong><\/p>\n<p>Receba as not\u00edcias do Aconteceu no Vale em primeira m\u00e3o. Clique em curtir no endere\u00e7o <a href=\"https:\/\/www.facebook.com\/aconteceunovale\" target=\"_blank\"><font color=\"red\">www.facebook.com\/aconteceunovale<\/font><\/a> ou no box abaixo:<\/p>\n<div class=\"fb-like\" data-href=\"https:\/\/www.facebook.com\/aconteceunovale\" data-width=\"120\" data-layout=\"standard\" data-action=\"like\" data-size=\"small\" data-show-faces=\"true\" data-share=\"true\"><\/div>\n<p><\/br><\/p>\n<p><em>(Com informa\u00e7\u00f5es de O Tempo)<\/em><\/p>\n","protected":false},"excerpt":{"rendered":"<p>Quatro acidentes envolvendo \u00f4nibus de passageiros, registrados em pontos distintos de rodovias que cortam Minas Gerais, deixaram pelo menos 37 pessoas feridas nessa quarta-feira (11\/10\/2017), v\u00e9spera do feriado de Nossa Senhora Aparecida. Conforme a Pol\u00edcia Rodovi\u00e1ria Federal (PRF), o maior n\u00famero de v\u00edtimas foi registrado na BR-381, na altura de Tr\u00eas Cora\u00e7\u00f5es, no Sul de [&hellip;]<\/p>\n","protected":false},"author":1,"featured_media":122675,"comment_status":"open","ping_status":"closed","sticky":false,"template":"","format":"standard","meta":{"amp_status":"","footnotes":""},"categories":[121,123,1236],"tags":[161929,45636,161897,7166,161898,21056,161895,16673,131824,161930,161899,161900,161896,161963,161967,161966,131825,161894,161968,161965,130,161962,1493,204,210,1724,50751,423,161964,2382,161928,1507],"class_list":["post-122674","post","type-post","status-publish","format-standard","has-post-thumbnail","hentry","category-leste","category-gerais","category-norte_de_minas","tag-acidente-carreta-janauba","tag-acidente-com-onibus-da-gontijo","tag-acidente-com-onibus-da-gontijo-em-naque","tag-acidente-com-onibus-da-gontijo-na-br-381","tag-acidente-com-onibus-da-gontijo-que-seguia-de-porto-seguro-para-sao-paulo","tag-acidente-com-onibus-em-montes-claros","tag-acidente-com-onibus-em-naque","tag-acidente-em-montes-claros","tag-acidente-em-naque","tag-acidente-entre-carreta-e-onibus-deixa-varios-feridos-em-montes-claros","tag-acidente-entre-carretas-e-onibus-deixa-duas-pessoas-feridas-na-br-381","tag-acidente-entre-carretas-e-onibus-deixa-duas-pessoas-feridas-na-br-381-em-naque","tag-acidente-entre-onibus-e-carreta-em-naque","tag-acidente-gontijo","tag-acidente-gontijo-tres-coracoes","tag-acidente-igarape","tag-acidente-na-br-381-em-naque","tag-acidente-perto-de-naque","tag-acidentes-envolvendo-onibus-deixam-quase-40-feridos-em-minas-gerais","tag-acidentes-envolvendo-onibus-deixam-quase-40-feridos-em-rodovias-mineiras","tag-agua-boa","tag-gontijo-que-seguia-de-sao-paulo-para-agua-boa","tag-igarape","tag-janauba","tag-montes-claros","tag-naque","tag-no-leste-de-minas","tag-porto-seguro","tag-que-seguia-de-sao-paulo-para-agua-boa","tag-sao-paulo","tag-tombamento-de-onibus-em-montes-claros","tag-tres-coracoes"],"_links":{"self":[{"href":"https:\/\/aconteceunovale.com.br\/portal\/index.php?rest_route=\/wp\/v2\/posts\/122674","targetHints":{"allow":["GET"]}}],"collection":[{"href":"https:\/\/aconteceunovale.com.br\/portal\/index.php?rest_route=\/wp\/v2\/posts"}],"about":[{"href":"https:\/\/aconteceunovale.com.br\/portal\/index.php?rest_route=\/wp\/v2\/types\/post"}],"author":[{"embeddable":true,"href":"https:\/\/aconteceunovale.com.br\/portal\/index.php?rest_route=\/wp\/v2\/users\/1"}],"replies":[{"embeddable":true,"href":"https:\/\/aconteceunovale.com.br\/portal\/index.php?rest_route=%2Fwp%2Fv2%2Fcomments&post=122674"}],"version-history":[{"count":0,"href":"https:\/\/aconteceunovale.com.br\/portal\/index.php?rest_route=\/wp\/v2\/posts\/122674\/revisions"}],"wp:featuredmedia":[{"embeddable":true,"href":"https:\/\/aconteceunovale.com.br\/portal\/index.php?rest_route=\/wp\/v2\/media\/122675"}],"wp:attachment":[{"href":"https:\/\/aconteceunovale.com.br\/portal\/index.php?rest_route=%2Fwp%2Fv2%2Fmedia&parent=122674"}],"wp:term":[{"taxonomy":"category","embeddable":true,"href":"https:\/\/aconteceunovale.com.br\/portal\/index.php?rest_route=%2Fwp%2Fv2%2Fcategories&post=122674"},{"taxonomy":"post_tag","embeddable":true,"href":"https:\/\/aconteceunovale.com.br\/portal\/index.php?rest_route=%2Fwp%2Fv2%2Ftags&post=122674"}],"curies":[{"name":"wp","href":"https:\/\/api.w.org\/{rel}","templated":true}]}}