{"id":122664,"date":"2017-10-12T12:15:16","date_gmt":"2017-10-12T14:15:16","guid":{"rendered":"http:\/\/aconteceunovale.com.br\/portal\/?p=122664"},"modified":"2017-10-12T12:15:16","modified_gmt":"2017-10-12T14:15:16","slug":"fieis-celebram-300-anos-do-encontro-da-imagem-de-nossa-senhora-aparecida","status":"publish","type":"post","link":"https:\/\/aconteceunovale.com.br\/portal\/?p=122664","title":{"rendered":"Fi\u00e9is celebram 300 anos do encontro da imagem de Nossa Senhora Aparecida"},"content":{"rendered":"<p>Era outubro de 1717, tr\u00eas pescadores &#8211; Jo\u00e3o Alves, Felipe Pedroso e Domingos Garcia &#8211; ficaram encarregados de conseguir peixe para a festa que a Vila de Santo Ant\u00f4nio de Guarantinguet\u00e1 iria oferecer ao governante da capitania heredit\u00e1ria de S\u00e3o Paulo e Minas de Ouro, que estava de passagem pela regi\u00e3o. O problema \u00e9 que, naquela \u00e9poca, n\u00e3o era tempo de peixe naquele m\u00eas.<\/p>\n<p>Ap\u00f3s v\u00e1rias tentativas puxando a rede no Rio Para\u00edba do Sul, um peda\u00e7o do corpo de uma imagem de Nossa Senhora Concei\u00e7\u00e3o apareceu para os pescadores. Curiosos, eles lan\u00e7aram a rede mais uma vez e pescaram a cabe\u00e7a da imagem, que se encaixou perfeitamente ao corpo.<\/p>\n<p>Eles colocaram a imagem da santa no barco. E depois disso,  os peixes come\u00e7aram a aparecer, em quantidade abundante, t\u00e3o grande que quase fez o barco virar, segundo os relatos hist\u00f3ricos da tradi\u00e7\u00e3o cat\u00f3lica.<\/p>\n<p>A imagem da santa foi ent\u00e3o levada para a casa de Silvana da Rocha Alves, esposa de Domingos, m\u00e3e de Jo\u00e3o e irm\u00e3 de Felipe, que juntou as duas partes com cera e fez um altar para a santa. E foi ali que teve in\u00edcio a devo\u00e7\u00e3o \u00e0 santa: todos os s\u00e1bados os moradores iam at\u00e9 a casa de Silvana para rezar para Nossa Senhora &#8211; que depois tornou-se padroeira do Brasil. <\/p>\n<p>Anos depois, j\u00e1 em 1732, o pescador Felipe Pedroso entregou a imagem a seu filho, que construiu o primeiro orat\u00f3rio aberto ao p\u00fablico. A partir da\u00ed, foi constru\u00edda uma capela, uma igreja, uma bas\u00edlica at\u00e9 que, em 1946, foi lan\u00e7ada a pedra fundamental para a constru\u00e7\u00e3o do novo santu\u00e1rio, o quarto maior do mundo, iniciada em 1955.<\/p>\n<p>A apari\u00e7\u00e3o da imagem de Nossa Senhora Aparecida completa 300 anos este ano com uma programa\u00e7\u00e3o extensa de homenagens e celebra\u00e7\u00f5es. Hoje, 12 de outubro, quando se celebra o Dia da Padroeira do Brasil, o santu\u00e1rio espera receber milhares de peregrinos.<\/p>\n<p><img decoding=\"async\" src=\"http:\/\/aconteceunovale.com.br\/portal\/wp-content\/uploads\/2017\/10\/senhora_aparecida.jpg\" alt=\"\" \/><em>Missa Solene dos 300 anos da Padroeira (Foto: Thiago Leon\/Santu\u00e1rio Nacional de Aparecida)<\/em><br \/>\n<\/br><\/p>\n<p><strong>Programa\u00e7\u00e3o<\/strong><\/p>\n<p>As comemora\u00e7\u00f5es da Festa da Padroeira do Brasil, com o tema Senhora Aparecida: 300 anos de B\u00ean\u00e7\u00e3os e de Gra\u00e7as, tiveram in\u00edcio no dia 10. Hoje (12), \u00e0s 9h30, ser\u00e1 realizada a missa solene em comemora\u00e7\u00e3o aos 300 anos da apari\u00e7\u00e3o da imagem, que ser\u00e1 presidida pelo cardeal italiano Giovanni Battista Re, representante do Papa Francisco nas festividades.<\/p>\n<p>Haver\u00e1 ainda uma prociss\u00e3o solene, no final do dia, e um show com a apresenta\u00e7\u00e3o dos m\u00fasicos Daniel, Faf\u00e1 de Bel\u00e9m, Renato Teixeira, Padre F\u00e1bio de Melo e Agnaldo Rayol, entre outros.<\/p>\n<p>Em entrevista \u00e0 Ag\u00eancia Brasil, o padre Jo\u00e3o Batista, reitor do Santu\u00e1rio Nacional, disse que a expectativa \u00e9 de que cerca de 170 mil pessoas estejam na cidade de Aparecida, no interior de S\u00e3o Paulo, nesta quinta-feira (12). \u201cTudo depende da quest\u00e3o financeira tamb\u00e9m. Os peregrinos, de lugares mais distantes, n\u00e3o conseguem vir porque a viagem se torna muito cara. Mas acreditamos que, para o dia de amanh\u00e3, ser\u00e3o 170 mil, se chegar a 200 mil pessoas\u201d.<\/p>\n<p>Fi\u00e9is de todo o pa\u00eds se dirigem at\u00e9 o santu\u00e1rio, inclusive a p\u00e9, em romaria. Pela Via Dutra, em S\u00e3o Paulo, passaram 5.453, entre os dias 1 de setembro e 10 de outubro, sendo 1.278 somente na ter\u00e7a-feira (10), segundo a CCR NovaDutra, concession\u00e1ria da rodovia. A empresa estima que o n\u00famero de peregrinos aumente 43% em compara\u00e7\u00e3o com o contabilizado na prepara\u00e7\u00e3o para a festa lit\u00fargica do ano passado, quando 8.640 pessoas caminharam pela via em dire\u00e7\u00e3o ao Santu\u00e1rio Nacional. Uma curiosidade deste ano \u00e9 o aumento do n\u00famero de ciclistas romeiros.<\/p>\n<p>No percurso, os peregrinos que caminham para pagar promessas, agradecer a padroeira ou pedir sua ajuda recebem apoio da concession\u00e1ria e do estado, especialmente em caso de ser necess\u00e1rio atendimento \u00e0 sa\u00fade, e tamb\u00e9m de volunt\u00e1rios. Entre estes, a organiza\u00e7\u00e3o do encontro Jubileu dos 300 anos registrou a presen\u00e7a de fi\u00e9is da Igreja Adventista, que montaram um ponto de apoio no trecho da Dutra que passa pelo munic\u00edpio de Taubat\u00e9 (SP). L\u00e1, eles ofertam alimenta\u00e7\u00e3o, cuidados com os p\u00e9s e outros servi\u00e7os de sa\u00fade, como massagem e teste de glicemia.<\/p>\n<p>Os eventos para a celebra\u00e7\u00e3o foram preparados durante cinco anos. \u201cEssa festa come\u00e7ou em 2012. S\u00e3o cinco anos que se vem preparando esse momento e amanh\u00e3 (12) ser\u00e1 o ponto alto. Nossa Senhora visitou todas as dioceses do Brasil. Tivemos muitos eventos religiosos e culturais pelo Brasil afora a homenageando e inclusive, pela primeira vez na hist\u00f3ria, uma escola de samba homenageou Nossa Senhora durante o Carnaval de S\u00e3o Paulo [este ano], com a escola Unidos de Vila Maria\u201d, disse.<\/p>\n<p>\u201cEsperamos que esse jubileu nos ajude, ainda mais, a consolidar no cora\u00e7\u00e3o do povo brasileiro, essa esperan\u00e7a que Nossa Senhora Aparecida representa para o povo. Esse \u00e9 o grande legado que ela traz para o povo brasileiro: a esperan\u00e7a de um novo tempo\u201d, disse o padre.<\/p>\n<p><strong>Rainha do Brasil<\/strong><\/p>\n<p>Nossa Senhora da Concei\u00e7\u00e3o Aparecida, que recebeu o nome de Aparecida por ter \u201caparecido\u201d aos pescadores, foi proclamada rainha do Brasil em 1904 e, em 1930, passou a ser a padroeira do pa\u00eds. Somente em 1953 \u00e9 que a festa de Nossa Senhora passou a ser celebrada no dia 12 de outubro, por determina\u00e7\u00e3o da Confer\u00eancia Nacional dos Bispos do Brasil (CNBB).<\/p>\n<p>\u201cO Brasil, desde a sua coloniza\u00e7\u00e3o, tem uma identidade cat\u00f3lica. E a devo\u00e7\u00e3o aos santos \u00e9 algo muito pr\u00f3prio da Igreja Cat\u00f3lica. Por isso, a devo\u00e7\u00e3o, sobretudo \u00e0 Nossa Senhora, que \u00e9 a santa das santas e a m\u00e3e de Jesus, \u00e9 algo que est\u00e1 muito presente na vida do catolicismo. A partir desse encontro [da apari\u00e7\u00e3o da imagem aos pescadores] surgiu a devo\u00e7\u00e3o a essa que o povo passou logo a chamar de &#8216;Aparecida&#8217;\u201d, explicou o padre Jo\u00e3o Batista.<\/p>\n<p>Segundo ele, a devo\u00e7\u00e3o a Nossa Senhora no pa\u00eds come\u00e7ou com o encontro da imagem, mas tem forte liga\u00e7\u00e3o com os brasileiros por ela ser m\u00e3e e simbolizar a esperan\u00e7a, o que a levou a ser proclamada padroeira pela Igreja Cat\u00f3lica (em 1930) e pelo ent\u00e3o presidente Getulio Vargas (em 1931).<\/p>\n<p>\u201cN\u00f3s brasileiros temos uma liga\u00e7\u00e3o muito forte com a figura da nossa m\u00e3e. Sentimos muito a aus\u00eancia da m\u00e3e quando ela n\u00e3o est\u00e1 conosco. Nossa Senhora, a m\u00e3e de Jesus, ocupa, dentro do universo religioso esse espa\u00e7o materno, esse colo materno. Por isso ela cativa o povo brasileiro, tanto o povo simples e humilde quanto os governantes como foi o caso da Princesa Isabel e de D. Pedro I \u201d, disse.<\/p>\n<p>Desde 1980, por for\u00e7a de decreto presidencial, o 12 de outubro passou a ser dedicado \u00e0 padroeira, motivo pelo qual a data tornou-se feriado nacional.<\/p>\n<p><strong>Santu\u00e1rio Nacional<\/strong><\/p>\n<p>O santu\u00e1rio recebe, anualmente, cerca de 12 milh\u00f5es de peregrinos. \u00c9 o maior santu\u00e1rio do mundo dedicado a Maria. Foi declarado de \u00e2mbito nacional em 1984, pela CNBB.<\/p>\n<p>As atividades religiosas no local tiveram in\u00edcio definitivamente em 1982, quando a imagem foi transladada da Bas\u00edlica Velha para a nova Bas\u00edlica.<\/p>\n<p><strong>A imagem<\/strong><\/p>\n<p>A imagem original de Nossa Senhora Aparecida, confeccionada em terracota (barro cozido), sofreu um ataque no dia 16 de maio de 1978, quando foi quebrada em mais de 200 peda\u00e7os (um jovem transtornado a teria arremessado ao ch\u00e3o). Ela foi levada ao Museu de Arte de S\u00e3o Paulo (Masp), onde a artista pl\u00e1stica Maria Helena Chartuni come\u00e7ou o trabalho de reconstitui\u00e7\u00e3o. Neste mesmo ano, a imagem foi restaurada e levada de volta ao Santu\u00e1rio Nacional de Aparecida.<\/p>\n<p>Em 2012, a imagem foi tombada pelo Conselho de Defesa do Patrim\u00f4nio Hist\u00f3rico, Arqueol\u00f3gico, Art\u00edstico e Tur\u00edstico do Estado de S\u00e3o Paulo (Condephaat). At\u00e9 hoje, continua exposta no nicho do Santu\u00e1rio Nacional de Aparecida.<\/p>\n<p><strong>Padroeira de Bras\u00edlia<\/strong><\/p>\n<p>Nossa Senhora tamb\u00e9m \u00e9 padroeira de Bras\u00edlia. A escolha ocorreu ainda na \u00e9poca da constru\u00e7\u00e3o da cidade, por isso \u00e9 esperada grande celebra\u00e7\u00e3o na Esplanada dos Minist\u00e9rios. Segundo a Arquidiocese de Bras\u00edlia, 70 mil pessoas devem participar das celebra\u00e7\u00f5es.<\/p>\n<p>A primeira missa come\u00e7ar\u00e1 \u00e0s 8h30. A missa solene ser\u00e1 presidida pelo arcebispo de Bras\u00edlia e presidente da CNBB, cardeal S\u00e9rgio da Rocha, \u00e0s 17h, tamb\u00e9m na Catedral. Ap\u00f3s a celebra\u00e7\u00e3o, ser\u00e1 realizada prociss\u00e3o pela Esplanada dos Minist\u00e9rios, com a imagem da Padroeira.<\/p>\n<p>A Pol\u00edcia Militar do Distrito Federal informou que, \u00e0s 16h30, tanto a via S1 quanto a N1 do Eixo Monumental ser\u00e3o interditadas. A partir das 18h, toda a Esplanada ser\u00e1 fechada por causa da prociss\u00e3o. As vias ser\u00e3o liberadas por volta das 19h30.<\/p>\n<p><strong>Carimbo e selo <\/strong><\/p>\n<p>Em comemora\u00e7\u00e3o aos 300 anos da apari\u00e7\u00e3o da imagem, os Correios lan\u00e7aram um carimbo postal e o selo. O lan\u00e7amento ser\u00e1 no Santu\u00e1rio Nacional de Nossa Senhora Aparecida, com as presen\u00e7as do ministro da Ci\u00eancia, Tecnologia, Inova\u00e7\u00f5es e Comunica\u00e7\u00f5es, Gilberto Kassab, e do presidente dos Correios, Guilherme Campos.<\/p>\n<p>O carimbo apresenta a imagem de Nossa Senhora Aparecida acompanhada do texto \u201cAparecida 300 anos de F\u00e9 e Devo\u00e7\u00e3o\u201d e \u201cJubileu 300 anos de b\u00ean\u00e7\u00e3os 1717 \u2013 2017\u201d.<\/p>\n<p>A ilustra\u00e7\u00e3o do bloco reproduz a cena do encontro da imagem pelos tr\u00eas pescadores. A arte \u00e9 uma simula\u00e7\u00e3o gr\u00e1fica de aquarela, tendo como base o elemento \u00e1gua, em refer\u00eancia ao local onde foi resgatada a imagem.<\/p>\n<p><strong>VER PRIMEIRO<\/strong><\/p>\n<p>Receba as not\u00edcias do Aconteceu no Vale em primeira m\u00e3o. Clique em curtir no endere\u00e7o <a href=\"https:\/\/www.facebook.com\/aconteceunovale\" target=\"_blank\"><font color=\"red\">www.facebook.com\/aconteceunovale<\/font><\/a> ou no box abaixo:<\/p>\n<div class=\"fb-like\" data-href=\"https:\/\/www.facebook.com\/aconteceunovale\" data-width=\"120\" data-layout=\"standard\" data-action=\"like\" data-size=\"small\" data-show-faces=\"true\" data-share=\"true\"><\/div>\n<p><\/br><\/p>\n<p><em>(Fonte: Ag\u00eancia Brasil)<\/em><\/p>\n","protected":false},"excerpt":{"rendered":"<p>Era outubro de 1717, tr\u00eas pescadores &#8211; Jo\u00e3o Alves, Felipe Pedroso e Domingos Garcia &#8211; ficaram encarregados de conseguir peixe para a festa que a Vila de Santo Ant\u00f4nio de Guarantinguet\u00e1 iria oferecer ao governante da capitania heredit\u00e1ria de S\u00e3o Paulo e Minas de Ouro, que estava de passagem pela regi\u00e3o. O problema \u00e9 que, [&hellip;]<\/p>\n","protected":false},"author":1,"featured_media":122665,"comment_status":"open","ping_status":"closed","sticky":false,"template":"","format":"standard","meta":{"amp_status":"","footnotes":""},"categories":[6],"tags":[161949,161946,161957,4606,1018,161951,161950,161945,161953,48191,161954,18248,161955,161958,161948,161947,43691,120274,35389,161956,161952],"class_list":["post-122664","post","type-post","status-publish","format-standard","has-post-thumbnail","hentry","category-br","tag-300-anos-da-aparicao-da-imagem-de-nossa-senhora-aparecida","tag-300-anos-do-encontro-da-imagem-de-nossa-senhora-aparecida","tag-aparicao-da-imagem-de-nossa-senhora-aparecida-completa-300-anos","tag-brasilia","tag-destaque","tag-domingos-garcia","tag-felipe-pedroso","tag-fieis-celebram-300-anos-do-encontro-da-imagem-de-nossa-senhora-aparecida","tag-guarantingueta","tag-joao-alves","tag-minas-de-ouro","tag-nossa-senhora-aparecida","tag-nossa-senhora-conceicao","tag-nossa-senhora-da-conceicao-aparecida","tag-padroeira-de-brasilia","tag-rainha-do-brasil","tag-rio-paraiba-do-sul","tag-santuario-nacional","tag-santuario-nacional-de-aparecida","tag-silvana-da-rocha-alves","tag-vila-de-santo-antonio-de-guarantingueta"],"_links":{"self":[{"href":"https:\/\/aconteceunovale.com.br\/portal\/index.php?rest_route=\/wp\/v2\/posts\/122664","targetHints":{"allow":["GET"]}}],"collection":[{"href":"https:\/\/aconteceunovale.com.br\/portal\/index.php?rest_route=\/wp\/v2\/posts"}],"about":[{"href":"https:\/\/aconteceunovale.com.br\/portal\/index.php?rest_route=\/wp\/v2\/types\/post"}],"author":[{"embeddable":true,"href":"https:\/\/aconteceunovale.com.br\/portal\/index.php?rest_route=\/wp\/v2\/users\/1"}],"replies":[{"embeddable":true,"href":"https:\/\/aconteceunovale.com.br\/portal\/index.php?rest_route=%2Fwp%2Fv2%2Fcomments&post=122664"}],"version-history":[{"count":0,"href":"https:\/\/aconteceunovale.com.br\/portal\/index.php?rest_route=\/wp\/v2\/posts\/122664\/revisions"}],"wp:featuredmedia":[{"embeddable":true,"href":"https:\/\/aconteceunovale.com.br\/portal\/index.php?rest_route=\/wp\/v2\/media\/122665"}],"wp:attachment":[{"href":"https:\/\/aconteceunovale.com.br\/portal\/index.php?rest_route=%2Fwp%2Fv2%2Fmedia&parent=122664"}],"wp:term":[{"taxonomy":"category","embeddable":true,"href":"https:\/\/aconteceunovale.com.br\/portal\/index.php?rest_route=%2Fwp%2Fv2%2Fcategories&post=122664"},{"taxonomy":"post_tag","embeddable":true,"href":"https:\/\/aconteceunovale.com.br\/portal\/index.php?rest_route=%2Fwp%2Fv2%2Ftags&post=122664"}],"curies":[{"name":"wp","href":"https:\/\/api.w.org\/{rel}","templated":true}]}}