{"id":122577,"date":"2017-10-10T20:16:49","date_gmt":"2017-10-10T22:16:49","guid":{"rendered":"http:\/\/aconteceunovale.com.br\/portal\/?p=122577"},"modified":"2017-10-10T20:16:49","modified_gmt":"2017-10-10T22:16:49","slug":"governo-federal-libera-r-87-milhoes-para-acoes-de-apoio-a-tragedia-de-janauba","status":"publish","type":"post","link":"https:\/\/aconteceunovale.com.br\/portal\/?p=122577","title":{"rendered":"Governo Federal libera R$ 8,7 milh\u00f5es para a\u00e7\u00f5es de apoio \u00e0 trag\u00e9dia de Jana\u00faba"},"content":{"rendered":"<p>O governo federal anunciou, hoje (10\/10\/2017), R$ 8,7 milh\u00f5es para a\u00e7\u00f5es de apoio \u00e0 trag\u00e9dia ocorrida na creche em Jana\u00faba (MG) que j\u00e1 deixou 11 mortos. Ser\u00e3o R$ 3,7 milh\u00f5es destinados \u00e0 constru\u00e7\u00e3o de duas creches e conclus\u00e3o de uma quadra esportiva. Na \u00e1rea de sa\u00fade, R$ 4 milh\u00f5es v\u00e3o ser destinados a dois hospitais onde as v\u00edtimas recebem atendimento e R$ 1 milh\u00e3o para o reembolso de gastos da prefeitura de Jana\u00faba.<\/p>\n<p>Os recursos foram anunciados pelos ministros da Educa\u00e7\u00e3o, Mendon\u00e7a Filho, e da Sa\u00fade, Ricardo Barros, ap\u00f3s reuni\u00e3o com o presidente Michel Temer. O prefeito Jana\u00faba, Carlos Isaildon Mendes, tamb\u00e9m participou da reuni\u00e3o no Pal\u00e1cio do Planalto.<\/p>\n<p>Os recursos do governo federal n\u00e3o ser\u00e3o usados na reconstru\u00e7\u00e3o da Creche Gente Inocente, incendiada no \u00faltimo dia 5 pelo vigilante do local. O prefeito de Jana\u00faba explicou que empres\u00e1rios da regi\u00e3o se propuseram a recuperar a creche e v\u00e3o apresentar um projeto na sexta-feira (13).<\/p>\n<p>O ministro da Sa\u00fade explicou que as unidades m\u00e9dicas que atendem o maior volume de pessoas atingidas no ataque \u2013 o Hospital Jo\u00e3o XXIII, em Belo Horizonte, e a Santa Casa de Montes Claros \u2013 receber\u00e3o R$ 2 milh\u00f5es cada um. \u201cOs recursos ser\u00e3o liberados de imediato para que possam fazer efeito para as pessoas que v\u00e3o precisar continuar com atendimento por muito tempo\u201d, disse Ricardo Barros.<\/p>\n<p>O prefeito Carlos Isaildon agradeceu o apoio recebido de governos e da sociedade. \u201cA solidariedade que recebemos de todo o Brasil, do mundo, de todas as autoridades de forma indistinta, nos conforta\u201d, disse. Ele disse que o esfor\u00e7o agora \u00e9 para que todas as v\u00edtimas recebam a aten\u00e7\u00e3o necess\u00e1ria. \u201cQueremos agora que seja garantido a todas as fam\u00edlias e seus pacientes o atendimento m\u00e9dico, psicol\u00f3gico, com todas as condi\u00e7\u00f5es, para que seja amenizado tamanho sofrimento\u201d, acrescentou.<\/p>\n<p>Em rela\u00e7\u00e3o \u00e0s creches, o prefeito disse ter a expectativa de que as obras estejam conclu\u00eddas at\u00e9 o final de 2018.<\/p>\n<p>Na manh\u00e3 da \u00faltima quinta-feira (5), um vigia que trabalhava na creche Gente Inocente e estava de licen\u00e7a m\u00e9dica entrou no local e ateou fogo em crian\u00e7as, professoras e nele mesmo. J\u00e1 s\u00e3o 11 os mortos \u2013 nove crian\u00e7as, uma professora e o autor do ataque.<\/p>\n<p><img decoding=\"async\" src=\"http:\/\/aconteceunovale.com.br\/portal\/wp-content\/uploads\/2017\/10\/prefeito_janauba_temer.jpg\" alt=\"\" \/><em>Temer recebe o prefeito de Jana\u00faba (Foto: Divulga\u00e7\u00e3o\/Michel Temer)<\/em><br \/>\n<\/br><\/p>\n<p><strong>VER PRIMEIRO<\/strong><\/p>\n<p>Receba as not\u00edcias do Aconteceu no Vale em primeira m\u00e3o. Clique em curtir no endere\u00e7o <a href=\"https:\/\/www.facebook.com\/aconteceunovale\" target=\"_blank\"><font color=\"red\">www.facebook.com\/aconteceunovale<\/font><\/a> ou no box abaixo:<\/p>\n<div class=\"fb-like\" data-href=\"https:\/\/www.facebook.com\/aconteceunovale\" data-width=\"120\" data-layout=\"standard\" data-action=\"like\" data-size=\"small\" data-show-faces=\"true\" data-share=\"true\"><\/div>\n<p><\/br><\/p>\n<p><em>(Fonte: Ag\u00eancia Brasil)<\/em><\/p>\n","protected":false},"excerpt":{"rendered":"<p>O governo federal anunciou, hoje (10\/10\/2017), R$ 8,7 milh\u00f5es para a\u00e7\u00f5es de apoio \u00e0 trag\u00e9dia ocorrida na creche em Jana\u00faba (MG) que j\u00e1 deixou 11 mortos. Ser\u00e3o R$ 3,7 milh\u00f5es destinados \u00e0 constru\u00e7\u00e3o de duas creches e conclus\u00e3o de uma quadra esportiva. Na \u00e1rea de sa\u00fade, R$ 4 milh\u00f5es v\u00e3o ser destinados a dois hospitais [&hellip;]<\/p>\n","protected":false},"author":1,"featured_media":122578,"comment_status":"closed","ping_status":"closed","sticky":false,"template":"","format":"standard","meta":{"amp_status":"","footnotes":""},"categories":[6,1236,40240],"tags":[161694,161579,161478,161573,161780,139815,161582,161451,161695,161439,161598,161596,161717,161446,161585,161600,161453,161470,161587,161580,161696,161578,161586,161452,68838,161444,161460,161459,161801,161436,161778,161779,57912,161477,695,161576,204,161481,161480,161574,161479,161484,161503,161572,20181,161781,131,22390,19326,161476,161588,43720,34259,161733,161456,161441,161443,161442,33341,161583,161584,33228,161715,161577,161455,161716,161571,161570,161483,161597,161440,161445,161438,161437,161482,161575],"class_list":["post-122577","post","type-post","status-publish","format-standard","has-post-thumbnail","hentry","category-br","category-norte_de_minas","category-politica-2","tag-23-pessoas-ja-receberam-alta-medica-e-24-continuam-internadas-apos-ataque-em-creche-de-janauba","tag-a-conduta-dela-foi-heroica","tag-ana-clara-ferreira-silva","tag-andrea-rodrigues-moncao","tag-ataque-a-creche","tag-bruno-fernandes-barbosa","tag-campanha-busca-ajudar-familiares-e-vitimas-do-ataque-em-creche-de-janauba","tag-carlos-isaildon-mendes","tag-cecilia-davina-goncalves-dias","tag-centro-municipal-de-educacao-infantil-gente-inocente","tag-chega-a-10-o-numero-de-mortes-apos-incendio-criminoso-em-creche-de-janauba","tag-creche","tag-creche-deve-receber-nome-da-professora","tag-creche-gente-inocente-janauba","tag-creche-incendiada-por-vigia-em-janauba-nao-tinha-extintor-e-nem-alvara-corpo-de-bombeiros","tag-criancas-vitimas-de-tragedia-em-creche-deixam-hospital-em-janauba","tag-damiao-soares-dos-santos","tag-deputados-prestam-solidariedade-a-vitimas-de-janauba","tag-disse-vigia-antes-de-atear-fogo-em-creche","tag-diz-delegado-sobre-professora-que-morreu-apos-ataque-em-creche-de-janauba","tag-ela-era-a-alegria-de-todos-a-dor-da-familia-da-crianca-dada-por-morta-antes-da-hora-apos-ataque-em-janauba","tag-eliane-ramos-dias","tag-eu-vou-dar-picole-para-voces","tag-fernando-pimentel-vai-a-janauba-e-michel-temer-lamenta-tragedia-com-criancas","tag-fundajan","tag-gente-inocente","tag-governo-de-minas-decreta-luto-oficial-de-tres-dias-apos-tragedia-com-criancas-em-janauba","tag-governo-de-minas-decreta-luto-oficial-de-tres-dias-apos-tragedia-em-janauba","tag-governo-federal-libera-r-8-7-milhoes-para-acoes-de-apoio-a-tragedia-de-janauba","tag-homem-ateia-fogo-em-creche-e-mata-criancas-em-janauba","tag-hospitais-de-janauba-alertam-para-atrasos-em-repasses-financeiros","tag-hospitais-de-janauba-alertam-para-precariedade-financeira","tag-hospital-regional-de-janauba","tag-iml-divulga-nomes-das-quatro-criancas-mortas-em-creche-de-janauba","tag-incendio","tag-italo-raique-dos-anjos-dias","tag-janauba","tag-juan-miguel-soares-silva","tag-juan-pablo-cruz-dos-santos","tag-kaio-phierre-dos-santos","tag-luiz-davi-carlos-rodrigues","tag-mais-duas-criancas-e-professora-morrem-apos-ataque-em-creche-de-janauba","tag-mais-uma-crianca-e-professora-morrem-apos-ataque-em-creche-de-janauba","tag-maria-rita-barbosa-souza","tag-michel-temer","tag-michel-temer-determina-auxilio-aos-afetados-pelo-incendio-criminoso-em-creche-de-janauba","tag-minas-gerais","tag-ministerio-da-educacao","tag-ministerio-da-saude","tag-ministerio-publico-designa-promotores-de-justica-para-acompanhar-caso-de-incendio-criminoso-em-creche-de-janauba","tag-ministerio-publico-instaura-inqueritos-para-apurar-fatos-relacionados-a-tragedia-de-janauba","tag-ministro-da-educacao","tag-ministro-da-saude","tag-morre-mais-uma-crianca-vitima-do-incendio-criminoso-em-creche-de-janauba","tag-morre-vigia-que-ateou-fogo-em-creche-e-matou-criancas-em-janauba","tag-morte-de-criancas-em-creche-de-janauba","tag-morte-de-criancas-em-janauba","tag-morte-de-criancas-no-centro-municipal-de-educacao-infantil-gente-inocente","tag-mortes","tag-multidao-acompanha-cortejo-de-professora-morta-no-ataque-em-creche-de-janauba","tag-multidao-se-despede-de-professora-morta-no-ataque-em-creche-de-janauba","tag-no-norte-de-minas","tag-ordem-nacional-do-merito","tag-patricia-dias-de-oliveira","tag-prefeitura-de-janauba-decreta-luto-oficial-de-sete-dias-apos-tragedia-com-criancas","tag-presidente-concede-ordem-nacional-do-merito-a-professora-que-morreu-apos-salvar-criancas-em-janauba","tag-rosangela-souza-barbosa","tag-sobe-para-nove-o-numero-de-mortos-apos-ataque-em-creche-de-janauba","tag-sobe-para-seis-o-numero-de-criancas-mortas-apos-ataque-em-creche-de-janauba","tag-talita-vitoria-bispo","tag-tragedia-centro-municipal-de-educacao-infantil-gente-inocente","tag-tragedia-creche-gente-inocente-janauba","tag-tragedia-em-creche-de-janauba","tag-tragedia-em-janauba","tag-vigia-premeditou-ataque-a-creche-e-trancou-portas-antes-de-atear-fogo","tag-weberty-kaique-dos-anjos-dias"],"_links":{"self":[{"href":"https:\/\/aconteceunovale.com.br\/portal\/index.php?rest_route=\/wp\/v2\/posts\/122577","targetHints":{"allow":["GET"]}}],"collection":[{"href":"https:\/\/aconteceunovale.com.br\/portal\/index.php?rest_route=\/wp\/v2\/posts"}],"about":[{"href":"https:\/\/aconteceunovale.com.br\/portal\/index.php?rest_route=\/wp\/v2\/types\/post"}],"author":[{"embeddable":true,"href":"https:\/\/aconteceunovale.com.br\/portal\/index.php?rest_route=\/wp\/v2\/users\/1"}],"replies":[{"embeddable":true,"href":"https:\/\/aconteceunovale.com.br\/portal\/index.php?rest_route=%2Fwp%2Fv2%2Fcomments&post=122577"}],"version-history":[{"count":0,"href":"https:\/\/aconteceunovale.com.br\/portal\/index.php?rest_route=\/wp\/v2\/posts\/122577\/revisions"}],"wp:featuredmedia":[{"embeddable":true,"href":"https:\/\/aconteceunovale.com.br\/portal\/index.php?rest_route=\/wp\/v2\/media\/122578"}],"wp:attachment":[{"href":"https:\/\/aconteceunovale.com.br\/portal\/index.php?rest_route=%2Fwp%2Fv2%2Fmedia&parent=122577"}],"wp:term":[{"taxonomy":"category","embeddable":true,"href":"https:\/\/aconteceunovale.com.br\/portal\/index.php?rest_route=%2Fwp%2Fv2%2Fcategories&post=122577"},{"taxonomy":"post_tag","embeddable":true,"href":"https:\/\/aconteceunovale.com.br\/portal\/index.php?rest_route=%2Fwp%2Fv2%2Ftags&post=122577"}],"curies":[{"name":"wp","href":"https:\/\/api.w.org\/{rel}","templated":true}]}}