{"id":122189,"date":"2017-10-04T01:17:36","date_gmt":"2017-10-04T03:17:36","guid":{"rendered":"http:\/\/aconteceunovale.com.br\/portal\/?p=122189"},"modified":"2017-10-04T01:17:36","modified_gmt":"2017-10-04T03:17:36","slug":"policia-civil-conclui-que-adolescente-e-suspeito-de-assassinatos-em-governador-valadares","status":"publish","type":"post","link":"https:\/\/aconteceunovale.com.br\/portal\/?p=122189","title":{"rendered":"Pol\u00edcia Civil conclui que adolescente \u00e9 suspeito de assassinatos em Governador Valadares"},"content":{"rendered":"<p>A Pol\u00edcia Civil de Minas Gerais (PCMG), em Governador Valadares, finalizou as investiga\u00e7\u00f5es sobre o assassinato de Thiago da Silva Ferraz, de 30 anos, ocorrido na madrugada de 30 de junho deste ano, no bairro Santa Terezinha. Um adolescente de 17 anos \u00e9 o suspeito do crime.<\/p>\n<p>O menor tamb\u00e9m foi indiciado, no bojo das investiga\u00e7\u00f5es j\u00e1 conclu\u00eddas de outro inqu\u00e9rito policial, como autor do ato infracional an\u00e1logo a homic\u00eddio, que vitimou N.H.P.A, de 15 anos, em 29 de dezembro de 2016, tamb\u00e9m no bairro Santa Terezinha.<\/p>\n<p>Durante as investiga\u00e7\u00f5es do assassinato do menor N.H P.A, apurou-se que dois dias antes de ser morto, ele teria sido v\u00edtima de uma tentativa de assassinato, cujo ato infracional teria sido cometido pelo ent\u00e3o suspeito, um adolescente de 17 anos. A motiva\u00e7\u00e3o estaria ligada ao tr\u00e1fico il\u00edcito de drogas.<\/p>\n<p>J\u00e1 no m\u00eas de janeiro desse ano, o adolescente apontado como suspeito pelo assassinato de N.H.P.A foi capturado em flagrante portando uma arma de fogo, por\u00e9m, foi ouvido e liberado. Por sua vez, a arma apreendida foi reconhecida, posteriormente, como sendo a mesma utilizada para ceifar a vida do menor de 15 anos.<\/p>\n<p>Um dia ap\u00f3s a conclus\u00e3o do Inqu\u00e9rito Policial e respectiva remessa ao Judici\u00e1rio, ocorrido em junho desse ano, o adolescente fez mais uma v\u00edtima, dessa vez Thiago da Silva Ferraz, de 30 anos, tamb\u00e9m v\u00edtima de disparos de arma de fogo. Na ocasi\u00e3o, Thiago foi atingido em via p\u00fablica, tentou correr e acabou desfalecendo em frente a uma igreja no bairro Santa Terezinha.<\/p>\n<p>Uma terceira v\u00edtima, um rapaz de 17 anos, surgiu no m\u00eas de setembro v\u00edtima de facadas. O adolescente, que foi atacado no bairro S\u00e3o Paulo, foi socorrido, sobreviveu e apontou o respons\u00e1vel pelo atentado, o qual seria o mesmo jovem investigado dos homic\u00eddios anteriores. O suspeito foi capturado no dia seguinte e confessou a autoria da tentativa de homic\u00eddio e tamb\u00e9m o ato que retirou a vida de Thiago da Silva Ferraz.<\/p>\n<p>Diante disso, foi conclu\u00eddo o Inqu\u00e9rito Policial referente ao assassinato da v\u00edtima Thiago, tendo o Judici\u00e1rio decretado a interna\u00e7\u00e3o provis\u00f3ria de 45 dias ao menor infrator, que poder\u00e1 ter sua interna\u00e7\u00e3o confirmada, tornando-se definitiva, para manter o suspeito internado at\u00e9 o prazo m\u00e1ximo de tr\u00eas anos.<\/p>\n<p><strong>VER PRIMEIRO<\/strong><\/p>\n<p>Receba as not\u00edcias do Aconteceu no Vale em primeira m\u00e3o. Clique em curtir no endere\u00e7o <a href=\"https:\/\/www.facebook.com\/aconteceunovale\" target=\"_blank\"><font color=\"red\">www.facebook.com\/aconteceunovale<\/font><\/a> ou no box abaixo:<\/p>\n<div class=\"fb-like\" data-href=\"https:\/\/www.facebook.com\/aconteceunovale\" data-width=\"120\" data-layout=\"standard\" data-action=\"like\" data-size=\"small\" data-show-faces=\"true\" data-share=\"true\"><\/div>\n<p><\/br><\/p>\n<p><em>(Fonte: PCMG)<\/em><\/p>\n","protected":false},"excerpt":{"rendered":"<p>A Pol\u00edcia Civil de Minas Gerais (PCMG), em Governador Valadares, finalizou as investiga\u00e7\u00f5es sobre o assassinato de Thiago da Silva Ferraz, de 30 anos, ocorrido na madrugada de 30 de junho deste ano, no bairro Santa Terezinha. Um adolescente de 17 anos \u00e9 o suspeito do crime. O menor tamb\u00e9m foi indiciado, no bojo das [&hellip;]<\/p>\n","protected":false},"author":1,"featured_media":71442,"comment_status":"open","ping_status":"closed","sticky":false,"template":"","format":"standard","meta":{"amp_status":"","footnotes":""},"categories":[121],"tags":[75618,247,21862,80227,604,161268,161269,44644,154996],"class_list":["post-122189","post","type-post","status-publish","format-standard","has-post-thumbnail","hentry","category-leste","tag-assassinato-governador-valadares","tag-governador-valadares","tag-homicidio-governador-valadares","tag-mortes-governador-valadares","tag-pcmg","tag-policia-civil-conclui-que-adolescente-e-autor-de-assassinatos-em-governador-valadares","tag-policia-civil-conclui-que-adolescente-e-suspeito-de-assassinatos-em-governador-valadares","tag-policia-civil-de-minas-gerais","tag-thiago-da-silva-ferraz"],"_links":{"self":[{"href":"https:\/\/aconteceunovale.com.br\/portal\/index.php?rest_route=\/wp\/v2\/posts\/122189","targetHints":{"allow":["GET"]}}],"collection":[{"href":"https:\/\/aconteceunovale.com.br\/portal\/index.php?rest_route=\/wp\/v2\/posts"}],"about":[{"href":"https:\/\/aconteceunovale.com.br\/portal\/index.php?rest_route=\/wp\/v2\/types\/post"}],"author":[{"embeddable":true,"href":"https:\/\/aconteceunovale.com.br\/portal\/index.php?rest_route=\/wp\/v2\/users\/1"}],"replies":[{"embeddable":true,"href":"https:\/\/aconteceunovale.com.br\/portal\/index.php?rest_route=%2Fwp%2Fv2%2Fcomments&post=122189"}],"version-history":[{"count":0,"href":"https:\/\/aconteceunovale.com.br\/portal\/index.php?rest_route=\/wp\/v2\/posts\/122189\/revisions"}],"wp:featuredmedia":[{"embeddable":true,"href":"https:\/\/aconteceunovale.com.br\/portal\/index.php?rest_route=\/wp\/v2\/media\/71442"}],"wp:attachment":[{"href":"https:\/\/aconteceunovale.com.br\/portal\/index.php?rest_route=%2Fwp%2Fv2%2Fmedia&parent=122189"}],"wp:term":[{"taxonomy":"category","embeddable":true,"href":"https:\/\/aconteceunovale.com.br\/portal\/index.php?rest_route=%2Fwp%2Fv2%2Fcategories&post=122189"},{"taxonomy":"post_tag","embeddable":true,"href":"https:\/\/aconteceunovale.com.br\/portal\/index.php?rest_route=%2Fwp%2Fv2%2Ftags&post=122189"}],"curies":[{"name":"wp","href":"https:\/\/api.w.org\/{rel}","templated":true}]}}